{"id":100467,"date":"2024-01-22T19:12:27","date_gmt":"2024-01-22T22:12:27","guid":{"rendered":"https:\/\/regiaonews.net.br\/2022\/?p=100467"},"modified":"2024-01-22T19:12:27","modified_gmt":"2024-01-22T22:12:27","slug":"north-shopping-barretos-realiza-arrecadacao-de-alimentos-em-prol-a-casa-assistencial-raio-de-luz","status":"publish","type":"post","link":"https:\/\/regiaonews.net.br\/2022\/2024\/01\/22\/north-shopping-barretos-realiza-arrecadacao-de-alimentos-em-prol-a-casa-assistencial-raio-de-luz\/","title":{"rendered":"North Shopping Barretos realiza arrecada\u00e7\u00e3o de alimentos em prol \u00e0 &#8216;Casa Assistencial Raio de Luz\u2019"},"content":{"rendered":"<p>O ponto de coleta ficar\u00e1 pr\u00f3ximo a esteira do Savegnago<\/p>\n<p>At\u00e9 o m\u00eas de mar\u00e7o o North Shopping Barretos disponibiliza a Caixa da Solidariedade para arrecada\u00e7\u00e3o de alimentos n\u00e3o perec\u00edveis que ser\u00e3o entregues \u00e0 institui\u00e7\u00e3o &#8216;Casa Assistencial Raio de Luz\u2019. O p\u00fablico do centro de compras poder\u00e1 deixar os alimentos e tamb\u00e9m itens de higiene no ponto de coleta, que ficar\u00e1 pr\u00f3xima a esteira do Savegnago.<\/p>\n<p>A entidade barretense &#8216;Raio de Luz&#8217; realiza atendimentos a cerca de 160 fam\u00edlias cadastradas, que est\u00e3o em situa\u00e7\u00e3o de vulnerabilidade social. Todos os s\u00e1bados do m\u00eas a institui\u00e7\u00e3o promove encontros com essas fam\u00edlias, nos quais uma psic\u00f3loga e uma assistente social desenvolvem o fortalecimento de v\u00ednculos entre os integrantes daquele n\u00facleo familiar, para que, desta maneira, encontrem melhores solu\u00e7\u00f5es para os problemas do dia a dia. Ap\u00f3s os encontros, cada fam\u00edlia recebe um kit com tr\u00eas a cinco quilos de alimentos n\u00e3o perec\u00edveis, mais verduras e legumes.<\/p>\n<p>Em conjunto com esse trabalho \u00e9 desenvolvido a evangeliza\u00e7\u00e3o infantil, com os filhos dos participantes. S\u00e3o aproximadamente cinquenta crian\u00e7as, de 3 a 12 anos, que al\u00e9m de receberem os ensinamentos b\u00edblicos, recebem lanches para complementa\u00e7\u00e3o alimentar.<\/p>\n","protected":false},"excerpt":{"rendered":"<p>O ponto de coleta ficar\u00e1 pr\u00f3ximo a esteira do Savegnago<\/p>\n","protected":false},"author":2,"featured_media":100468,"comment_status":"open","ping_status":"open","sticky":false,"template":"","format":"standard","meta":{"footnotes":""},"categories":[14,25],"tags":[],"class_list":["post-100467","post","type-post","status-publish","format-standard","has-post-thumbnail","hentry","category-barretos","category-cidades"],"yoast_head":"<!-- This site is optimized with the Yoast SEO plugin v27.4 - https:\/\/yoast.com\/product\/yoast-seo-wordpress\/ -->\n<title>North Shopping Barretos realiza arrecada\u00e7\u00e3o de alimentos em prol \u00e0 &#039;Casa Assistencial Raio de Luz\u2019 - Regi\u00e3o News<\/title>\n<meta name=\"robots\" content=\"index, follow, max-snippet:-1, max-image-preview:large, max-video-preview:-1\" \/>\n<link rel=\"canonical\" href=\"https:\/\/regiaonews.net.br\/2022\/2024\/01\/22\/north-shopping-barretos-realiza-arrecadacao-de-alimentos-em-prol-a-casa-assistencial-raio-de-luz\/\" \/>\n<meta property=\"og:locale\" content=\"pt_BR\" \/>\n<meta property=\"og:type\" content=\"article\" \/>\n<meta property=\"og:title\" content=\"North Shopping Barretos realiza arrecada\u00e7\u00e3o de alimentos em prol \u00e0 &#039;Casa Assistencial Raio de Luz\u2019 - Regi\u00e3o News\" \/>\n<meta property=\"og:description\" content=\"O ponto de coleta ficar\u00e1 pr\u00f3ximo a esteira do Savegnago\" \/>\n<meta property=\"og:url\" content=\"https:\/\/regiaonews.net.br\/2022\/2024\/01\/22\/north-shopping-barretos-realiza-arrecadacao-de-alimentos-em-prol-a-casa-assistencial-raio-de-luz\/\" \/>\n<meta property=\"og:site_name\" content=\"Regi\u00e3o News\" \/>\n<meta property=\"article:published_time\" content=\"2024-01-22T22:12:27+00:00\" \/>\n<meta property=\"og:image\" content=\"https:\/\/regiaonews.net.br\/2022\/wp-content\/uploads\/2024\/01\/WhatsApp-Image-2024-01-22-at-19.04.03.jpeg\" \/>\n\t<meta property=\"og:image:width\" content=\"1500\" \/>\n\t<meta property=\"og:image:height\" content=\"1500\" \/>\n\t<meta property=\"og:image:type\" content=\"image\/jpeg\" \/>\n<meta name=\"author\" content=\"Roberto\" \/>\n<meta name=\"twitter:card\" content=\"summary_large_image\" \/>\n<meta name=\"twitter:label1\" content=\"Escrito por\" \/>\n\t<meta name=\"twitter:data1\" content=\"Roberto\" \/>\n\t<meta name=\"twitter:label2\" content=\"Est. tempo de leitura\" \/>\n\t<meta name=\"twitter:data2\" content=\"2 minutos\" \/>\n<script type=\"application\/ld+json\" class=\"yoast-schema-graph\">{\"@context\":\"https:\\\/\\\/schema.org\",\"@graph\":[{\"@type\":\"Article\",\"@id\":\"https:\\\/\\\/regiaonews.net.br\\\/2022\\\/2024\\\/01\\\/22\\\/north-shopping-barretos-realiza-arrecadacao-de-alimentos-em-prol-a-casa-assistencial-raio-de-luz\\\/#article\",\"isPartOf\":{\"@id\":\"https:\\\/\\\/regiaonews.net.br\\\/2022\\\/2024\\\/01\\\/22\\\/north-shopping-barretos-realiza-arrecadacao-de-alimentos-em-prol-a-casa-assistencial-raio-de-luz\\\/\"},\"author\":{\"name\":\"Roberto\",\"@id\":\"https:\\\/\\\/regiaonews.net.br\\\/2022\\\/#\\\/schema\\\/person\\\/2d205a608a5aa97ac279d7a5e6d89ad8\"},\"headline\":\"North Shopping Barretos realiza arrecada\u00e7\u00e3o de alimentos em prol \u00e0 &#8216;Casa Assistencial Raio de Luz\u2019\",\"datePublished\":\"2024-01-22T22:12:27+00:00\",\"mainEntityOfPage\":{\"@id\":\"https:\\\/\\\/regiaonews.net.br\\\/2022\\\/2024\\\/01\\\/22\\\/north-shopping-barretos-realiza-arrecadacao-de-alimentos-em-prol-a-casa-assistencial-raio-de-luz\\\/\"},\"wordCount\":232,\"commentCount\":0,\"publisher\":{\"@id\":\"https:\\\/\\\/regiaonews.net.br\\\/2022\\\/#organization\"},\"image\":{\"@id\":\"https:\\\/\\\/regiaonews.net.br\\\/2022\\\/2024\\\/01\\\/22\\\/north-shopping-barretos-realiza-arrecadacao-de-alimentos-em-prol-a-casa-assistencial-raio-de-luz\\\/#primaryimage\"},\"thumbnailUrl\":\"https:\\\/\\\/regiaonews.net.br\\\/2022\\\/wp-content\\\/uploads\\\/2024\\\/01\\\/WhatsApp-Image-2024-01-22-at-19.04.03.jpeg\",\"articleSection\":[\"Barretos\",\"Cidades\"],\"inLanguage\":\"pt-BR\",\"potentialAction\":[{\"@type\":\"CommentAction\",\"name\":\"Comment\",\"target\":[\"https:\\\/\\\/regiaonews.net.br\\\/2022\\\/2024\\\/01\\\/22\\\/north-shopping-barretos-realiza-arrecadacao-de-alimentos-em-prol-a-casa-assistencial-raio-de-luz\\\/#respond\"]}]},{\"@type\":\"WebPage\",\"@id\":\"https:\\\/\\\/regiaonews.net.br\\\/2022\\\/2024\\\/01\\\/22\\\/north-shopping-barretos-realiza-arrecadacao-de-alimentos-em-prol-a-casa-assistencial-raio-de-luz\\\/\",\"url\":\"https:\\\/\\\/regiaonews.net.br\\\/2022\\\/2024\\\/01\\\/22\\\/north-shopping-barretos-realiza-arrecadacao-de-alimentos-em-prol-a-casa-assistencial-raio-de-luz\\\/\",\"name\":\"North Shopping Barretos realiza arrecada\u00e7\u00e3o de alimentos em prol \u00e0 'Casa Assistencial Raio de Luz\u2019 - Regi\u00e3o News\",\"isPartOf\":{\"@id\":\"https:\\\/\\\/regiaonews.net.br\\\/2022\\\/#website\"},\"primaryImageOfPage\":{\"@id\":\"https:\\\/\\\/regiaonews.net.br\\\/2022\\\/2024\\\/01\\\/22\\\/north-shopping-barretos-realiza-arrecadacao-de-alimentos-em-prol-a-casa-assistencial-raio-de-luz\\\/#primaryimage\"},\"image\":{\"@id\":\"https:\\\/\\\/regiaonews.net.br\\\/2022\\\/2024\\\/01\\\/22\\\/north-shopping-barretos-realiza-arrecadacao-de-alimentos-em-prol-a-casa-assistencial-raio-de-luz\\\/#primaryimage\"},\"thumbnailUrl\":\"https:\\\/\\\/regiaonews.net.br\\\/2022\\\/wp-content\\\/uploads\\\/2024\\\/01\\\/WhatsApp-Image-2024-01-22-at-19.04.03.jpeg\",\"datePublished\":\"2024-01-22T22:12:27+00:00\",\"breadcrumb\":{\"@id\":\"https:\\\/\\\/regiaonews.net.br\\\/2022\\\/2024\\\/01\\\/22\\\/north-shopping-barretos-realiza-arrecadacao-de-alimentos-em-prol-a-casa-assistencial-raio-de-luz\\\/#breadcrumb\"},\"inLanguage\":\"pt-BR\",\"potentialAction\":[{\"@type\":\"ReadAction\",\"target\":[\"https:\\\/\\\/regiaonews.net.br\\\/2022\\\/2024\\\/01\\\/22\\\/north-shopping-barretos-realiza-arrecadacao-de-alimentos-em-prol-a-casa-assistencial-raio-de-luz\\\/\"]}]},{\"@type\":\"ImageObject\",\"inLanguage\":\"pt-BR\",\"@id\":\"https:\\\/\\\/regiaonews.net.br\\\/2022\\\/2024\\\/01\\\/22\\\/north-shopping-barretos-realiza-arrecadacao-de-alimentos-em-prol-a-casa-assistencial-raio-de-luz\\\/#primaryimage\",\"url\":\"https:\\\/\\\/regiaonews.net.br\\\/2022\\\/wp-content\\\/uploads\\\/2024\\\/01\\\/WhatsApp-Image-2024-01-22-at-19.04.03.jpeg\",\"contentUrl\":\"https:\\\/\\\/regiaonews.net.br\\\/2022\\\/wp-content\\\/uploads\\\/2024\\\/01\\\/WhatsApp-Image-2024-01-22-at-19.04.03.jpeg\",\"width\":1500,\"height\":1500},{\"@type\":\"BreadcrumbList\",\"@id\":\"https:\\\/\\\/regiaonews.net.br\\\/2022\\\/2024\\\/01\\\/22\\\/north-shopping-barretos-realiza-arrecadacao-de-alimentos-em-prol-a-casa-assistencial-raio-de-luz\\\/#breadcrumb\",\"itemListElement\":[{\"@type\":\"ListItem\",\"position\":1,\"name\":\"In\u00edcio\",\"item\":\"https:\\\/\\\/regiaonews.net.br\\\/2022\\\/\"},{\"@type\":\"ListItem\",\"position\":2,\"name\":\"North Shopping Barretos realiza arrecada\u00e7\u00e3o de alimentos em prol \u00e0 &#8216;Casa Assistencial Raio de Luz\u2019\"}]},{\"@type\":\"WebSite\",\"@id\":\"https:\\\/\\\/regiaonews.net.br\\\/2022\\\/#website\",\"url\":\"https:\\\/\\\/regiaonews.net.br\\\/2022\\\/\",\"name\":\"Regi\u00e3o News\",\"description\":\"Site de Not\u00edcias de Barretos e regi\u00e3o\",\"publisher\":{\"@id\":\"https:\\\/\\\/regiaonews.net.br\\\/2022\\\/#organization\"},\"potentialAction\":[{\"@type\":\"SearchAction\",\"target\":{\"@type\":\"EntryPoint\",\"urlTemplate\":\"https:\\\/\\\/regiaonews.net.br\\\/2022\\\/?s={search_term_string}\"},\"query-input\":{\"@type\":\"PropertyValueSpecification\",\"valueRequired\":true,\"valueName\":\"search_term_string\"}}],\"inLanguage\":\"pt-BR\"},{\"@type\":\"Organization\",\"@id\":\"https:\\\/\\\/regiaonews.net.br\\\/2022\\\/#organization\",\"name\":\"Regi\u00e3o News\",\"url\":\"https:\\\/\\\/regiaonews.net.br\\\/2022\\\/\",\"logo\":{\"@type\":\"ImageObject\",\"inLanguage\":\"pt-BR\",\"@id\":\"https:\\\/\\\/regiaonews.net.br\\\/2022\\\/#\\\/schema\\\/logo\\\/image\\\/\",\"url\":\"https:\\\/\\\/regiaonews.net.br\\\/2022\\\/wp-content\\\/uploads\\\/2026\\\/03\\\/regiao-13-anos-scaled.jpg\",\"contentUrl\":\"https:\\\/\\\/regiaonews.net.br\\\/2022\\\/wp-content\\\/uploads\\\/2026\\\/03\\\/regiao-13-anos-scaled.jpg\",\"width\":2560,\"height\":635,\"caption\":\"Regi\u00e3o News\"},\"image\":{\"@id\":\"https:\\\/\\\/regiaonews.net.br\\\/2022\\\/#\\\/schema\\\/logo\\\/image\\\/\"}},{\"@type\":\"Person\",\"@id\":\"https:\\\/\\\/regiaonews.net.br\\\/2022\\\/#\\\/schema\\\/person\\\/2d205a608a5aa97ac279d7a5e6d89ad8\",\"name\":\"Roberto\",\"image\":{\"@type\":\"ImageObject\",\"inLanguage\":\"pt-BR\",\"@id\":\"https:\\\/\\\/secure.gravatar.com\\\/avatar\\\/42749d8b712ff9d59ca93dc150494e5b55a44134482993f5baeb97e61b7ecc89?s=96&d=mm&r=g\",\"url\":\"https:\\\/\\\/secure.gravatar.com\\\/avatar\\\/42749d8b712ff9d59ca93dc150494e5b55a44134482993f5baeb97e61b7ecc89?s=96&d=mm&r=g\",\"contentUrl\":\"https:\\\/\\\/secure.gravatar.com\\\/avatar\\\/42749d8b712ff9d59ca93dc150494e5b55a44134482993f5baeb97e61b7ecc89?s=96&d=mm&r=g\",\"caption\":\"Roberto\"},\"url\":\"https:\\\/\\\/regiaonews.net.br\\\/2022\\\/author\\\/roberto\\\/\"}]}<\/script>\n<!-- \/ Yoast SEO plugin. -->","yoast_head_json":{"title":"North Shopping Barretos realiza arrecada\u00e7\u00e3o de alimentos em prol \u00e0 'Casa Assistencial Raio de Luz\u2019 - Regi\u00e3o News","robots":{"index":"index","follow":"follow","max-snippet":"max-snippet:-1","max-image-preview":"max-image-preview:large","max-video-preview":"max-video-preview:-1"},"canonical":"https:\/\/regiaonews.net.br\/2022\/2024\/01\/22\/north-shopping-barretos-realiza-arrecadacao-de-alimentos-em-prol-a-casa-assistencial-raio-de-luz\/","og_locale":"pt_BR","og_type":"article","og_title":"North Shopping Barretos realiza arrecada\u00e7\u00e3o de alimentos em prol \u00e0 'Casa Assistencial Raio de Luz\u2019 - Regi\u00e3o News","og_description":"O ponto de coleta ficar\u00e1 pr\u00f3ximo a esteira do Savegnago","og_url":"https:\/\/regiaonews.net.br\/2022\/2024\/01\/22\/north-shopping-barretos-realiza-arrecadacao-de-alimentos-em-prol-a-casa-assistencial-raio-de-luz\/","og_site_name":"Regi\u00e3o News","article_published_time":"2024-01-22T22:12:27+00:00","og_image":[{"width":1500,"height":1500,"url":"https:\/\/regiaonews.net.br\/2022\/wp-content\/uploads\/2024\/01\/WhatsApp-Image-2024-01-22-at-19.04.03.jpeg","type":"image\/jpeg"}],"author":"Roberto","twitter_card":"summary_large_image","twitter_misc":{"Escrito por":"Roberto","Est. tempo de leitura":"2 minutos"},"schema":{"@context":"https:\/\/schema.org","@graph":[{"@type":"Article","@id":"https:\/\/regiaonews.net.br\/2022\/2024\/01\/22\/north-shopping-barretos-realiza-arrecadacao-de-alimentos-em-prol-a-casa-assistencial-raio-de-luz\/#article","isPartOf":{"@id":"https:\/\/regiaonews.net.br\/2022\/2024\/01\/22\/north-shopping-barretos-realiza-arrecadacao-de-alimentos-em-prol-a-casa-assistencial-raio-de-luz\/"},"author":{"name":"Roberto","@id":"https:\/\/regiaonews.net.br\/2022\/#\/schema\/person\/2d205a608a5aa97ac279d7a5e6d89ad8"},"headline":"North Shopping Barretos realiza arrecada\u00e7\u00e3o de alimentos em prol \u00e0 &#8216;Casa Assistencial Raio de Luz\u2019","datePublished":"2024-01-22T22:12:27+00:00","mainEntityOfPage":{"@id":"https:\/\/regiaonews.net.br\/2022\/2024\/01\/22\/north-shopping-barretos-realiza-arrecadacao-de-alimentos-em-prol-a-casa-assistencial-raio-de-luz\/"},"wordCount":232,"commentCount":0,"publisher":{"@id":"https:\/\/regiaonews.net.br\/2022\/#organization"},"image":{"@id":"https:\/\/regiaonews.net.br\/2022\/2024\/01\/22\/north-shopping-barretos-realiza-arrecadacao-de-alimentos-em-prol-a-casa-assistencial-raio-de-luz\/#primaryimage"},"thumbnailUrl":"https:\/\/regiaonews.net.br\/2022\/wp-content\/uploads\/2024\/01\/WhatsApp-Image-2024-01-22-at-19.04.03.jpeg","articleSection":["Barretos","Cidades"],"inLanguage":"pt-BR","potentialAction":[{"@type":"CommentAction","name":"Comment","target":["https:\/\/regiaonews.net.br\/2022\/2024\/01\/22\/north-shopping-barretos-realiza-arrecadacao-de-alimentos-em-prol-a-casa-assistencial-raio-de-luz\/#respond"]}]},{"@type":"WebPage","@id":"https:\/\/regiaonews.net.br\/2022\/2024\/01\/22\/north-shopping-barretos-realiza-arrecadacao-de-alimentos-em-prol-a-casa-assistencial-raio-de-luz\/","url":"https:\/\/regiaonews.net.br\/2022\/2024\/01\/22\/north-shopping-barretos-realiza-arrecadacao-de-alimentos-em-prol-a-casa-assistencial-raio-de-luz\/","name":"North Shopping Barretos realiza arrecada\u00e7\u00e3o de alimentos em prol \u00e0 'Casa Assistencial Raio de Luz\u2019 - Regi\u00e3o News","isPartOf":{"@id":"https:\/\/regiaonews.net.br\/2022\/#website"},"primaryImageOfPage":{"@id":"https:\/\/regiaonews.net.br\/2022\/2024\/01\/22\/north-shopping-barretos-realiza-arrecadacao-de-alimentos-em-prol-a-casa-assistencial-raio-de-luz\/#primaryimage"},"image":{"@id":"https:\/\/regiaonews.net.br\/2022\/2024\/01\/22\/north-shopping-barretos-realiza-arrecadacao-de-alimentos-em-prol-a-casa-assistencial-raio-de-luz\/#primaryimage"},"thumbnailUrl":"https:\/\/regiaonews.net.br\/2022\/wp-content\/uploads\/2024\/01\/WhatsApp-Image-2024-01-22-at-19.04.03.jpeg","datePublished":"2024-01-22T22:12:27+00:00","breadcrumb":{"@id":"https:\/\/regiaonews.net.br\/2022\/2024\/01\/22\/north-shopping-barretos-realiza-arrecadacao-de-alimentos-em-prol-a-casa-assistencial-raio-de-luz\/#breadcrumb"},"inLanguage":"pt-BR","potentialAction":[{"@type":"ReadAction","target":["https:\/\/regiaonews.net.br\/2022\/2024\/01\/22\/north-shopping-barretos-realiza-arrecadacao-de-alimentos-em-prol-a-casa-assistencial-raio-de-luz\/"]}]},{"@type":"ImageObject","inLanguage":"pt-BR","@id":"https:\/\/regiaonews.net.br\/2022\/2024\/01\/22\/north-shopping-barretos-realiza-arrecadacao-de-alimentos-em-prol-a-casa-assistencial-raio-de-luz\/#primaryimage","url":"https:\/\/regiaonews.net.br\/2022\/wp-content\/uploads\/2024\/01\/WhatsApp-Image-2024-01-22-at-19.04.03.jpeg","contentUrl":"https:\/\/regiaonews.net.br\/2022\/wp-content\/uploads\/2024\/01\/WhatsApp-Image-2024-01-22-at-19.04.03.jpeg","width":1500,"height":1500},{"@type":"BreadcrumbList","@id":"https:\/\/regiaonews.net.br\/2022\/2024\/01\/22\/north-shopping-barretos-realiza-arrecadacao-de-alimentos-em-prol-a-casa-assistencial-raio-de-luz\/#breadcrumb","itemListElement":[{"@type":"ListItem","position":1,"name":"In\u00edcio","item":"https:\/\/regiaonews.net.br\/2022\/"},{"@type":"ListItem","position":2,"name":"North Shopping Barretos realiza arrecada\u00e7\u00e3o de alimentos em prol \u00e0 &#8216;Casa Assistencial Raio de Luz\u2019"}]},{"@type":"WebSite","@id":"https:\/\/regiaonews.net.br\/2022\/#website","url":"https:\/\/regiaonews.net.br\/2022\/","name":"Regi\u00e3o News","description":"Site de Not\u00edcias de Barretos e regi\u00e3o","publisher":{"@id":"https:\/\/regiaonews.net.br\/2022\/#organization"},"potentialAction":[{"@type":"SearchAction","target":{"@type":"EntryPoint","urlTemplate":"https:\/\/regiaonews.net.br\/2022\/?s={search_term_string}"},"query-input":{"@type":"PropertyValueSpecification","valueRequired":true,"valueName":"search_term_string"}}],"inLanguage":"pt-BR"},{"@type":"Organization","@id":"https:\/\/regiaonews.net.br\/2022\/#organization","name":"Regi\u00e3o News","url":"https:\/\/regiaonews.net.br\/2022\/","logo":{"@type":"ImageObject","inLanguage":"pt-BR","@id":"https:\/\/regiaonews.net.br\/2022\/#\/schema\/logo\/image\/","url":"https:\/\/regiaonews.net.br\/2022\/wp-content\/uploads\/2026\/03\/regiao-13-anos-scaled.jpg","contentUrl":"https:\/\/regiaonews.net.br\/2022\/wp-content\/uploads\/2026\/03\/regiao-13-anos-scaled.jpg","width":2560,"height":635,"caption":"Regi\u00e3o News"},"image":{"@id":"https:\/\/regiaonews.net.br\/2022\/#\/schema\/logo\/image\/"}},{"@type":"Person","@id":"https:\/\/regiaonews.net.br\/2022\/#\/schema\/person\/2d205a608a5aa97ac279d7a5e6d89ad8","name":"Roberto","image":{"@type":"ImageObject","inLanguage":"pt-BR","@id":"https:\/\/secure.gravatar.com\/avatar\/42749d8b712ff9d59ca93dc150494e5b55a44134482993f5baeb97e61b7ecc89?s=96&d=mm&r=g","url":"https:\/\/secure.gravatar.com\/avatar\/42749d8b712ff9d59ca93dc150494e5b55a44134482993f5baeb97e61b7ecc89?s=96&d=mm&r=g","contentUrl":"https:\/\/secure.gravatar.com\/avatar\/42749d8b712ff9d59ca93dc150494e5b55a44134482993f5baeb97e61b7ecc89?s=96&d=mm&r=g","caption":"Roberto"},"url":"https:\/\/regiaonews.net.br\/2022\/author\/roberto\/"}]}},"publishpress_future_action":{"enabled":false,"date":"2026-05-04 02:58:59","action":"change-status","newStatus":"draft","terms":[],"taxonomy":"category","extraData":[]},"publishpress_future_workflow_manual_trigger":{"enabledWorkflows":[]},"_links":{"self":[{"href":"https:\/\/regiaonews.net.br\/2022\/wp-json\/wp\/v2\/posts\/100467","targetHints":{"allow":["GET"]}}],"collection":[{"href":"https:\/\/regiaonews.net.br\/2022\/wp-json\/wp\/v2\/posts"}],"about":[{"href":"https:\/\/regiaonews.net.br\/2022\/wp-json\/wp\/v2\/types\/post"}],"author":[{"embeddable":true,"href":"https:\/\/regiaonews.net.br\/2022\/wp-json\/wp\/v2\/users\/2"}],"replies":[{"embeddable":true,"href":"https:\/\/regiaonews.net.br\/2022\/wp-json\/wp\/v2\/comments?post=100467"}],"version-history":[{"count":1,"href":"https:\/\/regiaonews.net.br\/2022\/wp-json\/wp\/v2\/posts\/100467\/revisions"}],"predecessor-version":[{"id":100469,"href":"https:\/\/regiaonews.net.br\/2022\/wp-json\/wp\/v2\/posts\/100467\/revisions\/100469"}],"wp:featuredmedia":[{"embeddable":true,"href":"https:\/\/regiaonews.net.br\/2022\/wp-json\/wp\/v2\/media\/100468"}],"wp:attachment":[{"href":"https:\/\/regiaonews.net.br\/2022\/wp-json\/wp\/v2\/media?parent=100467"}],"wp:term":[{"taxonomy":"category","embeddable":true,"href":"https:\/\/regiaonews.net.br\/2022\/wp-json\/wp\/v2\/categories?post=100467"},{"taxonomy":"post_tag","embeddable":true,"href":"https:\/\/regiaonews.net.br\/2022\/wp-json\/wp\/v2\/tags?post=100467"}],"curies":[{"name":"wp","href":"https:\/\/api.w.org\/{rel}","templated":true}]}}