{"id":100441,"date":"2024-01-21T21:54:16","date_gmt":"2024-01-22T00:54:16","guid":{"rendered":"https:\/\/regiaonews.net.br\/2022\/?p=100441"},"modified":"2024-01-22T10:05:04","modified_gmt":"2024-01-22T13:05:04","slug":"primeiras-doses-da-vacina-do-sus-contra-dengue-chegam-ao-brasil","status":"publish","type":"post","link":"https:\/\/regiaonews.net.br\/2022\/2024\/01\/21\/primeiras-doses-da-vacina-do-sus-contra-dengue-chegam-ao-brasil\/","title":{"rendered":"Primeiras doses da vacina do SUS contra dengue chegam ao Brasil"},"content":{"rendered":"<header class=\"header-static navbar-sticky navbar-light\">\n<nav class=\"navbar\">\n<div class=\"container nav-item dropdown megamenu\">\n<div class=\"offset-1 navbar-brand flex-grow-1\">fonte &#8211; Ag\u00eancia Brasil<\/div>\n<div><\/div>\n<\/div>\n<\/nav>\n<\/header>\n<div class=\"region region-content\">\n<article class=\"container\">\n<div class=\"row\">\n<div class=\"col-xl-7 offset-xl-1 col-lg-8 offset-lg-0 col-md-10 offset-md-1 mb-3\">\n<div class=\"post-item alt-font\">\n<div class=\"post-item-wrap\">\n<p>A primeira remessa da vacina contra a dengue que ser\u00e1 oferecida pelo Sistema \u00danico de Sa\u00fade (SUS) chegou ao Brasil neste s\u00e1bado (20). O governo recebeu 720 mil doses do imunizante Qdenga, oferecidas sem cobran\u00e7a pelo laborat\u00f3rio japon\u00eas Takeda Pharma.<img decoding=\"async\" src=\"https:\/\/agenciabrasil.ebc.com.br\/ebc.png?id=1577222&amp;o=node\" \/><img decoding=\"async\" src=\"https:\/\/agenciabrasil.ebc.com.br\/ebc.gif?id=1577222&amp;o=node\" \/><\/p>\n<p>O Minist\u00e9rio da Sa\u00fade receber\u00e1 ainda cerca de 600 mil doses gratuitas da fabricante, totalizando 1,32 milh\u00e3o. Al\u00e9m disso, o governo comprou 5,2 milh\u00f5es de doses que ser\u00e3o gradualmente entregues at\u00e9 novembro.<\/p>\n<p>O total de 6,52 milh\u00f5es de doses representa a capacidade total dispon\u00edvel no laborat\u00f3rio para este ano. Diante da capacidade limitada de produ\u00e7\u00e3o da vacina, pouco mais de 3,2 milh\u00f5es de pessoas ser\u00e3o vacinadas neste ano, j\u00e1 que o esquema vacinal requer a aplica\u00e7\u00e3o de duas doses, com intervalo m\u00ednimo de 90 dias entre elas.<\/p>\n<p>Em 2024, o p\u00fablico-alvo ser\u00e3o crian\u00e7as e adolescentes de 10 a 14 anos. Essa faixa et\u00e1ria concentra o maior n\u00famero de hospitaliza\u00e7\u00f5es por dengue, depois de pessoas idosas, grupo para o qual a vacina n\u00e3o foi liberada pela Ag\u00eancia Nacional de Vigil\u00e2ncia Sanit\u00e1ria (Anvisa). A previs\u00e3o \u00e9 que as primeiras doses sejam aplicadas em fevereiro.<\/p>\n<p>Diante da limitada capacidade de produ\u00e7\u00e3o do laborat\u00f3rio, o Minist\u00e9rio da Sa\u00fade acordou, em conjunto com os conselhos das Secretarias de Sa\u00fade de estados e munic\u00edpios, os crit\u00e9rios para a distribui\u00e7\u00e3o das doses pelos munic\u00edpios. As vacinas ser\u00e3o destinadas a munic\u00edpios de grande porte com alta transmiss\u00e3o nos \u00faltimos dez anos e popula\u00e7\u00e3o residente igual ou maior qua 100 mil habitantes.<\/p>\n<p>Nos pr\u00f3ximos dias, o Minist\u00e9rio da Sa\u00fade detalhar\u00e1 a lista dos munic\u00edpios e a estrat\u00e9gia de vacina\u00e7\u00e3o. Segundo a pasta, as doses recebidas neste s\u00e1bado passar\u00e3o pelo processo de libera\u00e7\u00e3o da Alf\u00e2ndega e da Anvisa, em seguida sendo enviadas para o Instituto Nacional de Controle de Qualidade em Sa\u00fade. Como o Minist\u00e9rio da Sa\u00fade pediu prioridade nessas etapas, o desembara\u00e7o ser\u00e1 conclu\u00eddo ao longo da pr\u00f3xima semana, informou a pasta.<\/p>\n<h2>Pioneirismo<\/h2>\n<p>O Brasil \u00e9 o primeiro pa\u00eds a oferecer a vacina contra a dengue no sistema p\u00fablico universal. O Minist\u00e9rio da Sa\u00fade incorporou a vacina contra a dengue em dezembro de 2023. A inclus\u00e3o foi aprovada de forma c\u00e9lere pela Comiss\u00e3o Nacional de Incorpora\u00e7\u00f5es de Tecnologias no SUS (Conitec).<\/p>\n<p><a href=\"https:\/\/agenciabrasil.ebc.com.br\/saude\/noticia\/2023-03\/anvisa-aprova-uma-vacina-contra-dengue\" target=\"_blank\" rel=\"noopener\">Aprovada pela Anvisa em mar\u00e7o do ano passado<\/a>, a vacina japonesa est\u00e1 dispon\u00edvel em cl\u00ednicas privadas desde julho. O imunizante pode ser aplicado em pessoas de 4 a 60 anos de idade para prevenir a dengue, independentemente da exposi\u00e7\u00e3o anterior \u00e0 doen\u00e7a e sem necessidade de teste pr\u00e9-vacina\u00e7\u00e3o.<\/p>\n<\/div>\n<\/div>\n<\/div>\n<\/div>\n<\/article>\n<\/div>\n","protected":false},"excerpt":{"rendered":"<p>fonte &#8211; Ag\u00eancia Brasil A primeira remessa da vacina contra<\/p>\n","protected":false},"author":2,"featured_media":70453,"comment_status":"open","ping_status":"open","sticky":false,"template":"","format":"standard","meta":{"footnotes":""},"categories":[24,25],"tags":[],"class_list":["post-100441","post","type-post","status-publish","format-standard","has-post-thumbnail","hentry","category-brasil","category-cidades"],"yoast_head":"<!-- This site is optimized with the Yoast SEO plugin v27.4 - https:\/\/yoast.com\/product\/yoast-seo-wordpress\/ -->\n<title>Primeiras doses da vacina do SUS contra dengue chegam ao Brasil - Regi\u00e3o News<\/title>\n<meta name=\"robots\" content=\"index, follow, max-snippet:-1, max-image-preview:large, max-video-preview:-1\" \/>\n<link rel=\"canonical\" href=\"https:\/\/regiaonews.net.br\/2022\/2024\/01\/21\/primeiras-doses-da-vacina-do-sus-contra-dengue-chegam-ao-brasil\/\" \/>\n<meta property=\"og:locale\" content=\"pt_BR\" \/>\n<meta property=\"og:type\" content=\"article\" \/>\n<meta property=\"og:title\" content=\"Primeiras doses da vacina do SUS contra dengue chegam ao Brasil - Regi\u00e3o News\" \/>\n<meta property=\"og:description\" content=\"fonte &#8211; Ag\u00eancia Brasil A primeira remessa da vacina contra\" \/>\n<meta property=\"og:url\" content=\"https:\/\/regiaonews.net.br\/2022\/2024\/01\/21\/primeiras-doses-da-vacina-do-sus-contra-dengue-chegam-ao-brasil\/\" \/>\n<meta property=\"og:site_name\" content=\"Regi\u00e3o News\" \/>\n<meta property=\"article:published_time\" content=\"2024-01-22T00:54:16+00:00\" \/>\n<meta property=\"article:modified_time\" content=\"2024-01-22T13:05:04+00:00\" \/>\n<meta property=\"og:image\" content=\"https:\/\/regiaonews.net.br\/2022\/wp-content\/uploads\/2022\/04\/vacina.jpeg\" \/>\n\t<meta property=\"og:image:width\" content=\"1280\" \/>\n\t<meta property=\"og:image:height\" content=\"853\" \/>\n\t<meta property=\"og:image:type\" content=\"image\/jpeg\" \/>\n<meta name=\"author\" content=\"Roberto\" \/>\n<meta name=\"twitter:card\" content=\"summary_large_image\" \/>\n<meta name=\"twitter:label1\" content=\"Escrito por\" \/>\n\t<meta name=\"twitter:data1\" content=\"Roberto\" \/>\n\t<meta name=\"twitter:label2\" content=\"Est. tempo de leitura\" \/>\n\t<meta name=\"twitter:data2\" content=\"3 minutos\" \/>\n<script type=\"application\/ld+json\" class=\"yoast-schema-graph\">{\"@context\":\"https:\\\/\\\/schema.org\",\"@graph\":[{\"@type\":\"Article\",\"@id\":\"https:\\\/\\\/regiaonews.net.br\\\/2022\\\/2024\\\/01\\\/21\\\/primeiras-doses-da-vacina-do-sus-contra-dengue-chegam-ao-brasil\\\/#article\",\"isPartOf\":{\"@id\":\"https:\\\/\\\/regiaonews.net.br\\\/2022\\\/2024\\\/01\\\/21\\\/primeiras-doses-da-vacina-do-sus-contra-dengue-chegam-ao-brasil\\\/\"},\"author\":{\"name\":\"Roberto\",\"@id\":\"https:\\\/\\\/regiaonews.net.br\\\/2022\\\/#\\\/schema\\\/person\\\/2d205a608a5aa97ac279d7a5e6d89ad8\"},\"headline\":\"Primeiras doses da vacina do SUS contra dengue chegam ao Brasil\",\"datePublished\":\"2024-01-22T00:54:16+00:00\",\"dateModified\":\"2024-01-22T13:05:04+00:00\",\"mainEntityOfPage\":{\"@id\":\"https:\\\/\\\/regiaonews.net.br\\\/2022\\\/2024\\\/01\\\/21\\\/primeiras-doses-da-vacina-do-sus-contra-dengue-chegam-ao-brasil\\\/\"},\"wordCount\":482,\"commentCount\":0,\"publisher\":{\"@id\":\"https:\\\/\\\/regiaonews.net.br\\\/2022\\\/#organization\"},\"image\":{\"@id\":\"https:\\\/\\\/regiaonews.net.br\\\/2022\\\/2024\\\/01\\\/21\\\/primeiras-doses-da-vacina-do-sus-contra-dengue-chegam-ao-brasil\\\/#primaryimage\"},\"thumbnailUrl\":\"https:\\\/\\\/regiaonews.net.br\\\/2022\\\/wp-content\\\/uploads\\\/2022\\\/04\\\/vacina.jpeg\",\"articleSection\":[\"Brasil\",\"Cidades\"],\"inLanguage\":\"pt-BR\",\"potentialAction\":[{\"@type\":\"CommentAction\",\"name\":\"Comment\",\"target\":[\"https:\\\/\\\/regiaonews.net.br\\\/2022\\\/2024\\\/01\\\/21\\\/primeiras-doses-da-vacina-do-sus-contra-dengue-chegam-ao-brasil\\\/#respond\"]}]},{\"@type\":\"WebPage\",\"@id\":\"https:\\\/\\\/regiaonews.net.br\\\/2022\\\/2024\\\/01\\\/21\\\/primeiras-doses-da-vacina-do-sus-contra-dengue-chegam-ao-brasil\\\/\",\"url\":\"https:\\\/\\\/regiaonews.net.br\\\/2022\\\/2024\\\/01\\\/21\\\/primeiras-doses-da-vacina-do-sus-contra-dengue-chegam-ao-brasil\\\/\",\"name\":\"Primeiras doses da vacina do SUS contra dengue chegam ao Brasil - Regi\u00e3o News\",\"isPartOf\":{\"@id\":\"https:\\\/\\\/regiaonews.net.br\\\/2022\\\/#website\"},\"primaryImageOfPage\":{\"@id\":\"https:\\\/\\\/regiaonews.net.br\\\/2022\\\/2024\\\/01\\\/21\\\/primeiras-doses-da-vacina-do-sus-contra-dengue-chegam-ao-brasil\\\/#primaryimage\"},\"image\":{\"@id\":\"https:\\\/\\\/regiaonews.net.br\\\/2022\\\/2024\\\/01\\\/21\\\/primeiras-doses-da-vacina-do-sus-contra-dengue-chegam-ao-brasil\\\/#primaryimage\"},\"thumbnailUrl\":\"https:\\\/\\\/regiaonews.net.br\\\/2022\\\/wp-content\\\/uploads\\\/2022\\\/04\\\/vacina.jpeg\",\"datePublished\":\"2024-01-22T00:54:16+00:00\",\"dateModified\":\"2024-01-22T13:05:04+00:00\",\"breadcrumb\":{\"@id\":\"https:\\\/\\\/regiaonews.net.br\\\/2022\\\/2024\\\/01\\\/21\\\/primeiras-doses-da-vacina-do-sus-contra-dengue-chegam-ao-brasil\\\/#breadcrumb\"},\"inLanguage\":\"pt-BR\",\"potentialAction\":[{\"@type\":\"ReadAction\",\"target\":[\"https:\\\/\\\/regiaonews.net.br\\\/2022\\\/2024\\\/01\\\/21\\\/primeiras-doses-da-vacina-do-sus-contra-dengue-chegam-ao-brasil\\\/\"]}]},{\"@type\":\"ImageObject\",\"inLanguage\":\"pt-BR\",\"@id\":\"https:\\\/\\\/regiaonews.net.br\\\/2022\\\/2024\\\/01\\\/21\\\/primeiras-doses-da-vacina-do-sus-contra-dengue-chegam-ao-brasil\\\/#primaryimage\",\"url\":\"https:\\\/\\\/regiaonews.net.br\\\/2022\\\/wp-content\\\/uploads\\\/2022\\\/04\\\/vacina.jpeg\",\"contentUrl\":\"https:\\\/\\\/regiaonews.net.br\\\/2022\\\/wp-content\\\/uploads\\\/2022\\\/04\\\/vacina.jpeg\",\"width\":1280,\"height\":853},{\"@type\":\"BreadcrumbList\",\"@id\":\"https:\\\/\\\/regiaonews.net.br\\\/2022\\\/2024\\\/01\\\/21\\\/primeiras-doses-da-vacina-do-sus-contra-dengue-chegam-ao-brasil\\\/#breadcrumb\",\"itemListElement\":[{\"@type\":\"ListItem\",\"position\":1,\"name\":\"In\u00edcio\",\"item\":\"https:\\\/\\\/regiaonews.net.br\\\/2022\\\/\"},{\"@type\":\"ListItem\",\"position\":2,\"name\":\"Primeiras doses da vacina do SUS contra dengue chegam ao Brasil\"}]},{\"@type\":\"WebSite\",\"@id\":\"https:\\\/\\\/regiaonews.net.br\\\/2022\\\/#website\",\"url\":\"https:\\\/\\\/regiaonews.net.br\\\/2022\\\/\",\"name\":\"Regi\u00e3o News\",\"description\":\"Site de Not\u00edcias de Barretos e regi\u00e3o\",\"publisher\":{\"@id\":\"https:\\\/\\\/regiaonews.net.br\\\/2022\\\/#organization\"},\"potentialAction\":[{\"@type\":\"SearchAction\",\"target\":{\"@type\":\"EntryPoint\",\"urlTemplate\":\"https:\\\/\\\/regiaonews.net.br\\\/2022\\\/?s={search_term_string}\"},\"query-input\":{\"@type\":\"PropertyValueSpecification\",\"valueRequired\":true,\"valueName\":\"search_term_string\"}}],\"inLanguage\":\"pt-BR\"},{\"@type\":\"Organization\",\"@id\":\"https:\\\/\\\/regiaonews.net.br\\\/2022\\\/#organization\",\"name\":\"Regi\u00e3o News\",\"url\":\"https:\\\/\\\/regiaonews.net.br\\\/2022\\\/\",\"logo\":{\"@type\":\"ImageObject\",\"inLanguage\":\"pt-BR\",\"@id\":\"https:\\\/\\\/regiaonews.net.br\\\/2022\\\/#\\\/schema\\\/logo\\\/image\\\/\",\"url\":\"https:\\\/\\\/regiaonews.net.br\\\/2022\\\/wp-content\\\/uploads\\\/2026\\\/03\\\/regiao-13-anos-scaled.jpg\",\"contentUrl\":\"https:\\\/\\\/regiaonews.net.br\\\/2022\\\/wp-content\\\/uploads\\\/2026\\\/03\\\/regiao-13-anos-scaled.jpg\",\"width\":2560,\"height\":635,\"caption\":\"Regi\u00e3o News\"},\"image\":{\"@id\":\"https:\\\/\\\/regiaonews.net.br\\\/2022\\\/#\\\/schema\\\/logo\\\/image\\\/\"}},{\"@type\":\"Person\",\"@id\":\"https:\\\/\\\/regiaonews.net.br\\\/2022\\\/#\\\/schema\\\/person\\\/2d205a608a5aa97ac279d7a5e6d89ad8\",\"name\":\"Roberto\",\"image\":{\"@type\":\"ImageObject\",\"inLanguage\":\"pt-BR\",\"@id\":\"https:\\\/\\\/secure.gravatar.com\\\/avatar\\\/42749d8b712ff9d59ca93dc150494e5b55a44134482993f5baeb97e61b7ecc89?s=96&d=mm&r=g\",\"url\":\"https:\\\/\\\/secure.gravatar.com\\\/avatar\\\/42749d8b712ff9d59ca93dc150494e5b55a44134482993f5baeb97e61b7ecc89?s=96&d=mm&r=g\",\"contentUrl\":\"https:\\\/\\\/secure.gravatar.com\\\/avatar\\\/42749d8b712ff9d59ca93dc150494e5b55a44134482993f5baeb97e61b7ecc89?s=96&d=mm&r=g\",\"caption\":\"Roberto\"},\"url\":\"https:\\\/\\\/regiaonews.net.br\\\/2022\\\/author\\\/roberto\\\/\"}]}<\/script>\n<!-- \/ Yoast SEO plugin. -->","yoast_head_json":{"title":"Primeiras doses da vacina do SUS contra dengue chegam ao Brasil - Regi\u00e3o News","robots":{"index":"index","follow":"follow","max-snippet":"max-snippet:-1","max-image-preview":"max-image-preview:large","max-video-preview":"max-video-preview:-1"},"canonical":"https:\/\/regiaonews.net.br\/2022\/2024\/01\/21\/primeiras-doses-da-vacina-do-sus-contra-dengue-chegam-ao-brasil\/","og_locale":"pt_BR","og_type":"article","og_title":"Primeiras doses da vacina do SUS contra dengue chegam ao Brasil - Regi\u00e3o News","og_description":"fonte &#8211; Ag\u00eancia Brasil A primeira remessa da vacina contra","og_url":"https:\/\/regiaonews.net.br\/2022\/2024\/01\/21\/primeiras-doses-da-vacina-do-sus-contra-dengue-chegam-ao-brasil\/","og_site_name":"Regi\u00e3o News","article_published_time":"2024-01-22T00:54:16+00:00","article_modified_time":"2024-01-22T13:05:04+00:00","og_image":[{"width":1280,"height":853,"url":"https:\/\/regiaonews.net.br\/2022\/wp-content\/uploads\/2022\/04\/vacina.jpeg","type":"image\/jpeg"}],"author":"Roberto","twitter_card":"summary_large_image","twitter_misc":{"Escrito por":"Roberto","Est. tempo de leitura":"3 minutos"},"schema":{"@context":"https:\/\/schema.org","@graph":[{"@type":"Article","@id":"https:\/\/regiaonews.net.br\/2022\/2024\/01\/21\/primeiras-doses-da-vacina-do-sus-contra-dengue-chegam-ao-brasil\/#article","isPartOf":{"@id":"https:\/\/regiaonews.net.br\/2022\/2024\/01\/21\/primeiras-doses-da-vacina-do-sus-contra-dengue-chegam-ao-brasil\/"},"author":{"name":"Roberto","@id":"https:\/\/regiaonews.net.br\/2022\/#\/schema\/person\/2d205a608a5aa97ac279d7a5e6d89ad8"},"headline":"Primeiras doses da vacina do SUS contra dengue chegam ao Brasil","datePublished":"2024-01-22T00:54:16+00:00","dateModified":"2024-01-22T13:05:04+00:00","mainEntityOfPage":{"@id":"https:\/\/regiaonews.net.br\/2022\/2024\/01\/21\/primeiras-doses-da-vacina-do-sus-contra-dengue-chegam-ao-brasil\/"},"wordCount":482,"commentCount":0,"publisher":{"@id":"https:\/\/regiaonews.net.br\/2022\/#organization"},"image":{"@id":"https:\/\/regiaonews.net.br\/2022\/2024\/01\/21\/primeiras-doses-da-vacina-do-sus-contra-dengue-chegam-ao-brasil\/#primaryimage"},"thumbnailUrl":"https:\/\/regiaonews.net.br\/2022\/wp-content\/uploads\/2022\/04\/vacina.jpeg","articleSection":["Brasil","Cidades"],"inLanguage":"pt-BR","potentialAction":[{"@type":"CommentAction","name":"Comment","target":["https:\/\/regiaonews.net.br\/2022\/2024\/01\/21\/primeiras-doses-da-vacina-do-sus-contra-dengue-chegam-ao-brasil\/#respond"]}]},{"@type":"WebPage","@id":"https:\/\/regiaonews.net.br\/2022\/2024\/01\/21\/primeiras-doses-da-vacina-do-sus-contra-dengue-chegam-ao-brasil\/","url":"https:\/\/regiaonews.net.br\/2022\/2024\/01\/21\/primeiras-doses-da-vacina-do-sus-contra-dengue-chegam-ao-brasil\/","name":"Primeiras doses da vacina do SUS contra dengue chegam ao Brasil - Regi\u00e3o News","isPartOf":{"@id":"https:\/\/regiaonews.net.br\/2022\/#website"},"primaryImageOfPage":{"@id":"https:\/\/regiaonews.net.br\/2022\/2024\/01\/21\/primeiras-doses-da-vacina-do-sus-contra-dengue-chegam-ao-brasil\/#primaryimage"},"image":{"@id":"https:\/\/regiaonews.net.br\/2022\/2024\/01\/21\/primeiras-doses-da-vacina-do-sus-contra-dengue-chegam-ao-brasil\/#primaryimage"},"thumbnailUrl":"https:\/\/regiaonews.net.br\/2022\/wp-content\/uploads\/2022\/04\/vacina.jpeg","datePublished":"2024-01-22T00:54:16+00:00","dateModified":"2024-01-22T13:05:04+00:00","breadcrumb":{"@id":"https:\/\/regiaonews.net.br\/2022\/2024\/01\/21\/primeiras-doses-da-vacina-do-sus-contra-dengue-chegam-ao-brasil\/#breadcrumb"},"inLanguage":"pt-BR","potentialAction":[{"@type":"ReadAction","target":["https:\/\/regiaonews.net.br\/2022\/2024\/01\/21\/primeiras-doses-da-vacina-do-sus-contra-dengue-chegam-ao-brasil\/"]}]},{"@type":"ImageObject","inLanguage":"pt-BR","@id":"https:\/\/regiaonews.net.br\/2022\/2024\/01\/21\/primeiras-doses-da-vacina-do-sus-contra-dengue-chegam-ao-brasil\/#primaryimage","url":"https:\/\/regiaonews.net.br\/2022\/wp-content\/uploads\/2022\/04\/vacina.jpeg","contentUrl":"https:\/\/regiaonews.net.br\/2022\/wp-content\/uploads\/2022\/04\/vacina.jpeg","width":1280,"height":853},{"@type":"BreadcrumbList","@id":"https:\/\/regiaonews.net.br\/2022\/2024\/01\/21\/primeiras-doses-da-vacina-do-sus-contra-dengue-chegam-ao-brasil\/#breadcrumb","itemListElement":[{"@type":"ListItem","position":1,"name":"In\u00edcio","item":"https:\/\/regiaonews.net.br\/2022\/"},{"@type":"ListItem","position":2,"name":"Primeiras doses da vacina do SUS contra dengue chegam ao Brasil"}]},{"@type":"WebSite","@id":"https:\/\/regiaonews.net.br\/2022\/#website","url":"https:\/\/regiaonews.net.br\/2022\/","name":"Regi\u00e3o News","description":"Site de Not\u00edcias de Barretos e regi\u00e3o","publisher":{"@id":"https:\/\/regiaonews.net.br\/2022\/#organization"},"potentialAction":[{"@type":"SearchAction","target":{"@type":"EntryPoint","urlTemplate":"https:\/\/regiaonews.net.br\/2022\/?s={search_term_string}"},"query-input":{"@type":"PropertyValueSpecification","valueRequired":true,"valueName":"search_term_string"}}],"inLanguage":"pt-BR"},{"@type":"Organization","@id":"https:\/\/regiaonews.net.br\/2022\/#organization","name":"Regi\u00e3o News","url":"https:\/\/regiaonews.net.br\/2022\/","logo":{"@type":"ImageObject","inLanguage":"pt-BR","@id":"https:\/\/regiaonews.net.br\/2022\/#\/schema\/logo\/image\/","url":"https:\/\/regiaonews.net.br\/2022\/wp-content\/uploads\/2026\/03\/regiao-13-anos-scaled.jpg","contentUrl":"https:\/\/regiaonews.net.br\/2022\/wp-content\/uploads\/2026\/03\/regiao-13-anos-scaled.jpg","width":2560,"height":635,"caption":"Regi\u00e3o News"},"image":{"@id":"https:\/\/regiaonews.net.br\/2022\/#\/schema\/logo\/image\/"}},{"@type":"Person","@id":"https:\/\/regiaonews.net.br\/2022\/#\/schema\/person\/2d205a608a5aa97ac279d7a5e6d89ad8","name":"Roberto","image":{"@type":"ImageObject","inLanguage":"pt-BR","@id":"https:\/\/secure.gravatar.com\/avatar\/42749d8b712ff9d59ca93dc150494e5b55a44134482993f5baeb97e61b7ecc89?s=96&d=mm&r=g","url":"https:\/\/secure.gravatar.com\/avatar\/42749d8b712ff9d59ca93dc150494e5b55a44134482993f5baeb97e61b7ecc89?s=96&d=mm&r=g","contentUrl":"https:\/\/secure.gravatar.com\/avatar\/42749d8b712ff9d59ca93dc150494e5b55a44134482993f5baeb97e61b7ecc89?s=96&d=mm&r=g","caption":"Roberto"},"url":"https:\/\/regiaonews.net.br\/2022\/author\/roberto\/"}]}},"publishpress_future_action":{"enabled":false,"date":"2026-05-04 06:04:18","action":"change-status","newStatus":"draft","terms":[],"taxonomy":"category","extraData":[]},"publishpress_future_workflow_manual_trigger":{"enabledWorkflows":[]},"_links":{"self":[{"href":"https:\/\/regiaonews.net.br\/2022\/wp-json\/wp\/v2\/posts\/100441","targetHints":{"allow":["GET"]}}],"collection":[{"href":"https:\/\/regiaonews.net.br\/2022\/wp-json\/wp\/v2\/posts"}],"about":[{"href":"https:\/\/regiaonews.net.br\/2022\/wp-json\/wp\/v2\/types\/post"}],"author":[{"embeddable":true,"href":"https:\/\/regiaonews.net.br\/2022\/wp-json\/wp\/v2\/users\/2"}],"replies":[{"embeddable":true,"href":"https:\/\/regiaonews.net.br\/2022\/wp-json\/wp\/v2\/comments?post=100441"}],"version-history":[{"count":1,"href":"https:\/\/regiaonews.net.br\/2022\/wp-json\/wp\/v2\/posts\/100441\/revisions"}],"predecessor-version":[{"id":100442,"href":"https:\/\/regiaonews.net.br\/2022\/wp-json\/wp\/v2\/posts\/100441\/revisions\/100442"}],"wp:featuredmedia":[{"embeddable":true,"href":"https:\/\/regiaonews.net.br\/2022\/wp-json\/wp\/v2\/media\/70453"}],"wp:attachment":[{"href":"https:\/\/regiaonews.net.br\/2022\/wp-json\/wp\/v2\/media?parent=100441"}],"wp:term":[{"taxonomy":"category","embeddable":true,"href":"https:\/\/regiaonews.net.br\/2022\/wp-json\/wp\/v2\/categories?post=100441"},{"taxonomy":"post_tag","embeddable":true,"href":"https:\/\/regiaonews.net.br\/2022\/wp-json\/wp\/v2\/tags?post=100441"}],"curies":[{"name":"wp","href":"https:\/\/api.w.org\/{rel}","templated":true}]}}