{"id":100422,"date":"2024-01-21T19:25:16","date_gmt":"2024-01-21T22:25:16","guid":{"rendered":"https:\/\/regiaonews.net.br\/2022\/?p=100422"},"modified":"2024-01-22T10:06:15","modified_gmt":"2024-01-22T13:06:15","slug":"frei-gilson-participa-de-tarde-de-louvor-e-missa-no-cerco-de-jerico","status":"publish","type":"post","link":"https:\/\/regiaonews.net.br\/2022\/2024\/01\/21\/frei-gilson-participa-de-tarde-de-louvor-e-missa-no-cerco-de-jerico\/","title":{"rendered":"Frei Gilson participa de tarde de louvor e missa no Cerco de Jeric\u00f3"},"content":{"rendered":"<p>Com o Centro de Eventos lotado de fi\u00e9is cat\u00f3licos, foi encerrado neste domingo (21), o Cerco de Jeric\u00f3, promovido pela Minibas\u00edlica de Nossa Senhora Aparecida. O \u00faltimo dia do evento atraiu um grande n\u00famero de cat\u00f3licos que foram acompanhar a tarde de louvor e a missa celebrada pelo Frei Gilson, que passou um mensagem de f\u00e9, abordando v\u00e1rios temas da vida atual das fam\u00edlias e pessoas. <a href=\"https:\/\/regiaonews.net.br\/2022\/wp-content\/uploads\/2024\/01\/Screenshot_20240121-171845_Facebook.jpg\"><img loading=\"lazy\" decoding=\"async\" class=\"alignnone size-medium wp-image-100424\" src=\"https:\/\/regiaonews.net.br\/2022\/wp-content\/uploads\/2024\/01\/Screenshot_20240121-171845_Facebook-300x167.jpg\" alt=\"\" width=\"300\" height=\"167\" srcset=\"https:\/\/regiaonews.net.br\/2022\/wp-content\/uploads\/2024\/01\/Screenshot_20240121-171845_Facebook-300x167.jpg 300w, https:\/\/regiaonews.net.br\/2022\/wp-content\/uploads\/2024\/01\/Screenshot_20240121-171845_Facebook-1024x571.jpg 1024w, https:\/\/regiaonews.net.br\/2022\/wp-content\/uploads\/2024\/01\/Screenshot_20240121-171845_Facebook-768x428.jpg 768w, https:\/\/regiaonews.net.br\/2022\/wp-content\/uploads\/2024\/01\/Screenshot_20240121-171845_Facebook-250x139.jpg 250w, https:\/\/regiaonews.net.br\/2022\/wp-content\/uploads\/2024\/01\/Screenshot_20240121-171845_Facebook.jpg 1080w\" sizes=\"auto, (max-width: 300px) 100vw, 300px\" \/><\/a> <a href=\"https:\/\/regiaonews.net.br\/2022\/wp-content\/uploads\/2024\/01\/Screenshot_20240121-171849_Facebook.jpg\"><img loading=\"lazy\" decoding=\"async\" class=\"alignnone size-medium wp-image-100425\" src=\"https:\/\/regiaonews.net.br\/2022\/wp-content\/uploads\/2024\/01\/Screenshot_20240121-171849_Facebook-300x173.jpg\" alt=\"\" width=\"300\" height=\"173\" srcset=\"https:\/\/regiaonews.net.br\/2022\/wp-content\/uploads\/2024\/01\/Screenshot_20240121-171849_Facebook-300x173.jpg 300w, https:\/\/regiaonews.net.br\/2022\/wp-content\/uploads\/2024\/01\/Screenshot_20240121-171849_Facebook-1024x592.jpg 1024w, https:\/\/regiaonews.net.br\/2022\/wp-content\/uploads\/2024\/01\/Screenshot_20240121-171849_Facebook-768x444.jpg 768w, https:\/\/regiaonews.net.br\/2022\/wp-content\/uploads\/2024\/01\/Screenshot_20240121-171849_Facebook-250x144.jpg 250w, https:\/\/regiaonews.net.br\/2022\/wp-content\/uploads\/2024\/01\/Screenshot_20240121-171849_Facebook.jpg 1080w\" sizes=\"auto, (max-width: 300px) 100vw, 300px\" \/><\/a> <a href=\"https:\/\/regiaonews.net.br\/2022\/wp-content\/uploads\/2024\/01\/Screenshot_20240121-172038_Facebook.jpg\"><img loading=\"lazy\" decoding=\"async\" class=\"alignnone size-medium wp-image-100426\" src=\"https:\/\/regiaonews.net.br\/2022\/wp-content\/uploads\/2024\/01\/Screenshot_20240121-172038_Facebook-300x174.jpg\" alt=\"\" width=\"300\" height=\"174\" srcset=\"https:\/\/regiaonews.net.br\/2022\/wp-content\/uploads\/2024\/01\/Screenshot_20240121-172038_Facebook-300x174.jpg 300w, https:\/\/regiaonews.net.br\/2022\/wp-content\/uploads\/2024\/01\/Screenshot_20240121-172038_Facebook-1024x595.jpg 1024w, https:\/\/regiaonews.net.br\/2022\/wp-content\/uploads\/2024\/01\/Screenshot_20240121-172038_Facebook-768x447.jpg 768w, https:\/\/regiaonews.net.br\/2022\/wp-content\/uploads\/2024\/01\/Screenshot_20240121-172038_Facebook-250x145.jpg 250w, https:\/\/regiaonews.net.br\/2022\/wp-content\/uploads\/2024\/01\/Screenshot_20240121-172038_Facebook.jpg 1068w\" sizes=\"auto, (max-width: 300px) 100vw, 300px\" \/><\/a> <a href=\"https:\/\/regiaonews.net.br\/2022\/wp-content\/uploads\/2024\/01\/Screenshot_20240121-160847_Facebook.jpg\"><img loading=\"lazy\" decoding=\"async\" class=\"alignnone size-medium wp-image-100427\" src=\"https:\/\/regiaonews.net.br\/2022\/wp-content\/uploads\/2024\/01\/Screenshot_20240121-160847_Facebook-300x172.jpg\" alt=\"\" width=\"300\" height=\"172\" srcset=\"https:\/\/regiaonews.net.br\/2022\/wp-content\/uploads\/2024\/01\/Screenshot_20240121-160847_Facebook-300x172.jpg 300w, https:\/\/regiaonews.net.br\/2022\/wp-content\/uploads\/2024\/01\/Screenshot_20240121-160847_Facebook-1024x586.jpg 1024w, https:\/\/regiaonews.net.br\/2022\/wp-content\/uploads\/2024\/01\/Screenshot_20240121-160847_Facebook-768x440.jpg 768w, https:\/\/regiaonews.net.br\/2022\/wp-content\/uploads\/2024\/01\/Screenshot_20240121-160847_Facebook-250x143.jpg 250w, https:\/\/regiaonews.net.br\/2022\/wp-content\/uploads\/2024\/01\/Screenshot_20240121-160847_Facebook.jpg 1076w\" sizes=\"auto, (max-width: 300px) 100vw, 300px\" \/><\/a> <a href=\"https:\/\/regiaonews.net.br\/2022\/wp-content\/uploads\/2024\/01\/Screenshot_20240121-160755_Facebook.jpg\"><img loading=\"lazy\" decoding=\"async\" class=\"alignnone size-medium wp-image-100428\" src=\"https:\/\/regiaonews.net.br\/2022\/wp-content\/uploads\/2024\/01\/Screenshot_20240121-160755_Facebook-300x172.jpg\" alt=\"\" width=\"300\" height=\"172\" srcset=\"https:\/\/regiaonews.net.br\/2022\/wp-content\/uploads\/2024\/01\/Screenshot_20240121-160755_Facebook-300x172.jpg 300w, https:\/\/regiaonews.net.br\/2022\/wp-content\/uploads\/2024\/01\/Screenshot_20240121-160755_Facebook-1024x586.jpg 1024w, https:\/\/regiaonews.net.br\/2022\/wp-content\/uploads\/2024\/01\/Screenshot_20240121-160755_Facebook-768x440.jpg 768w, https:\/\/regiaonews.net.br\/2022\/wp-content\/uploads\/2024\/01\/Screenshot_20240121-160755_Facebook-250x143.jpg 250w, https:\/\/regiaonews.net.br\/2022\/wp-content\/uploads\/2024\/01\/Screenshot_20240121-160755_Facebook.jpg 1071w\" sizes=\"auto, (max-width: 300px) 100vw, 300px\" \/><\/a><\/p>\n","protected":false},"excerpt":{"rendered":"<p>Com o Centro de Eventos lotado de fi\u00e9is cat\u00f3licos, foi<\/p>\n","protected":false},"author":2,"featured_media":100423,"comment_status":"open","ping_status":"open","sticky":false,"template":"","format":"standard","meta":{"footnotes":""},"categories":[14,25],"tags":[],"class_list":["post-100422","post","type-post","status-publish","format-standard","has-post-thumbnail","hentry","category-barretos","category-cidades"],"yoast_head":"<!-- This site is optimized with the Yoast SEO plugin v27.4 - https:\/\/yoast.com\/product\/yoast-seo-wordpress\/ -->\n<title>Frei Gilson participa de tarde de louvor e missa no Cerco de Jeric\u00f3 - Regi\u00e3o News<\/title>\n<meta name=\"robots\" content=\"index, follow, max-snippet:-1, max-image-preview:large, max-video-preview:-1\" \/>\n<link rel=\"canonical\" href=\"https:\/\/regiaonews.net.br\/2022\/2024\/01\/21\/frei-gilson-participa-de-tarde-de-louvor-e-missa-no-cerco-de-jerico\/\" \/>\n<meta property=\"og:locale\" content=\"pt_BR\" \/>\n<meta property=\"og:type\" content=\"article\" \/>\n<meta property=\"og:title\" content=\"Frei Gilson participa de tarde de louvor e missa no Cerco de Jeric\u00f3 - Regi\u00e3o News\" \/>\n<meta property=\"og:description\" content=\"Com o Centro de Eventos lotado de fi\u00e9is cat\u00f3licos, foi\" \/>\n<meta property=\"og:url\" content=\"https:\/\/regiaonews.net.br\/2022\/2024\/01\/21\/frei-gilson-participa-de-tarde-de-louvor-e-missa-no-cerco-de-jerico\/\" \/>\n<meta property=\"og:site_name\" content=\"Regi\u00e3o News\" \/>\n<meta property=\"article:published_time\" content=\"2024-01-21T22:25:16+00:00\" \/>\n<meta property=\"article:modified_time\" content=\"2024-01-22T13:06:15+00:00\" \/>\n<meta property=\"og:image\" content=\"https:\/\/regiaonews.net.br\/2022\/wp-content\/uploads\/2024\/01\/Screenshot_20240121-160801_Facebook.jpg\" \/>\n\t<meta property=\"og:image:width\" content=\"1080\" \/>\n\t<meta property=\"og:image:height\" content=\"606\" \/>\n\t<meta property=\"og:image:type\" content=\"image\/jpeg\" \/>\n<meta name=\"author\" content=\"Roberto\" \/>\n<meta name=\"twitter:card\" content=\"summary_large_image\" \/>\n<meta name=\"twitter:label1\" content=\"Escrito por\" \/>\n\t<meta name=\"twitter:data1\" content=\"Roberto\" \/>\n\t<meta name=\"twitter:label2\" content=\"Est. tempo de leitura\" \/>\n\t<meta name=\"twitter:data2\" content=\"2 minutos\" \/>\n<script type=\"application\/ld+json\" class=\"yoast-schema-graph\">{\"@context\":\"https:\\\/\\\/schema.org\",\"@graph\":[{\"@type\":\"Article\",\"@id\":\"https:\\\/\\\/regiaonews.net.br\\\/2022\\\/2024\\\/01\\\/21\\\/frei-gilson-participa-de-tarde-de-louvor-e-missa-no-cerco-de-jerico\\\/#article\",\"isPartOf\":{\"@id\":\"https:\\\/\\\/regiaonews.net.br\\\/2022\\\/2024\\\/01\\\/21\\\/frei-gilson-participa-de-tarde-de-louvor-e-missa-no-cerco-de-jerico\\\/\"},\"author\":{\"name\":\"Roberto\",\"@id\":\"https:\\\/\\\/regiaonews.net.br\\\/2022\\\/#\\\/schema\\\/person\\\/2d205a608a5aa97ac279d7a5e6d89ad8\"},\"headline\":\"Frei Gilson participa de tarde de louvor e missa no Cerco de Jeric\u00f3\",\"datePublished\":\"2024-01-21T22:25:16+00:00\",\"dateModified\":\"2024-01-22T13:06:15+00:00\",\"mainEntityOfPage\":{\"@id\":\"https:\\\/\\\/regiaonews.net.br\\\/2022\\\/2024\\\/01\\\/21\\\/frei-gilson-participa-de-tarde-de-louvor-e-missa-no-cerco-de-jerico\\\/\"},\"wordCount\":85,\"commentCount\":0,\"publisher\":{\"@id\":\"https:\\\/\\\/regiaonews.net.br\\\/2022\\\/#organization\"},\"image\":{\"@id\":\"https:\\\/\\\/regiaonews.net.br\\\/2022\\\/2024\\\/01\\\/21\\\/frei-gilson-participa-de-tarde-de-louvor-e-missa-no-cerco-de-jerico\\\/#primaryimage\"},\"thumbnailUrl\":\"https:\\\/\\\/regiaonews.net.br\\\/2022\\\/wp-content\\\/uploads\\\/2024\\\/01\\\/Screenshot_20240121-160801_Facebook.jpg\",\"articleSection\":[\"Barretos\",\"Cidades\"],\"inLanguage\":\"pt-BR\",\"potentialAction\":[{\"@type\":\"CommentAction\",\"name\":\"Comment\",\"target\":[\"https:\\\/\\\/regiaonews.net.br\\\/2022\\\/2024\\\/01\\\/21\\\/frei-gilson-participa-de-tarde-de-louvor-e-missa-no-cerco-de-jerico\\\/#respond\"]}]},{\"@type\":\"WebPage\",\"@id\":\"https:\\\/\\\/regiaonews.net.br\\\/2022\\\/2024\\\/01\\\/21\\\/frei-gilson-participa-de-tarde-de-louvor-e-missa-no-cerco-de-jerico\\\/\",\"url\":\"https:\\\/\\\/regiaonews.net.br\\\/2022\\\/2024\\\/01\\\/21\\\/frei-gilson-participa-de-tarde-de-louvor-e-missa-no-cerco-de-jerico\\\/\",\"name\":\"Frei Gilson participa de tarde de louvor e missa no Cerco de Jeric\u00f3 - Regi\u00e3o News\",\"isPartOf\":{\"@id\":\"https:\\\/\\\/regiaonews.net.br\\\/2022\\\/#website\"},\"primaryImageOfPage\":{\"@id\":\"https:\\\/\\\/regiaonews.net.br\\\/2022\\\/2024\\\/01\\\/21\\\/frei-gilson-participa-de-tarde-de-louvor-e-missa-no-cerco-de-jerico\\\/#primaryimage\"},\"image\":{\"@id\":\"https:\\\/\\\/regiaonews.net.br\\\/2022\\\/2024\\\/01\\\/21\\\/frei-gilson-participa-de-tarde-de-louvor-e-missa-no-cerco-de-jerico\\\/#primaryimage\"},\"thumbnailUrl\":\"https:\\\/\\\/regiaonews.net.br\\\/2022\\\/wp-content\\\/uploads\\\/2024\\\/01\\\/Screenshot_20240121-160801_Facebook.jpg\",\"datePublished\":\"2024-01-21T22:25:16+00:00\",\"dateModified\":\"2024-01-22T13:06:15+00:00\",\"breadcrumb\":{\"@id\":\"https:\\\/\\\/regiaonews.net.br\\\/2022\\\/2024\\\/01\\\/21\\\/frei-gilson-participa-de-tarde-de-louvor-e-missa-no-cerco-de-jerico\\\/#breadcrumb\"},\"inLanguage\":\"pt-BR\",\"potentialAction\":[{\"@type\":\"ReadAction\",\"target\":[\"https:\\\/\\\/regiaonews.net.br\\\/2022\\\/2024\\\/01\\\/21\\\/frei-gilson-participa-de-tarde-de-louvor-e-missa-no-cerco-de-jerico\\\/\"]}]},{\"@type\":\"ImageObject\",\"inLanguage\":\"pt-BR\",\"@id\":\"https:\\\/\\\/regiaonews.net.br\\\/2022\\\/2024\\\/01\\\/21\\\/frei-gilson-participa-de-tarde-de-louvor-e-missa-no-cerco-de-jerico\\\/#primaryimage\",\"url\":\"https:\\\/\\\/regiaonews.net.br\\\/2022\\\/wp-content\\\/uploads\\\/2024\\\/01\\\/Screenshot_20240121-160801_Facebook.jpg\",\"contentUrl\":\"https:\\\/\\\/regiaonews.net.br\\\/2022\\\/wp-content\\\/uploads\\\/2024\\\/01\\\/Screenshot_20240121-160801_Facebook.jpg\",\"width\":1080,\"height\":606},{\"@type\":\"BreadcrumbList\",\"@id\":\"https:\\\/\\\/regiaonews.net.br\\\/2022\\\/2024\\\/01\\\/21\\\/frei-gilson-participa-de-tarde-de-louvor-e-missa-no-cerco-de-jerico\\\/#breadcrumb\",\"itemListElement\":[{\"@type\":\"ListItem\",\"position\":1,\"name\":\"In\u00edcio\",\"item\":\"https:\\\/\\\/regiaonews.net.br\\\/2022\\\/\"},{\"@type\":\"ListItem\",\"position\":2,\"name\":\"Frei Gilson participa de tarde de louvor e missa no Cerco de Jeric\u00f3\"}]},{\"@type\":\"WebSite\",\"@id\":\"https:\\\/\\\/regiaonews.net.br\\\/2022\\\/#website\",\"url\":\"https:\\\/\\\/regiaonews.net.br\\\/2022\\\/\",\"name\":\"Regi\u00e3o News\",\"description\":\"Site de Not\u00edcias de Barretos e regi\u00e3o\",\"publisher\":{\"@id\":\"https:\\\/\\\/regiaonews.net.br\\\/2022\\\/#organization\"},\"potentialAction\":[{\"@type\":\"SearchAction\",\"target\":{\"@type\":\"EntryPoint\",\"urlTemplate\":\"https:\\\/\\\/regiaonews.net.br\\\/2022\\\/?s={search_term_string}\"},\"query-input\":{\"@type\":\"PropertyValueSpecification\",\"valueRequired\":true,\"valueName\":\"search_term_string\"}}],\"inLanguage\":\"pt-BR\"},{\"@type\":\"Organization\",\"@id\":\"https:\\\/\\\/regiaonews.net.br\\\/2022\\\/#organization\",\"name\":\"Regi\u00e3o News\",\"url\":\"https:\\\/\\\/regiaonews.net.br\\\/2022\\\/\",\"logo\":{\"@type\":\"ImageObject\",\"inLanguage\":\"pt-BR\",\"@id\":\"https:\\\/\\\/regiaonews.net.br\\\/2022\\\/#\\\/schema\\\/logo\\\/image\\\/\",\"url\":\"https:\\\/\\\/regiaonews.net.br\\\/2022\\\/wp-content\\\/uploads\\\/2026\\\/03\\\/regiao-13-anos-scaled.jpg\",\"contentUrl\":\"https:\\\/\\\/regiaonews.net.br\\\/2022\\\/wp-content\\\/uploads\\\/2026\\\/03\\\/regiao-13-anos-scaled.jpg\",\"width\":2560,\"height\":635,\"caption\":\"Regi\u00e3o News\"},\"image\":{\"@id\":\"https:\\\/\\\/regiaonews.net.br\\\/2022\\\/#\\\/schema\\\/logo\\\/image\\\/\"}},{\"@type\":\"Person\",\"@id\":\"https:\\\/\\\/regiaonews.net.br\\\/2022\\\/#\\\/schema\\\/person\\\/2d205a608a5aa97ac279d7a5e6d89ad8\",\"name\":\"Roberto\",\"image\":{\"@type\":\"ImageObject\",\"inLanguage\":\"pt-BR\",\"@id\":\"https:\\\/\\\/secure.gravatar.com\\\/avatar\\\/42749d8b712ff9d59ca93dc150494e5b55a44134482993f5baeb97e61b7ecc89?s=96&d=mm&r=g\",\"url\":\"https:\\\/\\\/secure.gravatar.com\\\/avatar\\\/42749d8b712ff9d59ca93dc150494e5b55a44134482993f5baeb97e61b7ecc89?s=96&d=mm&r=g\",\"contentUrl\":\"https:\\\/\\\/secure.gravatar.com\\\/avatar\\\/42749d8b712ff9d59ca93dc150494e5b55a44134482993f5baeb97e61b7ecc89?s=96&d=mm&r=g\",\"caption\":\"Roberto\"},\"url\":\"https:\\\/\\\/regiaonews.net.br\\\/2022\\\/author\\\/roberto\\\/\"}]}<\/script>\n<!-- \/ Yoast SEO plugin. -->","yoast_head_json":{"title":"Frei Gilson participa de tarde de louvor e missa no Cerco de Jeric\u00f3 - Regi\u00e3o News","robots":{"index":"index","follow":"follow","max-snippet":"max-snippet:-1","max-image-preview":"max-image-preview:large","max-video-preview":"max-video-preview:-1"},"canonical":"https:\/\/regiaonews.net.br\/2022\/2024\/01\/21\/frei-gilson-participa-de-tarde-de-louvor-e-missa-no-cerco-de-jerico\/","og_locale":"pt_BR","og_type":"article","og_title":"Frei Gilson participa de tarde de louvor e missa no Cerco de Jeric\u00f3 - Regi\u00e3o News","og_description":"Com o Centro de Eventos lotado de fi\u00e9is cat\u00f3licos, foi","og_url":"https:\/\/regiaonews.net.br\/2022\/2024\/01\/21\/frei-gilson-participa-de-tarde-de-louvor-e-missa-no-cerco-de-jerico\/","og_site_name":"Regi\u00e3o News","article_published_time":"2024-01-21T22:25:16+00:00","article_modified_time":"2024-01-22T13:06:15+00:00","og_image":[{"width":1080,"height":606,"url":"https:\/\/regiaonews.net.br\/2022\/wp-content\/uploads\/2024\/01\/Screenshot_20240121-160801_Facebook.jpg","type":"image\/jpeg"}],"author":"Roberto","twitter_card":"summary_large_image","twitter_misc":{"Escrito por":"Roberto","Est. tempo de leitura":"2 minutos"},"schema":{"@context":"https:\/\/schema.org","@graph":[{"@type":"Article","@id":"https:\/\/regiaonews.net.br\/2022\/2024\/01\/21\/frei-gilson-participa-de-tarde-de-louvor-e-missa-no-cerco-de-jerico\/#article","isPartOf":{"@id":"https:\/\/regiaonews.net.br\/2022\/2024\/01\/21\/frei-gilson-participa-de-tarde-de-louvor-e-missa-no-cerco-de-jerico\/"},"author":{"name":"Roberto","@id":"https:\/\/regiaonews.net.br\/2022\/#\/schema\/person\/2d205a608a5aa97ac279d7a5e6d89ad8"},"headline":"Frei Gilson participa de tarde de louvor e missa no Cerco de Jeric\u00f3","datePublished":"2024-01-21T22:25:16+00:00","dateModified":"2024-01-22T13:06:15+00:00","mainEntityOfPage":{"@id":"https:\/\/regiaonews.net.br\/2022\/2024\/01\/21\/frei-gilson-participa-de-tarde-de-louvor-e-missa-no-cerco-de-jerico\/"},"wordCount":85,"commentCount":0,"publisher":{"@id":"https:\/\/regiaonews.net.br\/2022\/#organization"},"image":{"@id":"https:\/\/regiaonews.net.br\/2022\/2024\/01\/21\/frei-gilson-participa-de-tarde-de-louvor-e-missa-no-cerco-de-jerico\/#primaryimage"},"thumbnailUrl":"https:\/\/regiaonews.net.br\/2022\/wp-content\/uploads\/2024\/01\/Screenshot_20240121-160801_Facebook.jpg","articleSection":["Barretos","Cidades"],"inLanguage":"pt-BR","potentialAction":[{"@type":"CommentAction","name":"Comment","target":["https:\/\/regiaonews.net.br\/2022\/2024\/01\/21\/frei-gilson-participa-de-tarde-de-louvor-e-missa-no-cerco-de-jerico\/#respond"]}]},{"@type":"WebPage","@id":"https:\/\/regiaonews.net.br\/2022\/2024\/01\/21\/frei-gilson-participa-de-tarde-de-louvor-e-missa-no-cerco-de-jerico\/","url":"https:\/\/regiaonews.net.br\/2022\/2024\/01\/21\/frei-gilson-participa-de-tarde-de-louvor-e-missa-no-cerco-de-jerico\/","name":"Frei Gilson participa de tarde de louvor e missa no Cerco de Jeric\u00f3 - Regi\u00e3o News","isPartOf":{"@id":"https:\/\/regiaonews.net.br\/2022\/#website"},"primaryImageOfPage":{"@id":"https:\/\/regiaonews.net.br\/2022\/2024\/01\/21\/frei-gilson-participa-de-tarde-de-louvor-e-missa-no-cerco-de-jerico\/#primaryimage"},"image":{"@id":"https:\/\/regiaonews.net.br\/2022\/2024\/01\/21\/frei-gilson-participa-de-tarde-de-louvor-e-missa-no-cerco-de-jerico\/#primaryimage"},"thumbnailUrl":"https:\/\/regiaonews.net.br\/2022\/wp-content\/uploads\/2024\/01\/Screenshot_20240121-160801_Facebook.jpg","datePublished":"2024-01-21T22:25:16+00:00","dateModified":"2024-01-22T13:06:15+00:00","breadcrumb":{"@id":"https:\/\/regiaonews.net.br\/2022\/2024\/01\/21\/frei-gilson-participa-de-tarde-de-louvor-e-missa-no-cerco-de-jerico\/#breadcrumb"},"inLanguage":"pt-BR","potentialAction":[{"@type":"ReadAction","target":["https:\/\/regiaonews.net.br\/2022\/2024\/01\/21\/frei-gilson-participa-de-tarde-de-louvor-e-missa-no-cerco-de-jerico\/"]}]},{"@type":"ImageObject","inLanguage":"pt-BR","@id":"https:\/\/regiaonews.net.br\/2022\/2024\/01\/21\/frei-gilson-participa-de-tarde-de-louvor-e-missa-no-cerco-de-jerico\/#primaryimage","url":"https:\/\/regiaonews.net.br\/2022\/wp-content\/uploads\/2024\/01\/Screenshot_20240121-160801_Facebook.jpg","contentUrl":"https:\/\/regiaonews.net.br\/2022\/wp-content\/uploads\/2024\/01\/Screenshot_20240121-160801_Facebook.jpg","width":1080,"height":606},{"@type":"BreadcrumbList","@id":"https:\/\/regiaonews.net.br\/2022\/2024\/01\/21\/frei-gilson-participa-de-tarde-de-louvor-e-missa-no-cerco-de-jerico\/#breadcrumb","itemListElement":[{"@type":"ListItem","position":1,"name":"In\u00edcio","item":"https:\/\/regiaonews.net.br\/2022\/"},{"@type":"ListItem","position":2,"name":"Frei Gilson participa de tarde de louvor e missa no Cerco de Jeric\u00f3"}]},{"@type":"WebSite","@id":"https:\/\/regiaonews.net.br\/2022\/#website","url":"https:\/\/regiaonews.net.br\/2022\/","name":"Regi\u00e3o News","description":"Site de Not\u00edcias de Barretos e regi\u00e3o","publisher":{"@id":"https:\/\/regiaonews.net.br\/2022\/#organization"},"potentialAction":[{"@type":"SearchAction","target":{"@type":"EntryPoint","urlTemplate":"https:\/\/regiaonews.net.br\/2022\/?s={search_term_string}"},"query-input":{"@type":"PropertyValueSpecification","valueRequired":true,"valueName":"search_term_string"}}],"inLanguage":"pt-BR"},{"@type":"Organization","@id":"https:\/\/regiaonews.net.br\/2022\/#organization","name":"Regi\u00e3o News","url":"https:\/\/regiaonews.net.br\/2022\/","logo":{"@type":"ImageObject","inLanguage":"pt-BR","@id":"https:\/\/regiaonews.net.br\/2022\/#\/schema\/logo\/image\/","url":"https:\/\/regiaonews.net.br\/2022\/wp-content\/uploads\/2026\/03\/regiao-13-anos-scaled.jpg","contentUrl":"https:\/\/regiaonews.net.br\/2022\/wp-content\/uploads\/2026\/03\/regiao-13-anos-scaled.jpg","width":2560,"height":635,"caption":"Regi\u00e3o News"},"image":{"@id":"https:\/\/regiaonews.net.br\/2022\/#\/schema\/logo\/image\/"}},{"@type":"Person","@id":"https:\/\/regiaonews.net.br\/2022\/#\/schema\/person\/2d205a608a5aa97ac279d7a5e6d89ad8","name":"Roberto","image":{"@type":"ImageObject","inLanguage":"pt-BR","@id":"https:\/\/secure.gravatar.com\/avatar\/42749d8b712ff9d59ca93dc150494e5b55a44134482993f5baeb97e61b7ecc89?s=96&d=mm&r=g","url":"https:\/\/secure.gravatar.com\/avatar\/42749d8b712ff9d59ca93dc150494e5b55a44134482993f5baeb97e61b7ecc89?s=96&d=mm&r=g","contentUrl":"https:\/\/secure.gravatar.com\/avatar\/42749d8b712ff9d59ca93dc150494e5b55a44134482993f5baeb97e61b7ecc89?s=96&d=mm&r=g","caption":"Roberto"},"url":"https:\/\/regiaonews.net.br\/2022\/author\/roberto\/"}]}},"publishpress_future_action":{"enabled":false,"date":"2026-05-04 01:36:40","action":"change-status","newStatus":"draft","terms":[],"taxonomy":"category","extraData":[]},"publishpress_future_workflow_manual_trigger":{"enabledWorkflows":[]},"_links":{"self":[{"href":"https:\/\/regiaonews.net.br\/2022\/wp-json\/wp\/v2\/posts\/100422","targetHints":{"allow":["GET"]}}],"collection":[{"href":"https:\/\/regiaonews.net.br\/2022\/wp-json\/wp\/v2\/posts"}],"about":[{"href":"https:\/\/regiaonews.net.br\/2022\/wp-json\/wp\/v2\/types\/post"}],"author":[{"embeddable":true,"href":"https:\/\/regiaonews.net.br\/2022\/wp-json\/wp\/v2\/users\/2"}],"replies":[{"embeddable":true,"href":"https:\/\/regiaonews.net.br\/2022\/wp-json\/wp\/v2\/comments?post=100422"}],"version-history":[{"count":1,"href":"https:\/\/regiaonews.net.br\/2022\/wp-json\/wp\/v2\/posts\/100422\/revisions"}],"predecessor-version":[{"id":100429,"href":"https:\/\/regiaonews.net.br\/2022\/wp-json\/wp\/v2\/posts\/100422\/revisions\/100429"}],"wp:featuredmedia":[{"embeddable":true,"href":"https:\/\/regiaonews.net.br\/2022\/wp-json\/wp\/v2\/media\/100423"}],"wp:attachment":[{"href":"https:\/\/regiaonews.net.br\/2022\/wp-json\/wp\/v2\/media?parent=100422"}],"wp:term":[{"taxonomy":"category","embeddable":true,"href":"https:\/\/regiaonews.net.br\/2022\/wp-json\/wp\/v2\/categories?post=100422"},{"taxonomy":"post_tag","embeddable":true,"href":"https:\/\/regiaonews.net.br\/2022\/wp-json\/wp\/v2\/tags?post=100422"}],"curies":[{"name":"wp","href":"https:\/\/api.w.org\/{rel}","templated":true}]}}