{"id":100388,"date":"2024-01-20T15:43:56","date_gmt":"2024-01-20T18:43:56","guid":{"rendered":"https:\/\/regiaonews.net.br\/2022\/?p=100388"},"modified":"2024-01-20T15:43:56","modified_gmt":"2024-01-20T18:43:56","slug":"deic-prende-homem-e-recupera-carga-de-eletronicos-avaliada-em-r-24-milhoes","status":"publish","type":"post","link":"https:\/\/regiaonews.net.br\/2022\/2024\/01\/20\/deic-prende-homem-e-recupera-carga-de-eletronicos-avaliada-em-r-24-milhoes\/","title":{"rendered":"Deic prende homem e recupera carga de eletr\u00f4nicos avaliada em R$ 2,4 milh\u00f5es"},"content":{"rendered":"<div class=\"col-lg-12 mt-2 justify\">\n<h5 class=\"justify\">Os produtos eletr\u00f4nicos foram encontrados em dois caminh\u00f5es, na zona norte da capital paulista<\/h5>\n<\/div>\n<div class=\"col-lg-12 mt-3 justify\">A Pol\u00edcia Civil, por meio do Deic (Departamento Estadual de Investiga\u00e7\u00f5es Criminais) recuperou na madrugada deste s\u00e1bado (20), nos bairros Vilas Maria e Guilherme, na Zona Norte da capital, uma carga de equipamentos avaliada em R$ 2,4 milh\u00f5es, que havia sido roubada na cidade de Guarulhos. Um homem foi autuado em flagrante por associa\u00e7\u00e3o criminosa e recepta\u00e7\u00e3o qualificada<\/div>\n<div>A a\u00e7\u00e3o foi realizada pela 1\u00aa Delegacia Divecar (Investiga\u00e7\u00f5es sobre Roubo e Furto de Ve\u00edculos). De acordo com o apurado, criminosos estariam realizando o transbordo de aparelhos eletr\u00f4nicos, como notebooks, celulares, televisores, tablets e monitores de Led, em um galp\u00e3o industrial, na rua Benedita Dornellas Claro. O im\u00f3vel passou a ser monitorado e j\u00e1 na madrugada de hoje, a equipe flagrou pessoas descarregando a carga de dentro de um caminh\u00e3o Volkswagen.<\/div>\n<div>Os policiais iniciaram a abordagem, entretanto parte dos envolvidos percebeu o cerco e aproveitou para se misturar aos frequentadores de um baile Funk que tamb\u00e9m funciona junto ao im\u00f3vel. Mesmo assim, o gerente do galp\u00e3o acabou detido. A equipe encontrou parte dos produtos roubados no ba\u00fa do caminh\u00e3o.<\/div>\n<div>Durante a a\u00e7\u00e3o, a equipe da 1\u00aa Divecar recebeu novas informa\u00e7\u00f5es sobre a localiza\u00e7\u00e3o do restante da carga. O restante dos produtos foram recuperados dentro de um caminh\u00e3o Mercedes-Benz. O ve\u00edculo estava parado em um estacionamento na rua S\u00e3o Quirino, na Vila Guilherme, a poucos quil\u00f4metros do galp\u00e3o.<\/div>\n<div>\n<div class=\"row\">\n<div class=\"col-lg-12 mt-3 justify\">\n<div>Foram solicitados exames junto ao Instituto de Criminal\u00edstica (IC) e ao Instituto M\u00e9dico Legal (IML). Os caminh\u00f5es usados no crime foram apreendidos, bem como documentos deixados para tr\u00e1s no momento da fuga dos criminosos e o caso foi registrado como associa\u00e7\u00e3o criminosa e recepta\u00e7\u00e3o qualificada. As dilig\u00eancias para a localiza\u00e7\u00e3o e pris\u00e3o dos demais envolvidos est\u00e3o em andamento.<\/div>\n<\/div>\n<div class=\"col-lg-12 mb-5 justify\"><\/div>\n<\/div>\n<div class=\"row mb-4\"><\/div>\n<\/div>\n","protected":false},"excerpt":{"rendered":"<p>Os produtos eletr\u00f4nicos foram encontrados em dois caminh\u00f5es, na zona<\/p>\n","protected":false},"author":2,"featured_media":100389,"comment_status":"open","ping_status":"open","sticky":false,"template":"","format":"standard","meta":{"footnotes":""},"categories":[23,29],"tags":[],"class_list":["post-100388","post","type-post","status-publish","format-standard","has-post-thumbnail","hentry","category-policia","category-sao-paulo"],"yoast_head":"<!-- This site is optimized with the Yoast SEO plugin v27.4 - https:\/\/yoast.com\/product\/yoast-seo-wordpress\/ -->\n<title>Deic prende homem e recupera carga de eletr\u00f4nicos avaliada em R$ 2,4 milh\u00f5es - Regi\u00e3o News<\/title>\n<meta name=\"robots\" content=\"index, follow, max-snippet:-1, max-image-preview:large, max-video-preview:-1\" \/>\n<link rel=\"canonical\" href=\"https:\/\/regiaonews.net.br\/2022\/2024\/01\/20\/deic-prende-homem-e-recupera-carga-de-eletronicos-avaliada-em-r-24-milhoes\/\" \/>\n<meta property=\"og:locale\" content=\"pt_BR\" \/>\n<meta property=\"og:type\" content=\"article\" \/>\n<meta property=\"og:title\" content=\"Deic prende homem e recupera carga de eletr\u00f4nicos avaliada em R$ 2,4 milh\u00f5es - Regi\u00e3o News\" \/>\n<meta property=\"og:description\" content=\"Os produtos eletr\u00f4nicos foram encontrados em dois caminh\u00f5es, na zona\" \/>\n<meta property=\"og:url\" content=\"https:\/\/regiaonews.net.br\/2022\/2024\/01\/20\/deic-prende-homem-e-recupera-carga-de-eletronicos-avaliada-em-r-24-milhoes\/\" \/>\n<meta property=\"og:site_name\" content=\"Regi\u00e3o News\" \/>\n<meta property=\"article:published_time\" content=\"2024-01-20T18:43:56+00:00\" \/>\n<meta property=\"og:image\" content=\"https:\/\/regiaonews.net.br\/2022\/wp-content\/uploads\/2024\/01\/00052828.jpeg\" \/>\n\t<meta property=\"og:image:width\" content=\"768\" \/>\n\t<meta property=\"og:image:height\" content=\"1024\" \/>\n\t<meta property=\"og:image:type\" content=\"image\/jpeg\" \/>\n<meta name=\"author\" content=\"Roberto\" \/>\n<meta name=\"twitter:card\" content=\"summary_large_image\" \/>\n<meta name=\"twitter:label1\" content=\"Escrito por\" \/>\n\t<meta name=\"twitter:data1\" content=\"Roberto\" \/>\n\t<meta name=\"twitter:label2\" content=\"Est. tempo de leitura\" \/>\n\t<meta name=\"twitter:data2\" content=\"2 minutos\" \/>\n<script type=\"application\/ld+json\" class=\"yoast-schema-graph\">{\"@context\":\"https:\\\/\\\/schema.org\",\"@graph\":[{\"@type\":\"Article\",\"@id\":\"https:\\\/\\\/regiaonews.net.br\\\/2022\\\/2024\\\/01\\\/20\\\/deic-prende-homem-e-recupera-carga-de-eletronicos-avaliada-em-r-24-milhoes\\\/#article\",\"isPartOf\":{\"@id\":\"https:\\\/\\\/regiaonews.net.br\\\/2022\\\/2024\\\/01\\\/20\\\/deic-prende-homem-e-recupera-carga-de-eletronicos-avaliada-em-r-24-milhoes\\\/\"},\"author\":{\"name\":\"Roberto\",\"@id\":\"https:\\\/\\\/regiaonews.net.br\\\/2022\\\/#\\\/schema\\\/person\\\/2d205a608a5aa97ac279d7a5e6d89ad8\"},\"headline\":\"Deic prende homem e recupera carga de eletr\u00f4nicos avaliada em R$ 2,4 milh\u00f5es\",\"datePublished\":\"2024-01-20T18:43:56+00:00\",\"mainEntityOfPage\":{\"@id\":\"https:\\\/\\\/regiaonews.net.br\\\/2022\\\/2024\\\/01\\\/20\\\/deic-prende-homem-e-recupera-carga-de-eletronicos-avaliada-em-r-24-milhoes\\\/\"},\"wordCount\":344,\"commentCount\":0,\"publisher\":{\"@id\":\"https:\\\/\\\/regiaonews.net.br\\\/2022\\\/#organization\"},\"image\":{\"@id\":\"https:\\\/\\\/regiaonews.net.br\\\/2022\\\/2024\\\/01\\\/20\\\/deic-prende-homem-e-recupera-carga-de-eletronicos-avaliada-em-r-24-milhoes\\\/#primaryimage\"},\"thumbnailUrl\":\"https:\\\/\\\/regiaonews.net.br\\\/2022\\\/wp-content\\\/uploads\\\/2024\\\/01\\\/00052828.jpeg\",\"articleSection\":[\"Policia\",\"S\u00e3o Paulo\"],\"inLanguage\":\"pt-BR\",\"potentialAction\":[{\"@type\":\"CommentAction\",\"name\":\"Comment\",\"target\":[\"https:\\\/\\\/regiaonews.net.br\\\/2022\\\/2024\\\/01\\\/20\\\/deic-prende-homem-e-recupera-carga-de-eletronicos-avaliada-em-r-24-milhoes\\\/#respond\"]}]},{\"@type\":\"WebPage\",\"@id\":\"https:\\\/\\\/regiaonews.net.br\\\/2022\\\/2024\\\/01\\\/20\\\/deic-prende-homem-e-recupera-carga-de-eletronicos-avaliada-em-r-24-milhoes\\\/\",\"url\":\"https:\\\/\\\/regiaonews.net.br\\\/2022\\\/2024\\\/01\\\/20\\\/deic-prende-homem-e-recupera-carga-de-eletronicos-avaliada-em-r-24-milhoes\\\/\",\"name\":\"Deic prende homem e recupera carga de eletr\u00f4nicos avaliada em R$ 2,4 milh\u00f5es - Regi\u00e3o News\",\"isPartOf\":{\"@id\":\"https:\\\/\\\/regiaonews.net.br\\\/2022\\\/#website\"},\"primaryImageOfPage\":{\"@id\":\"https:\\\/\\\/regiaonews.net.br\\\/2022\\\/2024\\\/01\\\/20\\\/deic-prende-homem-e-recupera-carga-de-eletronicos-avaliada-em-r-24-milhoes\\\/#primaryimage\"},\"image\":{\"@id\":\"https:\\\/\\\/regiaonews.net.br\\\/2022\\\/2024\\\/01\\\/20\\\/deic-prende-homem-e-recupera-carga-de-eletronicos-avaliada-em-r-24-milhoes\\\/#primaryimage\"},\"thumbnailUrl\":\"https:\\\/\\\/regiaonews.net.br\\\/2022\\\/wp-content\\\/uploads\\\/2024\\\/01\\\/00052828.jpeg\",\"datePublished\":\"2024-01-20T18:43:56+00:00\",\"breadcrumb\":{\"@id\":\"https:\\\/\\\/regiaonews.net.br\\\/2022\\\/2024\\\/01\\\/20\\\/deic-prende-homem-e-recupera-carga-de-eletronicos-avaliada-em-r-24-milhoes\\\/#breadcrumb\"},\"inLanguage\":\"pt-BR\",\"potentialAction\":[{\"@type\":\"ReadAction\",\"target\":[\"https:\\\/\\\/regiaonews.net.br\\\/2022\\\/2024\\\/01\\\/20\\\/deic-prende-homem-e-recupera-carga-de-eletronicos-avaliada-em-r-24-milhoes\\\/\"]}]},{\"@type\":\"ImageObject\",\"inLanguage\":\"pt-BR\",\"@id\":\"https:\\\/\\\/regiaonews.net.br\\\/2022\\\/2024\\\/01\\\/20\\\/deic-prende-homem-e-recupera-carga-de-eletronicos-avaliada-em-r-24-milhoes\\\/#primaryimage\",\"url\":\"https:\\\/\\\/regiaonews.net.br\\\/2022\\\/wp-content\\\/uploads\\\/2024\\\/01\\\/00052828.jpeg\",\"contentUrl\":\"https:\\\/\\\/regiaonews.net.br\\\/2022\\\/wp-content\\\/uploads\\\/2024\\\/01\\\/00052828.jpeg\",\"width\":768,\"height\":1024},{\"@type\":\"BreadcrumbList\",\"@id\":\"https:\\\/\\\/regiaonews.net.br\\\/2022\\\/2024\\\/01\\\/20\\\/deic-prende-homem-e-recupera-carga-de-eletronicos-avaliada-em-r-24-milhoes\\\/#breadcrumb\",\"itemListElement\":[{\"@type\":\"ListItem\",\"position\":1,\"name\":\"In\u00edcio\",\"item\":\"https:\\\/\\\/regiaonews.net.br\\\/2022\\\/\"},{\"@type\":\"ListItem\",\"position\":2,\"name\":\"Deic prende homem e recupera carga de eletr\u00f4nicos avaliada em R$ 2,4 milh\u00f5es\"}]},{\"@type\":\"WebSite\",\"@id\":\"https:\\\/\\\/regiaonews.net.br\\\/2022\\\/#website\",\"url\":\"https:\\\/\\\/regiaonews.net.br\\\/2022\\\/\",\"name\":\"Regi\u00e3o News\",\"description\":\"Site de Not\u00edcias de Barretos e regi\u00e3o\",\"publisher\":{\"@id\":\"https:\\\/\\\/regiaonews.net.br\\\/2022\\\/#organization\"},\"potentialAction\":[{\"@type\":\"SearchAction\",\"target\":{\"@type\":\"EntryPoint\",\"urlTemplate\":\"https:\\\/\\\/regiaonews.net.br\\\/2022\\\/?s={search_term_string}\"},\"query-input\":{\"@type\":\"PropertyValueSpecification\",\"valueRequired\":true,\"valueName\":\"search_term_string\"}}],\"inLanguage\":\"pt-BR\"},{\"@type\":\"Organization\",\"@id\":\"https:\\\/\\\/regiaonews.net.br\\\/2022\\\/#organization\",\"name\":\"Regi\u00e3o News\",\"url\":\"https:\\\/\\\/regiaonews.net.br\\\/2022\\\/\",\"logo\":{\"@type\":\"ImageObject\",\"inLanguage\":\"pt-BR\",\"@id\":\"https:\\\/\\\/regiaonews.net.br\\\/2022\\\/#\\\/schema\\\/logo\\\/image\\\/\",\"url\":\"https:\\\/\\\/regiaonews.net.br\\\/2022\\\/wp-content\\\/uploads\\\/2026\\\/03\\\/regiao-13-anos-scaled.jpg\",\"contentUrl\":\"https:\\\/\\\/regiaonews.net.br\\\/2022\\\/wp-content\\\/uploads\\\/2026\\\/03\\\/regiao-13-anos-scaled.jpg\",\"width\":2560,\"height\":635,\"caption\":\"Regi\u00e3o News\"},\"image\":{\"@id\":\"https:\\\/\\\/regiaonews.net.br\\\/2022\\\/#\\\/schema\\\/logo\\\/image\\\/\"}},{\"@type\":\"Person\",\"@id\":\"https:\\\/\\\/regiaonews.net.br\\\/2022\\\/#\\\/schema\\\/person\\\/2d205a608a5aa97ac279d7a5e6d89ad8\",\"name\":\"Roberto\",\"image\":{\"@type\":\"ImageObject\",\"inLanguage\":\"pt-BR\",\"@id\":\"https:\\\/\\\/secure.gravatar.com\\\/avatar\\\/42749d8b712ff9d59ca93dc150494e5b55a44134482993f5baeb97e61b7ecc89?s=96&d=mm&r=g\",\"url\":\"https:\\\/\\\/secure.gravatar.com\\\/avatar\\\/42749d8b712ff9d59ca93dc150494e5b55a44134482993f5baeb97e61b7ecc89?s=96&d=mm&r=g\",\"contentUrl\":\"https:\\\/\\\/secure.gravatar.com\\\/avatar\\\/42749d8b712ff9d59ca93dc150494e5b55a44134482993f5baeb97e61b7ecc89?s=96&d=mm&r=g\",\"caption\":\"Roberto\"},\"url\":\"https:\\\/\\\/regiaonews.net.br\\\/2022\\\/author\\\/roberto\\\/\"}]}<\/script>\n<!-- \/ Yoast SEO plugin. -->","yoast_head_json":{"title":"Deic prende homem e recupera carga de eletr\u00f4nicos avaliada em R$ 2,4 milh\u00f5es - Regi\u00e3o News","robots":{"index":"index","follow":"follow","max-snippet":"max-snippet:-1","max-image-preview":"max-image-preview:large","max-video-preview":"max-video-preview:-1"},"canonical":"https:\/\/regiaonews.net.br\/2022\/2024\/01\/20\/deic-prende-homem-e-recupera-carga-de-eletronicos-avaliada-em-r-24-milhoes\/","og_locale":"pt_BR","og_type":"article","og_title":"Deic prende homem e recupera carga de eletr\u00f4nicos avaliada em R$ 2,4 milh\u00f5es - Regi\u00e3o News","og_description":"Os produtos eletr\u00f4nicos foram encontrados em dois caminh\u00f5es, na zona","og_url":"https:\/\/regiaonews.net.br\/2022\/2024\/01\/20\/deic-prende-homem-e-recupera-carga-de-eletronicos-avaliada-em-r-24-milhoes\/","og_site_name":"Regi\u00e3o News","article_published_time":"2024-01-20T18:43:56+00:00","og_image":[{"width":768,"height":1024,"url":"https:\/\/regiaonews.net.br\/2022\/wp-content\/uploads\/2024\/01\/00052828.jpeg","type":"image\/jpeg"}],"author":"Roberto","twitter_card":"summary_large_image","twitter_misc":{"Escrito por":"Roberto","Est. tempo de leitura":"2 minutos"},"schema":{"@context":"https:\/\/schema.org","@graph":[{"@type":"Article","@id":"https:\/\/regiaonews.net.br\/2022\/2024\/01\/20\/deic-prende-homem-e-recupera-carga-de-eletronicos-avaliada-em-r-24-milhoes\/#article","isPartOf":{"@id":"https:\/\/regiaonews.net.br\/2022\/2024\/01\/20\/deic-prende-homem-e-recupera-carga-de-eletronicos-avaliada-em-r-24-milhoes\/"},"author":{"name":"Roberto","@id":"https:\/\/regiaonews.net.br\/2022\/#\/schema\/person\/2d205a608a5aa97ac279d7a5e6d89ad8"},"headline":"Deic prende homem e recupera carga de eletr\u00f4nicos avaliada em R$ 2,4 milh\u00f5es","datePublished":"2024-01-20T18:43:56+00:00","mainEntityOfPage":{"@id":"https:\/\/regiaonews.net.br\/2022\/2024\/01\/20\/deic-prende-homem-e-recupera-carga-de-eletronicos-avaliada-em-r-24-milhoes\/"},"wordCount":344,"commentCount":0,"publisher":{"@id":"https:\/\/regiaonews.net.br\/2022\/#organization"},"image":{"@id":"https:\/\/regiaonews.net.br\/2022\/2024\/01\/20\/deic-prende-homem-e-recupera-carga-de-eletronicos-avaliada-em-r-24-milhoes\/#primaryimage"},"thumbnailUrl":"https:\/\/regiaonews.net.br\/2022\/wp-content\/uploads\/2024\/01\/00052828.jpeg","articleSection":["Policia","S\u00e3o Paulo"],"inLanguage":"pt-BR","potentialAction":[{"@type":"CommentAction","name":"Comment","target":["https:\/\/regiaonews.net.br\/2022\/2024\/01\/20\/deic-prende-homem-e-recupera-carga-de-eletronicos-avaliada-em-r-24-milhoes\/#respond"]}]},{"@type":"WebPage","@id":"https:\/\/regiaonews.net.br\/2022\/2024\/01\/20\/deic-prende-homem-e-recupera-carga-de-eletronicos-avaliada-em-r-24-milhoes\/","url":"https:\/\/regiaonews.net.br\/2022\/2024\/01\/20\/deic-prende-homem-e-recupera-carga-de-eletronicos-avaliada-em-r-24-milhoes\/","name":"Deic prende homem e recupera carga de eletr\u00f4nicos avaliada em R$ 2,4 milh\u00f5es - Regi\u00e3o News","isPartOf":{"@id":"https:\/\/regiaonews.net.br\/2022\/#website"},"primaryImageOfPage":{"@id":"https:\/\/regiaonews.net.br\/2022\/2024\/01\/20\/deic-prende-homem-e-recupera-carga-de-eletronicos-avaliada-em-r-24-milhoes\/#primaryimage"},"image":{"@id":"https:\/\/regiaonews.net.br\/2022\/2024\/01\/20\/deic-prende-homem-e-recupera-carga-de-eletronicos-avaliada-em-r-24-milhoes\/#primaryimage"},"thumbnailUrl":"https:\/\/regiaonews.net.br\/2022\/wp-content\/uploads\/2024\/01\/00052828.jpeg","datePublished":"2024-01-20T18:43:56+00:00","breadcrumb":{"@id":"https:\/\/regiaonews.net.br\/2022\/2024\/01\/20\/deic-prende-homem-e-recupera-carga-de-eletronicos-avaliada-em-r-24-milhoes\/#breadcrumb"},"inLanguage":"pt-BR","potentialAction":[{"@type":"ReadAction","target":["https:\/\/regiaonews.net.br\/2022\/2024\/01\/20\/deic-prende-homem-e-recupera-carga-de-eletronicos-avaliada-em-r-24-milhoes\/"]}]},{"@type":"ImageObject","inLanguage":"pt-BR","@id":"https:\/\/regiaonews.net.br\/2022\/2024\/01\/20\/deic-prende-homem-e-recupera-carga-de-eletronicos-avaliada-em-r-24-milhoes\/#primaryimage","url":"https:\/\/regiaonews.net.br\/2022\/wp-content\/uploads\/2024\/01\/00052828.jpeg","contentUrl":"https:\/\/regiaonews.net.br\/2022\/wp-content\/uploads\/2024\/01\/00052828.jpeg","width":768,"height":1024},{"@type":"BreadcrumbList","@id":"https:\/\/regiaonews.net.br\/2022\/2024\/01\/20\/deic-prende-homem-e-recupera-carga-de-eletronicos-avaliada-em-r-24-milhoes\/#breadcrumb","itemListElement":[{"@type":"ListItem","position":1,"name":"In\u00edcio","item":"https:\/\/regiaonews.net.br\/2022\/"},{"@type":"ListItem","position":2,"name":"Deic prende homem e recupera carga de eletr\u00f4nicos avaliada em R$ 2,4 milh\u00f5es"}]},{"@type":"WebSite","@id":"https:\/\/regiaonews.net.br\/2022\/#website","url":"https:\/\/regiaonews.net.br\/2022\/","name":"Regi\u00e3o News","description":"Site de Not\u00edcias de Barretos e regi\u00e3o","publisher":{"@id":"https:\/\/regiaonews.net.br\/2022\/#organization"},"potentialAction":[{"@type":"SearchAction","target":{"@type":"EntryPoint","urlTemplate":"https:\/\/regiaonews.net.br\/2022\/?s={search_term_string}"},"query-input":{"@type":"PropertyValueSpecification","valueRequired":true,"valueName":"search_term_string"}}],"inLanguage":"pt-BR"},{"@type":"Organization","@id":"https:\/\/regiaonews.net.br\/2022\/#organization","name":"Regi\u00e3o News","url":"https:\/\/regiaonews.net.br\/2022\/","logo":{"@type":"ImageObject","inLanguage":"pt-BR","@id":"https:\/\/regiaonews.net.br\/2022\/#\/schema\/logo\/image\/","url":"https:\/\/regiaonews.net.br\/2022\/wp-content\/uploads\/2026\/03\/regiao-13-anos-scaled.jpg","contentUrl":"https:\/\/regiaonews.net.br\/2022\/wp-content\/uploads\/2026\/03\/regiao-13-anos-scaled.jpg","width":2560,"height":635,"caption":"Regi\u00e3o News"},"image":{"@id":"https:\/\/regiaonews.net.br\/2022\/#\/schema\/logo\/image\/"}},{"@type":"Person","@id":"https:\/\/regiaonews.net.br\/2022\/#\/schema\/person\/2d205a608a5aa97ac279d7a5e6d89ad8","name":"Roberto","image":{"@type":"ImageObject","inLanguage":"pt-BR","@id":"https:\/\/secure.gravatar.com\/avatar\/42749d8b712ff9d59ca93dc150494e5b55a44134482993f5baeb97e61b7ecc89?s=96&d=mm&r=g","url":"https:\/\/secure.gravatar.com\/avatar\/42749d8b712ff9d59ca93dc150494e5b55a44134482993f5baeb97e61b7ecc89?s=96&d=mm&r=g","contentUrl":"https:\/\/secure.gravatar.com\/avatar\/42749d8b712ff9d59ca93dc150494e5b55a44134482993f5baeb97e61b7ecc89?s=96&d=mm&r=g","caption":"Roberto"},"url":"https:\/\/regiaonews.net.br\/2022\/author\/roberto\/"}]}},"publishpress_future_action":{"enabled":false,"date":"2026-05-04 01:26:43","action":"change-status","newStatus":"draft","terms":[],"taxonomy":"category","extraData":[]},"publishpress_future_workflow_manual_trigger":{"enabledWorkflows":[]},"_links":{"self":[{"href":"https:\/\/regiaonews.net.br\/2022\/wp-json\/wp\/v2\/posts\/100388","targetHints":{"allow":["GET"]}}],"collection":[{"href":"https:\/\/regiaonews.net.br\/2022\/wp-json\/wp\/v2\/posts"}],"about":[{"href":"https:\/\/regiaonews.net.br\/2022\/wp-json\/wp\/v2\/types\/post"}],"author":[{"embeddable":true,"href":"https:\/\/regiaonews.net.br\/2022\/wp-json\/wp\/v2\/users\/2"}],"replies":[{"embeddable":true,"href":"https:\/\/regiaonews.net.br\/2022\/wp-json\/wp\/v2\/comments?post=100388"}],"version-history":[{"count":1,"href":"https:\/\/regiaonews.net.br\/2022\/wp-json\/wp\/v2\/posts\/100388\/revisions"}],"predecessor-version":[{"id":100390,"href":"https:\/\/regiaonews.net.br\/2022\/wp-json\/wp\/v2\/posts\/100388\/revisions\/100390"}],"wp:featuredmedia":[{"embeddable":true,"href":"https:\/\/regiaonews.net.br\/2022\/wp-json\/wp\/v2\/media\/100389"}],"wp:attachment":[{"href":"https:\/\/regiaonews.net.br\/2022\/wp-json\/wp\/v2\/media?parent=100388"}],"wp:term":[{"taxonomy":"category","embeddable":true,"href":"https:\/\/regiaonews.net.br\/2022\/wp-json\/wp\/v2\/categories?post=100388"},{"taxonomy":"post_tag","embeddable":true,"href":"https:\/\/regiaonews.net.br\/2022\/wp-json\/wp\/v2\/tags?post=100388"}],"curies":[{"name":"wp","href":"https:\/\/api.w.org\/{rel}","templated":true}]}}