{"id":100385,"date":"2024-01-20T14:36:50","date_gmt":"2024-01-20T17:36:50","guid":{"rendered":"https:\/\/regiaonews.net.br\/2022\/?p=100385"},"modified":"2024-01-20T14:36:50","modified_gmt":"2024-01-20T17:36:50","slug":"creditos-do-governo-de-sp-para-regiao-de-barretos-crescem-281","status":"publish","type":"post","link":"https:\/\/regiaonews.net.br\/2022\/2024\/01\/20\/creditos-do-governo-de-sp-para-regiao-de-barretos-crescem-281\/","title":{"rendered":"Cr\u00e9ditos do Governo de SP para regi\u00e3o de Barretos crescem 281%"},"content":{"rendered":"<p>Recursos destinados para o \u201cDesenvolvimento de Munic\u00edpios\u201d lideram os recursos<\/p>\n<p>A Desenvolve SP liberou um total de R$ 21,2 milh\u00f5es em financiamentos para os setores p\u00fablico e privado da regi\u00e3o de Barretos em 2023. O salto foi de 281% em rela\u00e7\u00e3o aos R$ 5,5 milh\u00f5es do ano anterior. As tr\u00eas cidades contempladas com os maiores cr\u00e9ditos da ag\u00eancia de fomento do Governo de S\u00e3o Paulo foram nesta ordem: Barretos (R$ 9 mi); Monte Azul Paulista (R$ 7 mi) e Ol\u00edmpia (R$ 3,9 mi).<\/p>\n<p>J\u00e1 a concess\u00e3o de empr\u00e9stimos somente para as gest\u00f5es municipais (setor p\u00fablico) passou de R$ 2,6 milh\u00f5es em 2022 para R$ 19,3 milh\u00f5es em 2023, um crescimento de mais de seis vezes (637%). As linhas voltadas especificamente para o \u201cDesenvolvimento de Munic\u00edpios\u201d dominaram a sa\u00edda dos cr\u00e9ditos.<\/p>\n<p>\u201cA Desenvolve SP \u00e9 uma institui\u00e7\u00e3o estrat\u00e9gica do Estado de S\u00e3o Paulo para a gera\u00e7\u00e3o de emprego, renda e desenvolvimento. Por isso, em 2024 atuaremos em parceria com institui\u00e7\u00f5es que nos ajudar\u00e3o a ampliar a libera\u00e7\u00e3o de cr\u00e9dito, em especial para aquele empreendedor que quer expandir e modernizar seu neg\u00f3cio. J\u00e1 na esfera p\u00fablica, a prioridade ser\u00e1 atender gestores municipais que tenham o objetivo de investir no desenvolvimento sustent\u00e1vel de suas cidades\u201d, afirma Gustavo Melo, diretor da \u00e1rea de Neg\u00f3cios e Fomento da ag\u00eancia<\/p>\n","protected":false},"excerpt":{"rendered":"<p>Recursos destinados para o \u201cDesenvolvimento de Munic\u00edpios\u201d lideram os recursos<\/p>\n","protected":false},"author":2,"featured_media":29562,"comment_status":"open","ping_status":"open","sticky":false,"template":"","format":"standard","meta":{"footnotes":""},"categories":[14,25],"tags":[],"class_list":["post-100385","post","type-post","status-publish","format-standard","has-post-thumbnail","hentry","category-barretos","category-cidades"],"yoast_head":"<!-- This site is optimized with the Yoast SEO plugin v27.4 - https:\/\/yoast.com\/product\/yoast-seo-wordpress\/ -->\n<title>Cr\u00e9ditos do Governo de SP para regi\u00e3o de Barretos crescem 281% - Regi\u00e3o News<\/title>\n<meta name=\"robots\" content=\"index, follow, max-snippet:-1, max-image-preview:large, max-video-preview:-1\" \/>\n<link rel=\"canonical\" href=\"https:\/\/regiaonews.net.br\/2022\/2024\/01\/20\/creditos-do-governo-de-sp-para-regiao-de-barretos-crescem-281\/\" \/>\n<meta property=\"og:locale\" content=\"pt_BR\" \/>\n<meta property=\"og:type\" content=\"article\" \/>\n<meta property=\"og:title\" content=\"Cr\u00e9ditos do Governo de SP para regi\u00e3o de Barretos crescem 281% - Regi\u00e3o News\" \/>\n<meta property=\"og:description\" content=\"Recursos destinados para o \u201cDesenvolvimento de Munic\u00edpios\u201d lideram os recursos\" \/>\n<meta property=\"og:url\" content=\"https:\/\/regiaonews.net.br\/2022\/2024\/01\/20\/creditos-do-governo-de-sp-para-regiao-de-barretos-crescem-281\/\" \/>\n<meta property=\"og:site_name\" content=\"Regi\u00e3o News\" \/>\n<meta property=\"article:published_time\" content=\"2024-01-20T17:36:50+00:00\" \/>\n<meta property=\"og:image\" content=\"https:\/\/regiaonews.net.br\/2022\/wp-content\/uploads\/2020\/03\/barretos-vista-area-divulgacao-prefeitura.jpg\" \/>\n\t<meta property=\"og:image:width\" content=\"1024\" \/>\n\t<meta property=\"og:image:height\" content=\"678\" \/>\n\t<meta property=\"og:image:type\" content=\"image\/jpeg\" \/>\n<meta name=\"author\" content=\"Roberto\" \/>\n<meta name=\"twitter:card\" content=\"summary_large_image\" \/>\n<meta name=\"twitter:label1\" content=\"Escrito por\" \/>\n\t<meta name=\"twitter:data1\" content=\"Roberto\" \/>\n\t<meta name=\"twitter:label2\" content=\"Est. tempo de leitura\" \/>\n\t<meta name=\"twitter:data2\" content=\"2 minutos\" \/>\n<script type=\"application\/ld+json\" class=\"yoast-schema-graph\">{\"@context\":\"https:\\\/\\\/schema.org\",\"@graph\":[{\"@type\":\"Article\",\"@id\":\"https:\\\/\\\/regiaonews.net.br\\\/2022\\\/2024\\\/01\\\/20\\\/creditos-do-governo-de-sp-para-regiao-de-barretos-crescem-281\\\/#article\",\"isPartOf\":{\"@id\":\"https:\\\/\\\/regiaonews.net.br\\\/2022\\\/2024\\\/01\\\/20\\\/creditos-do-governo-de-sp-para-regiao-de-barretos-crescem-281\\\/\"},\"author\":{\"name\":\"Roberto\",\"@id\":\"https:\\\/\\\/regiaonews.net.br\\\/2022\\\/#\\\/schema\\\/person\\\/2d205a608a5aa97ac279d7a5e6d89ad8\"},\"headline\":\"Cr\u00e9ditos do Governo de SP para regi\u00e3o de Barretos crescem 281%\",\"datePublished\":\"2024-01-20T17:36:50+00:00\",\"mainEntityOfPage\":{\"@id\":\"https:\\\/\\\/regiaonews.net.br\\\/2022\\\/2024\\\/01\\\/20\\\/creditos-do-governo-de-sp-para-regiao-de-barretos-crescem-281\\\/\"},\"wordCount\":245,\"commentCount\":0,\"publisher\":{\"@id\":\"https:\\\/\\\/regiaonews.net.br\\\/2022\\\/#organization\"},\"image\":{\"@id\":\"https:\\\/\\\/regiaonews.net.br\\\/2022\\\/2024\\\/01\\\/20\\\/creditos-do-governo-de-sp-para-regiao-de-barretos-crescem-281\\\/#primaryimage\"},\"thumbnailUrl\":\"https:\\\/\\\/regiaonews.net.br\\\/2022\\\/wp-content\\\/uploads\\\/2020\\\/03\\\/barretos-vista-area-divulgacao-prefeitura.jpg\",\"articleSection\":[\"Barretos\",\"Cidades\"],\"inLanguage\":\"pt-BR\",\"potentialAction\":[{\"@type\":\"CommentAction\",\"name\":\"Comment\",\"target\":[\"https:\\\/\\\/regiaonews.net.br\\\/2022\\\/2024\\\/01\\\/20\\\/creditos-do-governo-de-sp-para-regiao-de-barretos-crescem-281\\\/#respond\"]}]},{\"@type\":\"WebPage\",\"@id\":\"https:\\\/\\\/regiaonews.net.br\\\/2022\\\/2024\\\/01\\\/20\\\/creditos-do-governo-de-sp-para-regiao-de-barretos-crescem-281\\\/\",\"url\":\"https:\\\/\\\/regiaonews.net.br\\\/2022\\\/2024\\\/01\\\/20\\\/creditos-do-governo-de-sp-para-regiao-de-barretos-crescem-281\\\/\",\"name\":\"Cr\u00e9ditos do Governo de SP para regi\u00e3o de Barretos crescem 281% - Regi\u00e3o News\",\"isPartOf\":{\"@id\":\"https:\\\/\\\/regiaonews.net.br\\\/2022\\\/#website\"},\"primaryImageOfPage\":{\"@id\":\"https:\\\/\\\/regiaonews.net.br\\\/2022\\\/2024\\\/01\\\/20\\\/creditos-do-governo-de-sp-para-regiao-de-barretos-crescem-281\\\/#primaryimage\"},\"image\":{\"@id\":\"https:\\\/\\\/regiaonews.net.br\\\/2022\\\/2024\\\/01\\\/20\\\/creditos-do-governo-de-sp-para-regiao-de-barretos-crescem-281\\\/#primaryimage\"},\"thumbnailUrl\":\"https:\\\/\\\/regiaonews.net.br\\\/2022\\\/wp-content\\\/uploads\\\/2020\\\/03\\\/barretos-vista-area-divulgacao-prefeitura.jpg\",\"datePublished\":\"2024-01-20T17:36:50+00:00\",\"breadcrumb\":{\"@id\":\"https:\\\/\\\/regiaonews.net.br\\\/2022\\\/2024\\\/01\\\/20\\\/creditos-do-governo-de-sp-para-regiao-de-barretos-crescem-281\\\/#breadcrumb\"},\"inLanguage\":\"pt-BR\",\"potentialAction\":[{\"@type\":\"ReadAction\",\"target\":[\"https:\\\/\\\/regiaonews.net.br\\\/2022\\\/2024\\\/01\\\/20\\\/creditos-do-governo-de-sp-para-regiao-de-barretos-crescem-281\\\/\"]}]},{\"@type\":\"ImageObject\",\"inLanguage\":\"pt-BR\",\"@id\":\"https:\\\/\\\/regiaonews.net.br\\\/2022\\\/2024\\\/01\\\/20\\\/creditos-do-governo-de-sp-para-regiao-de-barretos-crescem-281\\\/#primaryimage\",\"url\":\"https:\\\/\\\/regiaonews.net.br\\\/2022\\\/wp-content\\\/uploads\\\/2020\\\/03\\\/barretos-vista-area-divulgacao-prefeitura.jpg\",\"contentUrl\":\"https:\\\/\\\/regiaonews.net.br\\\/2022\\\/wp-content\\\/uploads\\\/2020\\\/03\\\/barretos-vista-area-divulgacao-prefeitura.jpg\",\"width\":1024,\"height\":678},{\"@type\":\"BreadcrumbList\",\"@id\":\"https:\\\/\\\/regiaonews.net.br\\\/2022\\\/2024\\\/01\\\/20\\\/creditos-do-governo-de-sp-para-regiao-de-barretos-crescem-281\\\/#breadcrumb\",\"itemListElement\":[{\"@type\":\"ListItem\",\"position\":1,\"name\":\"In\u00edcio\",\"item\":\"https:\\\/\\\/regiaonews.net.br\\\/2022\\\/\"},{\"@type\":\"ListItem\",\"position\":2,\"name\":\"Cr\u00e9ditos do Governo de SP para regi\u00e3o de Barretos crescem 281%\"}]},{\"@type\":\"WebSite\",\"@id\":\"https:\\\/\\\/regiaonews.net.br\\\/2022\\\/#website\",\"url\":\"https:\\\/\\\/regiaonews.net.br\\\/2022\\\/\",\"name\":\"Regi\u00e3o News\",\"description\":\"Site de Not\u00edcias de Barretos e regi\u00e3o\",\"publisher\":{\"@id\":\"https:\\\/\\\/regiaonews.net.br\\\/2022\\\/#organization\"},\"potentialAction\":[{\"@type\":\"SearchAction\",\"target\":{\"@type\":\"EntryPoint\",\"urlTemplate\":\"https:\\\/\\\/regiaonews.net.br\\\/2022\\\/?s={search_term_string}\"},\"query-input\":{\"@type\":\"PropertyValueSpecification\",\"valueRequired\":true,\"valueName\":\"search_term_string\"}}],\"inLanguage\":\"pt-BR\"},{\"@type\":\"Organization\",\"@id\":\"https:\\\/\\\/regiaonews.net.br\\\/2022\\\/#organization\",\"name\":\"Regi\u00e3o News\",\"url\":\"https:\\\/\\\/regiaonews.net.br\\\/2022\\\/\",\"logo\":{\"@type\":\"ImageObject\",\"inLanguage\":\"pt-BR\",\"@id\":\"https:\\\/\\\/regiaonews.net.br\\\/2022\\\/#\\\/schema\\\/logo\\\/image\\\/\",\"url\":\"https:\\\/\\\/regiaonews.net.br\\\/2022\\\/wp-content\\\/uploads\\\/2026\\\/03\\\/regiao-13-anos-scaled.jpg\",\"contentUrl\":\"https:\\\/\\\/regiaonews.net.br\\\/2022\\\/wp-content\\\/uploads\\\/2026\\\/03\\\/regiao-13-anos-scaled.jpg\",\"width\":2560,\"height\":635,\"caption\":\"Regi\u00e3o News\"},\"image\":{\"@id\":\"https:\\\/\\\/regiaonews.net.br\\\/2022\\\/#\\\/schema\\\/logo\\\/image\\\/\"}},{\"@type\":\"Person\",\"@id\":\"https:\\\/\\\/regiaonews.net.br\\\/2022\\\/#\\\/schema\\\/person\\\/2d205a608a5aa97ac279d7a5e6d89ad8\",\"name\":\"Roberto\",\"image\":{\"@type\":\"ImageObject\",\"inLanguage\":\"pt-BR\",\"@id\":\"https:\\\/\\\/secure.gravatar.com\\\/avatar\\\/42749d8b712ff9d59ca93dc150494e5b55a44134482993f5baeb97e61b7ecc89?s=96&d=mm&r=g\",\"url\":\"https:\\\/\\\/secure.gravatar.com\\\/avatar\\\/42749d8b712ff9d59ca93dc150494e5b55a44134482993f5baeb97e61b7ecc89?s=96&d=mm&r=g\",\"contentUrl\":\"https:\\\/\\\/secure.gravatar.com\\\/avatar\\\/42749d8b712ff9d59ca93dc150494e5b55a44134482993f5baeb97e61b7ecc89?s=96&d=mm&r=g\",\"caption\":\"Roberto\"},\"url\":\"https:\\\/\\\/regiaonews.net.br\\\/2022\\\/author\\\/roberto\\\/\"}]}<\/script>\n<!-- \/ Yoast SEO plugin. -->","yoast_head_json":{"title":"Cr\u00e9ditos do Governo de SP para regi\u00e3o de Barretos crescem 281% - Regi\u00e3o News","robots":{"index":"index","follow":"follow","max-snippet":"max-snippet:-1","max-image-preview":"max-image-preview:large","max-video-preview":"max-video-preview:-1"},"canonical":"https:\/\/regiaonews.net.br\/2022\/2024\/01\/20\/creditos-do-governo-de-sp-para-regiao-de-barretos-crescem-281\/","og_locale":"pt_BR","og_type":"article","og_title":"Cr\u00e9ditos do Governo de SP para regi\u00e3o de Barretos crescem 281% - Regi\u00e3o News","og_description":"Recursos destinados para o \u201cDesenvolvimento de Munic\u00edpios\u201d lideram os recursos","og_url":"https:\/\/regiaonews.net.br\/2022\/2024\/01\/20\/creditos-do-governo-de-sp-para-regiao-de-barretos-crescem-281\/","og_site_name":"Regi\u00e3o News","article_published_time":"2024-01-20T17:36:50+00:00","og_image":[{"width":1024,"height":678,"url":"https:\/\/regiaonews.net.br\/2022\/wp-content\/uploads\/2020\/03\/barretos-vista-area-divulgacao-prefeitura.jpg","type":"image\/jpeg"}],"author":"Roberto","twitter_card":"summary_large_image","twitter_misc":{"Escrito por":"Roberto","Est. tempo de leitura":"2 minutos"},"schema":{"@context":"https:\/\/schema.org","@graph":[{"@type":"Article","@id":"https:\/\/regiaonews.net.br\/2022\/2024\/01\/20\/creditos-do-governo-de-sp-para-regiao-de-barretos-crescem-281\/#article","isPartOf":{"@id":"https:\/\/regiaonews.net.br\/2022\/2024\/01\/20\/creditos-do-governo-de-sp-para-regiao-de-barretos-crescem-281\/"},"author":{"name":"Roberto","@id":"https:\/\/regiaonews.net.br\/2022\/#\/schema\/person\/2d205a608a5aa97ac279d7a5e6d89ad8"},"headline":"Cr\u00e9ditos do Governo de SP para regi\u00e3o de Barretos crescem 281%","datePublished":"2024-01-20T17:36:50+00:00","mainEntityOfPage":{"@id":"https:\/\/regiaonews.net.br\/2022\/2024\/01\/20\/creditos-do-governo-de-sp-para-regiao-de-barretos-crescem-281\/"},"wordCount":245,"commentCount":0,"publisher":{"@id":"https:\/\/regiaonews.net.br\/2022\/#organization"},"image":{"@id":"https:\/\/regiaonews.net.br\/2022\/2024\/01\/20\/creditos-do-governo-de-sp-para-regiao-de-barretos-crescem-281\/#primaryimage"},"thumbnailUrl":"https:\/\/regiaonews.net.br\/2022\/wp-content\/uploads\/2020\/03\/barretos-vista-area-divulgacao-prefeitura.jpg","articleSection":["Barretos","Cidades"],"inLanguage":"pt-BR","potentialAction":[{"@type":"CommentAction","name":"Comment","target":["https:\/\/regiaonews.net.br\/2022\/2024\/01\/20\/creditos-do-governo-de-sp-para-regiao-de-barretos-crescem-281\/#respond"]}]},{"@type":"WebPage","@id":"https:\/\/regiaonews.net.br\/2022\/2024\/01\/20\/creditos-do-governo-de-sp-para-regiao-de-barretos-crescem-281\/","url":"https:\/\/regiaonews.net.br\/2022\/2024\/01\/20\/creditos-do-governo-de-sp-para-regiao-de-barretos-crescem-281\/","name":"Cr\u00e9ditos do Governo de SP para regi\u00e3o de Barretos crescem 281% - Regi\u00e3o News","isPartOf":{"@id":"https:\/\/regiaonews.net.br\/2022\/#website"},"primaryImageOfPage":{"@id":"https:\/\/regiaonews.net.br\/2022\/2024\/01\/20\/creditos-do-governo-de-sp-para-regiao-de-barretos-crescem-281\/#primaryimage"},"image":{"@id":"https:\/\/regiaonews.net.br\/2022\/2024\/01\/20\/creditos-do-governo-de-sp-para-regiao-de-barretos-crescem-281\/#primaryimage"},"thumbnailUrl":"https:\/\/regiaonews.net.br\/2022\/wp-content\/uploads\/2020\/03\/barretos-vista-area-divulgacao-prefeitura.jpg","datePublished":"2024-01-20T17:36:50+00:00","breadcrumb":{"@id":"https:\/\/regiaonews.net.br\/2022\/2024\/01\/20\/creditos-do-governo-de-sp-para-regiao-de-barretos-crescem-281\/#breadcrumb"},"inLanguage":"pt-BR","potentialAction":[{"@type":"ReadAction","target":["https:\/\/regiaonews.net.br\/2022\/2024\/01\/20\/creditos-do-governo-de-sp-para-regiao-de-barretos-crescem-281\/"]}]},{"@type":"ImageObject","inLanguage":"pt-BR","@id":"https:\/\/regiaonews.net.br\/2022\/2024\/01\/20\/creditos-do-governo-de-sp-para-regiao-de-barretos-crescem-281\/#primaryimage","url":"https:\/\/regiaonews.net.br\/2022\/wp-content\/uploads\/2020\/03\/barretos-vista-area-divulgacao-prefeitura.jpg","contentUrl":"https:\/\/regiaonews.net.br\/2022\/wp-content\/uploads\/2020\/03\/barretos-vista-area-divulgacao-prefeitura.jpg","width":1024,"height":678},{"@type":"BreadcrumbList","@id":"https:\/\/regiaonews.net.br\/2022\/2024\/01\/20\/creditos-do-governo-de-sp-para-regiao-de-barretos-crescem-281\/#breadcrumb","itemListElement":[{"@type":"ListItem","position":1,"name":"In\u00edcio","item":"https:\/\/regiaonews.net.br\/2022\/"},{"@type":"ListItem","position":2,"name":"Cr\u00e9ditos do Governo de SP para regi\u00e3o de Barretos crescem 281%"}]},{"@type":"WebSite","@id":"https:\/\/regiaonews.net.br\/2022\/#website","url":"https:\/\/regiaonews.net.br\/2022\/","name":"Regi\u00e3o News","description":"Site de Not\u00edcias de Barretos e regi\u00e3o","publisher":{"@id":"https:\/\/regiaonews.net.br\/2022\/#organization"},"potentialAction":[{"@type":"SearchAction","target":{"@type":"EntryPoint","urlTemplate":"https:\/\/regiaonews.net.br\/2022\/?s={search_term_string}"},"query-input":{"@type":"PropertyValueSpecification","valueRequired":true,"valueName":"search_term_string"}}],"inLanguage":"pt-BR"},{"@type":"Organization","@id":"https:\/\/regiaonews.net.br\/2022\/#organization","name":"Regi\u00e3o News","url":"https:\/\/regiaonews.net.br\/2022\/","logo":{"@type":"ImageObject","inLanguage":"pt-BR","@id":"https:\/\/regiaonews.net.br\/2022\/#\/schema\/logo\/image\/","url":"https:\/\/regiaonews.net.br\/2022\/wp-content\/uploads\/2026\/03\/regiao-13-anos-scaled.jpg","contentUrl":"https:\/\/regiaonews.net.br\/2022\/wp-content\/uploads\/2026\/03\/regiao-13-anos-scaled.jpg","width":2560,"height":635,"caption":"Regi\u00e3o News"},"image":{"@id":"https:\/\/regiaonews.net.br\/2022\/#\/schema\/logo\/image\/"}},{"@type":"Person","@id":"https:\/\/regiaonews.net.br\/2022\/#\/schema\/person\/2d205a608a5aa97ac279d7a5e6d89ad8","name":"Roberto","image":{"@type":"ImageObject","inLanguage":"pt-BR","@id":"https:\/\/secure.gravatar.com\/avatar\/42749d8b712ff9d59ca93dc150494e5b55a44134482993f5baeb97e61b7ecc89?s=96&d=mm&r=g","url":"https:\/\/secure.gravatar.com\/avatar\/42749d8b712ff9d59ca93dc150494e5b55a44134482993f5baeb97e61b7ecc89?s=96&d=mm&r=g","contentUrl":"https:\/\/secure.gravatar.com\/avatar\/42749d8b712ff9d59ca93dc150494e5b55a44134482993f5baeb97e61b7ecc89?s=96&d=mm&r=g","caption":"Roberto"},"url":"https:\/\/regiaonews.net.br\/2022\/author\/roberto\/"}]}},"publishpress_future_action":{"enabled":false,"date":"2026-05-04 02:58:17","action":"change-status","newStatus":"draft","terms":[],"taxonomy":"category","extraData":[]},"publishpress_future_workflow_manual_trigger":{"enabledWorkflows":[]},"_links":{"self":[{"href":"https:\/\/regiaonews.net.br\/2022\/wp-json\/wp\/v2\/posts\/100385","targetHints":{"allow":["GET"]}}],"collection":[{"href":"https:\/\/regiaonews.net.br\/2022\/wp-json\/wp\/v2\/posts"}],"about":[{"href":"https:\/\/regiaonews.net.br\/2022\/wp-json\/wp\/v2\/types\/post"}],"author":[{"embeddable":true,"href":"https:\/\/regiaonews.net.br\/2022\/wp-json\/wp\/v2\/users\/2"}],"replies":[{"embeddable":true,"href":"https:\/\/regiaonews.net.br\/2022\/wp-json\/wp\/v2\/comments?post=100385"}],"version-history":[{"count":1,"href":"https:\/\/regiaonews.net.br\/2022\/wp-json\/wp\/v2\/posts\/100385\/revisions"}],"predecessor-version":[{"id":100386,"href":"https:\/\/regiaonews.net.br\/2022\/wp-json\/wp\/v2\/posts\/100385\/revisions\/100386"}],"wp:featuredmedia":[{"embeddable":true,"href":"https:\/\/regiaonews.net.br\/2022\/wp-json\/wp\/v2\/media\/29562"}],"wp:attachment":[{"href":"https:\/\/regiaonews.net.br\/2022\/wp-json\/wp\/v2\/media?parent=100385"}],"wp:term":[{"taxonomy":"category","embeddable":true,"href":"https:\/\/regiaonews.net.br\/2022\/wp-json\/wp\/v2\/categories?post=100385"},{"taxonomy":"post_tag","embeddable":true,"href":"https:\/\/regiaonews.net.br\/2022\/wp-json\/wp\/v2\/tags?post=100385"}],"curies":[{"name":"wp","href":"https:\/\/api.w.org\/{rel}","templated":true}]}}