{"id":100374,"date":"2024-01-20T04:08:03","date_gmt":"2024-01-20T07:08:03","guid":{"rendered":"https:\/\/regiaonews.net.br\/2022\/?p=100374"},"modified":"2024-01-20T04:08:03","modified_gmt":"2024-01-20T07:08:03","slug":"paulistao-tem-inicio-com-abertura-especial-em-ribeirao","status":"publish","type":"post","link":"https:\/\/regiaonews.net.br\/2022\/2024\/01\/20\/paulistao-tem-inicio-com-abertura-especial-em-ribeirao\/","title":{"rendered":"Paulist\u00e3o tem in\u00edcio com abertura especial em Ribeir\u00e3o"},"content":{"rendered":"<header>\n<div class=\"wrapper\"><\/div>\n<\/header>\n<section class=\"main\">\n<div class=\"interna pag-noticias-int\">\n<div class=\"wrapper\">\n<section class=\"noticias\">\n<div class=\"galeria\">\n<div id=\"cpBody_panelPrincipal\" class=\"item destaque\">\n<div id=\"cpBody_panelBg\" class=\"item-bg\"><\/div>\n<p><span id=\"cpBody_lblCreditoFoto\" class=\"credito\">(CR\u00c9DITO: ARTE\/FPF)<\/span><\/p>\n<div class=\"cont\"><\/div>\n<\/div>\n<p class=\"dados\">\n<\/div>\n<\/section>\n<div class=\"box-share\"><\/div>\n<div class=\"row col-equal-h clear\">\n<div class=\"post col-md-9 col-sm-12\">O Paulist\u00e3o Sicredi, maior e mais tradicional Estadual do pa\u00eds, come\u00e7a neste s\u00e1bado (20) com quatro jogos ao vivo, e evento de abertura especial em Ribeir\u00e3o Preto.<\/p>\n<p>Botafogo e Santos enfrentam-se \u00e0s 18h, no est\u00e1dio Santa Cruz\/Arena Nicnet, com transmiss\u00e3o ao vivo da Caz\u00e9TV no YouTube e no Paulist\u00e3o Play, na abertura oficial da competi\u00e7\u00e3o.<\/p>\n<p>Mais cedo, \u00e0s 17h15, Red Bull Bragantino e \u00c1gua Santa jogam em Bragan\u00e7a Paulista com transmiss\u00e3o de TNT, HBO Max e Paulist\u00e3o Play.<\/p>\n<p>O S\u00e3o Paulo estreia no Paulist\u00e3o Sicredi \u00e0s 20h, no MorumBIS, contra o Santo Andr\u00e9, ao vivo na TNT e HBO Max. Fechando o s\u00e1bado de estreia, a Ponte Preta recebe o Mirassol em Campinas, ao vivo na Caz\u00e9TV e no Paulist\u00e3o Play.<\/p>\n<p><strong>Domingos<\/strong><\/div>\n<div class=\"post col-md-9 col-sm-12\">\nA Record TV estreia o novo hor\u00e1rio nobre do futebol aos domingos. \u00c0s 18h, Corinthians e Guarani enfrentam-se na NeoQu\u00edmica Arena, ao vivo tamb\u00e9m pelo Paulist\u00e3o Play.<\/p>\n<p>Mais cedo, \u00e0s 16h, o atual bicampe\u00e3o paulista, Palmeiras, faz sua estreia contra o Novorizontino, fora de casa, com transmiss\u00e3o da Caz\u00e9TV e do Paulist\u00e3o Play.<\/p>\n<p>Tamb\u00e9m \u00e0s 16h, S\u00e3o Bernardo e Ituano enfrentam-se em S\u00e3o Bernardo do Campo, ao vivo no Paulist\u00e3o Play.<\/p>\n<p>E fechando a primeira rodada, Inter de Limeira e Portuguesa estreiam em Limeira, \u00e0s 18h, na Caz\u00e9TV e no Paulist\u00e3o Play.<\/p>\n<p><strong>PAULIST\u00c3O PLAY<\/strong><br \/>\nO Paulist\u00e3o Play, servi\u00e7o de streaming de jogos ao vivo da Federa\u00e7\u00e3o Paulista de Futebol est\u00e1 dispon\u00edvel na web, nas lojas da Apple e Google e Samsung SmartTV. A mesma transmiss\u00e3o tamb\u00e9m estar\u00e1 dispon\u00edvel para assinantes das operadoras Vivo e Sky.<\/p>\n<p>Na Vivo, os Canais Paulist\u00e3o Play estar\u00e3o dispon\u00edveis nos pacotes premium da Operadora (Banda Larga, TV Paga e P\u00f3s-Pago -&gt; Vivo Play). Ser\u00e3o 3 canais Paulist\u00e3o Play.<\/p>\n<p>Na Sky, os Canais Paulist\u00e3o Play estar\u00e3o dispon\u00edveis para toda a base do SKY+, dentro do canal (ou canais) DSports.<\/p>\n<p>Al\u00e9m disso, o ISP Alloha Fibra (e seus provedores do grupo) seguem com o Bundle de Paulist\u00e3o Play dispon\u00edvel para 2024.<\/p>\n<p>Todas as informa\u00e7\u00f5es, valores e planos est\u00e3o dispon\u00edveis em www.paulistaoplay.com.br.<\/p><\/div>\n<div><\/div>\n<div class=\"post col-md-9 col-sm-12\">Acesso<br \/>\nO torcedor tem um atalho para as transmiss\u00f5es dos jogos: o site\u00a0<a href=\"http:\/\/www.cadeojogo.com.br\/\">www.cadeojogo.com.br<\/a>, atualizado diariamente, traz a rela\u00e7\u00e3o simplificada das partidas e suas respectivas transmiss\u00f5es, com links diretos para os jogos. Todos os detalhes das partidas, incluindo a escala de \u00e1rbitros e informa\u00e7\u00f5es oficiais, est\u00e3o dispon\u00edveis em\u00a0<a href=\"http:\/\/www.futebolpaulista.com.br\/\">www.futebolpaulista.com.br<\/a><\/div>\n<\/div>\n<\/div>\n<\/div>\n<\/section>\n","protected":false},"excerpt":{"rendered":"<p>(CR\u00c9DITO: ARTE\/FPF) O Paulist\u00e3o Sicredi, maior e mais tradicional Estadual<\/p>\n","protected":false},"author":2,"featured_media":100375,"comment_status":"open","ping_status":"open","sticky":false,"template":"","format":"standard","meta":{"footnotes":""},"categories":[183,21],"tags":[],"class_list":["post-100374","post","type-post","status-publish","format-standard","has-post-thumbnail","hentry","category-campeonato-paulista","category-esporte"],"yoast_head":"<!-- This site is optimized with the Yoast SEO plugin v27.4 - https:\/\/yoast.com\/product\/yoast-seo-wordpress\/ -->\n<title>Paulist\u00e3o tem in\u00edcio com abertura especial em Ribeir\u00e3o - Regi\u00e3o News<\/title>\n<meta name=\"robots\" content=\"index, follow, max-snippet:-1, max-image-preview:large, max-video-preview:-1\" \/>\n<link rel=\"canonical\" href=\"https:\/\/regiaonews.net.br\/2022\/2024\/01\/20\/paulistao-tem-inicio-com-abertura-especial-em-ribeirao\/\" \/>\n<meta property=\"og:locale\" content=\"pt_BR\" \/>\n<meta property=\"og:type\" content=\"article\" \/>\n<meta property=\"og:title\" content=\"Paulist\u00e3o tem in\u00edcio com abertura especial em Ribeir\u00e3o - Regi\u00e3o News\" \/>\n<meta property=\"og:description\" content=\"(CR\u00c9DITO: ARTE\/FPF) O Paulist\u00e3o Sicredi, maior e mais tradicional Estadual\" \/>\n<meta property=\"og:url\" content=\"https:\/\/regiaonews.net.br\/2022\/2024\/01\/20\/paulistao-tem-inicio-com-abertura-especial-em-ribeirao\/\" \/>\n<meta property=\"og:site_name\" content=\"Regi\u00e3o News\" \/>\n<meta property=\"article:published_time\" content=\"2024-01-20T07:08:03+00:00\" \/>\n<meta property=\"og:image\" content=\"https:\/\/regiaonews.net.br\/2022\/wp-content\/uploads\/2024\/01\/PaulistaoSicredi2024_Site2_.png\" \/>\n\t<meta property=\"og:image:width\" content=\"1166\" \/>\n\t<meta property=\"og:image:height\" content=\"586\" \/>\n\t<meta property=\"og:image:type\" content=\"image\/png\" \/>\n<meta name=\"author\" content=\"Roberto\" \/>\n<meta name=\"twitter:card\" content=\"summary_large_image\" \/>\n<meta name=\"twitter:label1\" content=\"Escrito por\" \/>\n\t<meta name=\"twitter:data1\" content=\"Roberto\" \/>\n\t<meta name=\"twitter:label2\" content=\"Est. tempo de leitura\" \/>\n\t<meta name=\"twitter:data2\" content=\"3 minutos\" \/>\n<script type=\"application\/ld+json\" class=\"yoast-schema-graph\">{\"@context\":\"https:\\\/\\\/schema.org\",\"@graph\":[{\"@type\":\"Article\",\"@id\":\"https:\\\/\\\/regiaonews.net.br\\\/2022\\\/2024\\\/01\\\/20\\\/paulistao-tem-inicio-com-abertura-especial-em-ribeirao\\\/#article\",\"isPartOf\":{\"@id\":\"https:\\\/\\\/regiaonews.net.br\\\/2022\\\/2024\\\/01\\\/20\\\/paulistao-tem-inicio-com-abertura-especial-em-ribeirao\\\/\"},\"author\":{\"name\":\"Roberto\",\"@id\":\"https:\\\/\\\/regiaonews.net.br\\\/2022\\\/#\\\/schema\\\/person\\\/2d205a608a5aa97ac279d7a5e6d89ad8\"},\"headline\":\"Paulist\u00e3o tem in\u00edcio com abertura especial em Ribeir\u00e3o\",\"datePublished\":\"2024-01-20T07:08:03+00:00\",\"mainEntityOfPage\":{\"@id\":\"https:\\\/\\\/regiaonews.net.br\\\/2022\\\/2024\\\/01\\\/20\\\/paulistao-tem-inicio-com-abertura-especial-em-ribeirao\\\/\"},\"wordCount\":468,\"commentCount\":0,\"publisher\":{\"@id\":\"https:\\\/\\\/regiaonews.net.br\\\/2022\\\/#organization\"},\"image\":{\"@id\":\"https:\\\/\\\/regiaonews.net.br\\\/2022\\\/2024\\\/01\\\/20\\\/paulistao-tem-inicio-com-abertura-especial-em-ribeirao\\\/#primaryimage\"},\"thumbnailUrl\":\"https:\\\/\\\/regiaonews.net.br\\\/2022\\\/wp-content\\\/uploads\\\/2024\\\/01\\\/PaulistaoSicredi2024_Site2_.png\",\"articleSection\":[\"Campeonato Paulista\",\"Esporte\"],\"inLanguage\":\"pt-BR\",\"potentialAction\":[{\"@type\":\"CommentAction\",\"name\":\"Comment\",\"target\":[\"https:\\\/\\\/regiaonews.net.br\\\/2022\\\/2024\\\/01\\\/20\\\/paulistao-tem-inicio-com-abertura-especial-em-ribeirao\\\/#respond\"]}]},{\"@type\":\"WebPage\",\"@id\":\"https:\\\/\\\/regiaonews.net.br\\\/2022\\\/2024\\\/01\\\/20\\\/paulistao-tem-inicio-com-abertura-especial-em-ribeirao\\\/\",\"url\":\"https:\\\/\\\/regiaonews.net.br\\\/2022\\\/2024\\\/01\\\/20\\\/paulistao-tem-inicio-com-abertura-especial-em-ribeirao\\\/\",\"name\":\"Paulist\u00e3o tem in\u00edcio com abertura especial em Ribeir\u00e3o - Regi\u00e3o News\",\"isPartOf\":{\"@id\":\"https:\\\/\\\/regiaonews.net.br\\\/2022\\\/#website\"},\"primaryImageOfPage\":{\"@id\":\"https:\\\/\\\/regiaonews.net.br\\\/2022\\\/2024\\\/01\\\/20\\\/paulistao-tem-inicio-com-abertura-especial-em-ribeirao\\\/#primaryimage\"},\"image\":{\"@id\":\"https:\\\/\\\/regiaonews.net.br\\\/2022\\\/2024\\\/01\\\/20\\\/paulistao-tem-inicio-com-abertura-especial-em-ribeirao\\\/#primaryimage\"},\"thumbnailUrl\":\"https:\\\/\\\/regiaonews.net.br\\\/2022\\\/wp-content\\\/uploads\\\/2024\\\/01\\\/PaulistaoSicredi2024_Site2_.png\",\"datePublished\":\"2024-01-20T07:08:03+00:00\",\"breadcrumb\":{\"@id\":\"https:\\\/\\\/regiaonews.net.br\\\/2022\\\/2024\\\/01\\\/20\\\/paulistao-tem-inicio-com-abertura-especial-em-ribeirao\\\/#breadcrumb\"},\"inLanguage\":\"pt-BR\",\"potentialAction\":[{\"@type\":\"ReadAction\",\"target\":[\"https:\\\/\\\/regiaonews.net.br\\\/2022\\\/2024\\\/01\\\/20\\\/paulistao-tem-inicio-com-abertura-especial-em-ribeirao\\\/\"]}]},{\"@type\":\"ImageObject\",\"inLanguage\":\"pt-BR\",\"@id\":\"https:\\\/\\\/regiaonews.net.br\\\/2022\\\/2024\\\/01\\\/20\\\/paulistao-tem-inicio-com-abertura-especial-em-ribeirao\\\/#primaryimage\",\"url\":\"https:\\\/\\\/regiaonews.net.br\\\/2022\\\/wp-content\\\/uploads\\\/2024\\\/01\\\/PaulistaoSicredi2024_Site2_.png\",\"contentUrl\":\"https:\\\/\\\/regiaonews.net.br\\\/2022\\\/wp-content\\\/uploads\\\/2024\\\/01\\\/PaulistaoSicredi2024_Site2_.png\",\"width\":1166,\"height\":586},{\"@type\":\"BreadcrumbList\",\"@id\":\"https:\\\/\\\/regiaonews.net.br\\\/2022\\\/2024\\\/01\\\/20\\\/paulistao-tem-inicio-com-abertura-especial-em-ribeirao\\\/#breadcrumb\",\"itemListElement\":[{\"@type\":\"ListItem\",\"position\":1,\"name\":\"In\u00edcio\",\"item\":\"https:\\\/\\\/regiaonews.net.br\\\/2022\\\/\"},{\"@type\":\"ListItem\",\"position\":2,\"name\":\"Paulist\u00e3o tem in\u00edcio com abertura especial em Ribeir\u00e3o\"}]},{\"@type\":\"WebSite\",\"@id\":\"https:\\\/\\\/regiaonews.net.br\\\/2022\\\/#website\",\"url\":\"https:\\\/\\\/regiaonews.net.br\\\/2022\\\/\",\"name\":\"Regi\u00e3o News\",\"description\":\"Site de Not\u00edcias de Barretos e regi\u00e3o\",\"publisher\":{\"@id\":\"https:\\\/\\\/regiaonews.net.br\\\/2022\\\/#organization\"},\"potentialAction\":[{\"@type\":\"SearchAction\",\"target\":{\"@type\":\"EntryPoint\",\"urlTemplate\":\"https:\\\/\\\/regiaonews.net.br\\\/2022\\\/?s={search_term_string}\"},\"query-input\":{\"@type\":\"PropertyValueSpecification\",\"valueRequired\":true,\"valueName\":\"search_term_string\"}}],\"inLanguage\":\"pt-BR\"},{\"@type\":\"Organization\",\"@id\":\"https:\\\/\\\/regiaonews.net.br\\\/2022\\\/#organization\",\"name\":\"Regi\u00e3o News\",\"url\":\"https:\\\/\\\/regiaonews.net.br\\\/2022\\\/\",\"logo\":{\"@type\":\"ImageObject\",\"inLanguage\":\"pt-BR\",\"@id\":\"https:\\\/\\\/regiaonews.net.br\\\/2022\\\/#\\\/schema\\\/logo\\\/image\\\/\",\"url\":\"https:\\\/\\\/regiaonews.net.br\\\/2022\\\/wp-content\\\/uploads\\\/2026\\\/03\\\/regiao-13-anos-scaled.jpg\",\"contentUrl\":\"https:\\\/\\\/regiaonews.net.br\\\/2022\\\/wp-content\\\/uploads\\\/2026\\\/03\\\/regiao-13-anos-scaled.jpg\",\"width\":2560,\"height\":635,\"caption\":\"Regi\u00e3o News\"},\"image\":{\"@id\":\"https:\\\/\\\/regiaonews.net.br\\\/2022\\\/#\\\/schema\\\/logo\\\/image\\\/\"}},{\"@type\":\"Person\",\"@id\":\"https:\\\/\\\/regiaonews.net.br\\\/2022\\\/#\\\/schema\\\/person\\\/2d205a608a5aa97ac279d7a5e6d89ad8\",\"name\":\"Roberto\",\"image\":{\"@type\":\"ImageObject\",\"inLanguage\":\"pt-BR\",\"@id\":\"https:\\\/\\\/secure.gravatar.com\\\/avatar\\\/42749d8b712ff9d59ca93dc150494e5b55a44134482993f5baeb97e61b7ecc89?s=96&d=mm&r=g\",\"url\":\"https:\\\/\\\/secure.gravatar.com\\\/avatar\\\/42749d8b712ff9d59ca93dc150494e5b55a44134482993f5baeb97e61b7ecc89?s=96&d=mm&r=g\",\"contentUrl\":\"https:\\\/\\\/secure.gravatar.com\\\/avatar\\\/42749d8b712ff9d59ca93dc150494e5b55a44134482993f5baeb97e61b7ecc89?s=96&d=mm&r=g\",\"caption\":\"Roberto\"},\"url\":\"https:\\\/\\\/regiaonews.net.br\\\/2022\\\/author\\\/roberto\\\/\"}]}<\/script>\n<!-- \/ Yoast SEO plugin. -->","yoast_head_json":{"title":"Paulist\u00e3o tem in\u00edcio com abertura especial em Ribeir\u00e3o - Regi\u00e3o News","robots":{"index":"index","follow":"follow","max-snippet":"max-snippet:-1","max-image-preview":"max-image-preview:large","max-video-preview":"max-video-preview:-1"},"canonical":"https:\/\/regiaonews.net.br\/2022\/2024\/01\/20\/paulistao-tem-inicio-com-abertura-especial-em-ribeirao\/","og_locale":"pt_BR","og_type":"article","og_title":"Paulist\u00e3o tem in\u00edcio com abertura especial em Ribeir\u00e3o - Regi\u00e3o News","og_description":"(CR\u00c9DITO: ARTE\/FPF) O Paulist\u00e3o Sicredi, maior e mais tradicional Estadual","og_url":"https:\/\/regiaonews.net.br\/2022\/2024\/01\/20\/paulistao-tem-inicio-com-abertura-especial-em-ribeirao\/","og_site_name":"Regi\u00e3o News","article_published_time":"2024-01-20T07:08:03+00:00","og_image":[{"width":1166,"height":586,"url":"https:\/\/regiaonews.net.br\/2022\/wp-content\/uploads\/2024\/01\/PaulistaoSicredi2024_Site2_.png","type":"image\/png"}],"author":"Roberto","twitter_card":"summary_large_image","twitter_misc":{"Escrito por":"Roberto","Est. tempo de leitura":"3 minutos"},"schema":{"@context":"https:\/\/schema.org","@graph":[{"@type":"Article","@id":"https:\/\/regiaonews.net.br\/2022\/2024\/01\/20\/paulistao-tem-inicio-com-abertura-especial-em-ribeirao\/#article","isPartOf":{"@id":"https:\/\/regiaonews.net.br\/2022\/2024\/01\/20\/paulistao-tem-inicio-com-abertura-especial-em-ribeirao\/"},"author":{"name":"Roberto","@id":"https:\/\/regiaonews.net.br\/2022\/#\/schema\/person\/2d205a608a5aa97ac279d7a5e6d89ad8"},"headline":"Paulist\u00e3o tem in\u00edcio com abertura especial em Ribeir\u00e3o","datePublished":"2024-01-20T07:08:03+00:00","mainEntityOfPage":{"@id":"https:\/\/regiaonews.net.br\/2022\/2024\/01\/20\/paulistao-tem-inicio-com-abertura-especial-em-ribeirao\/"},"wordCount":468,"commentCount":0,"publisher":{"@id":"https:\/\/regiaonews.net.br\/2022\/#organization"},"image":{"@id":"https:\/\/regiaonews.net.br\/2022\/2024\/01\/20\/paulistao-tem-inicio-com-abertura-especial-em-ribeirao\/#primaryimage"},"thumbnailUrl":"https:\/\/regiaonews.net.br\/2022\/wp-content\/uploads\/2024\/01\/PaulistaoSicredi2024_Site2_.png","articleSection":["Campeonato Paulista","Esporte"],"inLanguage":"pt-BR","potentialAction":[{"@type":"CommentAction","name":"Comment","target":["https:\/\/regiaonews.net.br\/2022\/2024\/01\/20\/paulistao-tem-inicio-com-abertura-especial-em-ribeirao\/#respond"]}]},{"@type":"WebPage","@id":"https:\/\/regiaonews.net.br\/2022\/2024\/01\/20\/paulistao-tem-inicio-com-abertura-especial-em-ribeirao\/","url":"https:\/\/regiaonews.net.br\/2022\/2024\/01\/20\/paulistao-tem-inicio-com-abertura-especial-em-ribeirao\/","name":"Paulist\u00e3o tem in\u00edcio com abertura especial em Ribeir\u00e3o - Regi\u00e3o News","isPartOf":{"@id":"https:\/\/regiaonews.net.br\/2022\/#website"},"primaryImageOfPage":{"@id":"https:\/\/regiaonews.net.br\/2022\/2024\/01\/20\/paulistao-tem-inicio-com-abertura-especial-em-ribeirao\/#primaryimage"},"image":{"@id":"https:\/\/regiaonews.net.br\/2022\/2024\/01\/20\/paulistao-tem-inicio-com-abertura-especial-em-ribeirao\/#primaryimage"},"thumbnailUrl":"https:\/\/regiaonews.net.br\/2022\/wp-content\/uploads\/2024\/01\/PaulistaoSicredi2024_Site2_.png","datePublished":"2024-01-20T07:08:03+00:00","breadcrumb":{"@id":"https:\/\/regiaonews.net.br\/2022\/2024\/01\/20\/paulistao-tem-inicio-com-abertura-especial-em-ribeirao\/#breadcrumb"},"inLanguage":"pt-BR","potentialAction":[{"@type":"ReadAction","target":["https:\/\/regiaonews.net.br\/2022\/2024\/01\/20\/paulistao-tem-inicio-com-abertura-especial-em-ribeirao\/"]}]},{"@type":"ImageObject","inLanguage":"pt-BR","@id":"https:\/\/regiaonews.net.br\/2022\/2024\/01\/20\/paulistao-tem-inicio-com-abertura-especial-em-ribeirao\/#primaryimage","url":"https:\/\/regiaonews.net.br\/2022\/wp-content\/uploads\/2024\/01\/PaulistaoSicredi2024_Site2_.png","contentUrl":"https:\/\/regiaonews.net.br\/2022\/wp-content\/uploads\/2024\/01\/PaulistaoSicredi2024_Site2_.png","width":1166,"height":586},{"@type":"BreadcrumbList","@id":"https:\/\/regiaonews.net.br\/2022\/2024\/01\/20\/paulistao-tem-inicio-com-abertura-especial-em-ribeirao\/#breadcrumb","itemListElement":[{"@type":"ListItem","position":1,"name":"In\u00edcio","item":"https:\/\/regiaonews.net.br\/2022\/"},{"@type":"ListItem","position":2,"name":"Paulist\u00e3o tem in\u00edcio com abertura especial em Ribeir\u00e3o"}]},{"@type":"WebSite","@id":"https:\/\/regiaonews.net.br\/2022\/#website","url":"https:\/\/regiaonews.net.br\/2022\/","name":"Regi\u00e3o News","description":"Site de Not\u00edcias de Barretos e regi\u00e3o","publisher":{"@id":"https:\/\/regiaonews.net.br\/2022\/#organization"},"potentialAction":[{"@type":"SearchAction","target":{"@type":"EntryPoint","urlTemplate":"https:\/\/regiaonews.net.br\/2022\/?s={search_term_string}"},"query-input":{"@type":"PropertyValueSpecification","valueRequired":true,"valueName":"search_term_string"}}],"inLanguage":"pt-BR"},{"@type":"Organization","@id":"https:\/\/regiaonews.net.br\/2022\/#organization","name":"Regi\u00e3o News","url":"https:\/\/regiaonews.net.br\/2022\/","logo":{"@type":"ImageObject","inLanguage":"pt-BR","@id":"https:\/\/regiaonews.net.br\/2022\/#\/schema\/logo\/image\/","url":"https:\/\/regiaonews.net.br\/2022\/wp-content\/uploads\/2026\/03\/regiao-13-anos-scaled.jpg","contentUrl":"https:\/\/regiaonews.net.br\/2022\/wp-content\/uploads\/2026\/03\/regiao-13-anos-scaled.jpg","width":2560,"height":635,"caption":"Regi\u00e3o News"},"image":{"@id":"https:\/\/regiaonews.net.br\/2022\/#\/schema\/logo\/image\/"}},{"@type":"Person","@id":"https:\/\/regiaonews.net.br\/2022\/#\/schema\/person\/2d205a608a5aa97ac279d7a5e6d89ad8","name":"Roberto","image":{"@type":"ImageObject","inLanguage":"pt-BR","@id":"https:\/\/secure.gravatar.com\/avatar\/42749d8b712ff9d59ca93dc150494e5b55a44134482993f5baeb97e61b7ecc89?s=96&d=mm&r=g","url":"https:\/\/secure.gravatar.com\/avatar\/42749d8b712ff9d59ca93dc150494e5b55a44134482993f5baeb97e61b7ecc89?s=96&d=mm&r=g","contentUrl":"https:\/\/secure.gravatar.com\/avatar\/42749d8b712ff9d59ca93dc150494e5b55a44134482993f5baeb97e61b7ecc89?s=96&d=mm&r=g","caption":"Roberto"},"url":"https:\/\/regiaonews.net.br\/2022\/author\/roberto\/"}]}},"publishpress_future_action":{"enabled":false,"date":"2026-05-04 03:19:23","action":"change-status","newStatus":"draft","terms":[],"taxonomy":"category","extraData":[]},"publishpress_future_workflow_manual_trigger":{"enabledWorkflows":[]},"_links":{"self":[{"href":"https:\/\/regiaonews.net.br\/2022\/wp-json\/wp\/v2\/posts\/100374","targetHints":{"allow":["GET"]}}],"collection":[{"href":"https:\/\/regiaonews.net.br\/2022\/wp-json\/wp\/v2\/posts"}],"about":[{"href":"https:\/\/regiaonews.net.br\/2022\/wp-json\/wp\/v2\/types\/post"}],"author":[{"embeddable":true,"href":"https:\/\/regiaonews.net.br\/2022\/wp-json\/wp\/v2\/users\/2"}],"replies":[{"embeddable":true,"href":"https:\/\/regiaonews.net.br\/2022\/wp-json\/wp\/v2\/comments?post=100374"}],"version-history":[{"count":1,"href":"https:\/\/regiaonews.net.br\/2022\/wp-json\/wp\/v2\/posts\/100374\/revisions"}],"predecessor-version":[{"id":100376,"href":"https:\/\/regiaonews.net.br\/2022\/wp-json\/wp\/v2\/posts\/100374\/revisions\/100376"}],"wp:featuredmedia":[{"embeddable":true,"href":"https:\/\/regiaonews.net.br\/2022\/wp-json\/wp\/v2\/media\/100375"}],"wp:attachment":[{"href":"https:\/\/regiaonews.net.br\/2022\/wp-json\/wp\/v2\/media?parent=100374"}],"wp:term":[{"taxonomy":"category","embeddable":true,"href":"https:\/\/regiaonews.net.br\/2022\/wp-json\/wp\/v2\/categories?post=100374"},{"taxonomy":"post_tag","embeddable":true,"href":"https:\/\/regiaonews.net.br\/2022\/wp-json\/wp\/v2\/tags?post=100374"}],"curies":[{"name":"wp","href":"https:\/\/api.w.org\/{rel}","templated":true}]}}