{"id":100371,"date":"2024-01-19T18:59:18","date_gmt":"2024-01-19T21:59:18","guid":{"rendered":"https:\/\/regiaonews.net.br\/2022\/?p=100371"},"modified":"2024-01-19T18:59:18","modified_gmt":"2024-01-19T21:59:18","slug":"policia-civil-prende-31-e-fecha-fabrica-de-falsificacao-de-cerveja-na-zona-sul-de-sao-paulo","status":"publish","type":"post","link":"https:\/\/regiaonews.net.br\/2022\/2024\/01\/19\/policia-civil-prende-31-e-fecha-fabrica-de-falsificacao-de-cerveja-na-zona-sul-de-sao-paulo\/","title":{"rendered":"Pol\u00edcia Civil prende 31 e fecha f\u00e1brica de falsifica\u00e7\u00e3o de cerveja na zona sul de S\u00e3o Paulo"},"content":{"rendered":"<div class=\"col-lg-12 mt-2 justify\">\n<h5 class=\"justify\">R\u00f3tulos e tampinhas das bebidas eram alterados pelos suspeitos, que ofereciam o produto a pre\u00e7os abaixo do mercado<\/h5>\n<\/div>\n<div class=\"col-lg-12 mt-3 justify\">\n<div>\n<div>A Pol\u00edcia Civil prendeu em flagrante 31 pessoas, com idades entre 18 e 51 anos, na tarde desta quinta-feira (18), por falsificarem garrafas de cerveja em uma f\u00e1brica clandestina que funcionava no bairro Jardim \u00c2ngela, na zona sul de S\u00e3o Paulo. Os suspeitos trocavam o r\u00f3tulo e as tampinhas de marcas de qualidade inferior por outros de marcas conceituadas e ofereciam os produtos a comerciantes por valores menores do que os habituais.<\/div>\n<div>\n<div>Os policiais foram acionados por vendedores do Bom Retiro, no centro, sobre a suspeita de irregularidade de um caminh\u00e3o que transportava as bebidas. Devido ao valor cobrado pelos transportadores, os comerciantes desconfiaram de que a carga pudesse ser roubada. Os agentes ent\u00e3o passaram a monitorar o caminh\u00e3o e seguiram o ve\u00edculo at\u00e9 um galp\u00e3o que funcionava 24 horas na zona sul.<\/div>\n<div>\n<div>No local havia grande movimenta\u00e7\u00e3o de pessoas e alguns homens foram vistos lavando e fechando as garrafas de cerveja com uma prensa, o que motivou a entrada dos policiais. Com a presen\u00e7a dos agentes, os suspeitos tentaram fugir, mas foram abordados.<\/div>\n<div>\n<div>Durante a fiscaliza\u00e7\u00e3o no im\u00f3vel, al\u00e9m da adultera\u00e7\u00e3o dos r\u00f3tulos de garrafas, foram localizadas prensa, cola e apetrechos para a coloca\u00e7\u00e3o das tampas. Havia apenas um \u00fanico tipo de cerveja com diversos r\u00f3tulos e tampas de marcas famosas do mercado. No total, 683 caixas com 24 espa\u00e7amentos contendo garrafas cheias foram apreendidas.<\/div>\n<div>\n<div class=\"row\">\n<div class=\"col-lg-12 mt-3 justify\">\n<div>\n<div>Os suspeitos foram encaminhados ao 2\u00b0 DP (Bom Retiro), onde o caso foi registrado como associa\u00e7\u00e3o criminosa e falsifica\u00e7\u00e3o, corrup\u00e7\u00e3o, adultera\u00e7\u00e3o ou altera\u00e7\u00e3o de produtos destinados a fins terap\u00eauticos ou medicinais.<\/div>\n<\/div>\n<\/div>\n<div class=\"col-lg-12 mb-5 justify\"><\/div>\n<\/div>\n<div class=\"row mb-4\"><\/div>\n<\/div>\n<\/div>\n<\/div>\n<\/div>\n<\/div>\n<\/div>\n","protected":false},"excerpt":{"rendered":"<p>R\u00f3tulos e tampinhas das bebidas eram alterados pelos suspeitos, que<\/p>\n","protected":false},"author":2,"featured_media":100372,"comment_status":"open","ping_status":"open","sticky":false,"template":"","format":"standard","meta":{"footnotes":""},"categories":[7,23],"tags":[],"class_list":["post-100371","post","type-post","status-publish","format-standard","has-post-thumbnail","hentry","category-estado-de-sao-paulo","category-policia"],"yoast_head":"<!-- This site is optimized with the Yoast SEO plugin v27.4 - https:\/\/yoast.com\/product\/yoast-seo-wordpress\/ -->\n<title>Pol\u00edcia Civil prende 31 e fecha f\u00e1brica de falsifica\u00e7\u00e3o de cerveja na zona sul de S\u00e3o Paulo - Regi\u00e3o News<\/title>\n<meta name=\"robots\" content=\"index, follow, max-snippet:-1, max-image-preview:large, max-video-preview:-1\" \/>\n<link rel=\"canonical\" href=\"https:\/\/regiaonews.net.br\/2022\/2024\/01\/19\/policia-civil-prende-31-e-fecha-fabrica-de-falsificacao-de-cerveja-na-zona-sul-de-sao-paulo\/\" \/>\n<meta property=\"og:locale\" content=\"pt_BR\" \/>\n<meta property=\"og:type\" content=\"article\" \/>\n<meta property=\"og:title\" content=\"Pol\u00edcia Civil prende 31 e fecha f\u00e1brica de falsifica\u00e7\u00e3o de cerveja na zona sul de S\u00e3o Paulo - Regi\u00e3o News\" \/>\n<meta property=\"og:description\" content=\"R\u00f3tulos e tampinhas das bebidas eram alterados pelos suspeitos, que\" \/>\n<meta property=\"og:url\" content=\"https:\/\/regiaonews.net.br\/2022\/2024\/01\/19\/policia-civil-prende-31-e-fecha-fabrica-de-falsificacao-de-cerveja-na-zona-sul-de-sao-paulo\/\" \/>\n<meta property=\"og:site_name\" content=\"Regi\u00e3o News\" \/>\n<meta property=\"article:published_time\" content=\"2024-01-19T21:59:18+00:00\" \/>\n<meta property=\"og:image\" content=\"https:\/\/regiaonews.net.br\/2022\/wp-content\/uploads\/2024\/01\/00052799.jpg\" \/>\n\t<meta property=\"og:image:width\" content=\"1600\" \/>\n\t<meta property=\"og:image:height\" content=\"1200\" \/>\n\t<meta property=\"og:image:type\" content=\"image\/jpeg\" \/>\n<meta name=\"author\" content=\"Roberto\" \/>\n<meta name=\"twitter:card\" content=\"summary_large_image\" \/>\n<meta name=\"twitter:label1\" content=\"Escrito por\" \/>\n\t<meta name=\"twitter:data1\" content=\"Roberto\" \/>\n\t<meta name=\"twitter:label2\" content=\"Est. tempo de leitura\" \/>\n\t<meta name=\"twitter:data2\" content=\"2 minutos\" \/>\n<script type=\"application\/ld+json\" class=\"yoast-schema-graph\">{\"@context\":\"https:\\\/\\\/schema.org\",\"@graph\":[{\"@type\":\"Article\",\"@id\":\"https:\\\/\\\/regiaonews.net.br\\\/2022\\\/2024\\\/01\\\/19\\\/policia-civil-prende-31-e-fecha-fabrica-de-falsificacao-de-cerveja-na-zona-sul-de-sao-paulo\\\/#article\",\"isPartOf\":{\"@id\":\"https:\\\/\\\/regiaonews.net.br\\\/2022\\\/2024\\\/01\\\/19\\\/policia-civil-prende-31-e-fecha-fabrica-de-falsificacao-de-cerveja-na-zona-sul-de-sao-paulo\\\/\"},\"author\":{\"name\":\"Roberto\",\"@id\":\"https:\\\/\\\/regiaonews.net.br\\\/2022\\\/#\\\/schema\\\/person\\\/2d205a608a5aa97ac279d7a5e6d89ad8\"},\"headline\":\"Pol\u00edcia Civil prende 31 e fecha f\u00e1brica de falsifica\u00e7\u00e3o de cerveja na zona sul de S\u00e3o Paulo\",\"datePublished\":\"2024-01-19T21:59:18+00:00\",\"mainEntityOfPage\":{\"@id\":\"https:\\\/\\\/regiaonews.net.br\\\/2022\\\/2024\\\/01\\\/19\\\/policia-civil-prende-31-e-fecha-fabrica-de-falsificacao-de-cerveja-na-zona-sul-de-sao-paulo\\\/\"},\"wordCount\":314,\"commentCount\":0,\"publisher\":{\"@id\":\"https:\\\/\\\/regiaonews.net.br\\\/2022\\\/#organization\"},\"image\":{\"@id\":\"https:\\\/\\\/regiaonews.net.br\\\/2022\\\/2024\\\/01\\\/19\\\/policia-civil-prende-31-e-fecha-fabrica-de-falsificacao-de-cerveja-na-zona-sul-de-sao-paulo\\\/#primaryimage\"},\"thumbnailUrl\":\"https:\\\/\\\/regiaonews.net.br\\\/2022\\\/wp-content\\\/uploads\\\/2024\\\/01\\\/00052799.jpg\",\"articleSection\":[\"Estado de S\u00e3o Paulo\",\"Policia\"],\"inLanguage\":\"pt-BR\",\"potentialAction\":[{\"@type\":\"CommentAction\",\"name\":\"Comment\",\"target\":[\"https:\\\/\\\/regiaonews.net.br\\\/2022\\\/2024\\\/01\\\/19\\\/policia-civil-prende-31-e-fecha-fabrica-de-falsificacao-de-cerveja-na-zona-sul-de-sao-paulo\\\/#respond\"]}]},{\"@type\":\"WebPage\",\"@id\":\"https:\\\/\\\/regiaonews.net.br\\\/2022\\\/2024\\\/01\\\/19\\\/policia-civil-prende-31-e-fecha-fabrica-de-falsificacao-de-cerveja-na-zona-sul-de-sao-paulo\\\/\",\"url\":\"https:\\\/\\\/regiaonews.net.br\\\/2022\\\/2024\\\/01\\\/19\\\/policia-civil-prende-31-e-fecha-fabrica-de-falsificacao-de-cerveja-na-zona-sul-de-sao-paulo\\\/\",\"name\":\"Pol\u00edcia Civil prende 31 e fecha f\u00e1brica de falsifica\u00e7\u00e3o de cerveja na zona sul de S\u00e3o Paulo - Regi\u00e3o News\",\"isPartOf\":{\"@id\":\"https:\\\/\\\/regiaonews.net.br\\\/2022\\\/#website\"},\"primaryImageOfPage\":{\"@id\":\"https:\\\/\\\/regiaonews.net.br\\\/2022\\\/2024\\\/01\\\/19\\\/policia-civil-prende-31-e-fecha-fabrica-de-falsificacao-de-cerveja-na-zona-sul-de-sao-paulo\\\/#primaryimage\"},\"image\":{\"@id\":\"https:\\\/\\\/regiaonews.net.br\\\/2022\\\/2024\\\/01\\\/19\\\/policia-civil-prende-31-e-fecha-fabrica-de-falsificacao-de-cerveja-na-zona-sul-de-sao-paulo\\\/#primaryimage\"},\"thumbnailUrl\":\"https:\\\/\\\/regiaonews.net.br\\\/2022\\\/wp-content\\\/uploads\\\/2024\\\/01\\\/00052799.jpg\",\"datePublished\":\"2024-01-19T21:59:18+00:00\",\"breadcrumb\":{\"@id\":\"https:\\\/\\\/regiaonews.net.br\\\/2022\\\/2024\\\/01\\\/19\\\/policia-civil-prende-31-e-fecha-fabrica-de-falsificacao-de-cerveja-na-zona-sul-de-sao-paulo\\\/#breadcrumb\"},\"inLanguage\":\"pt-BR\",\"potentialAction\":[{\"@type\":\"ReadAction\",\"target\":[\"https:\\\/\\\/regiaonews.net.br\\\/2022\\\/2024\\\/01\\\/19\\\/policia-civil-prende-31-e-fecha-fabrica-de-falsificacao-de-cerveja-na-zona-sul-de-sao-paulo\\\/\"]}]},{\"@type\":\"ImageObject\",\"inLanguage\":\"pt-BR\",\"@id\":\"https:\\\/\\\/regiaonews.net.br\\\/2022\\\/2024\\\/01\\\/19\\\/policia-civil-prende-31-e-fecha-fabrica-de-falsificacao-de-cerveja-na-zona-sul-de-sao-paulo\\\/#primaryimage\",\"url\":\"https:\\\/\\\/regiaonews.net.br\\\/2022\\\/wp-content\\\/uploads\\\/2024\\\/01\\\/00052799.jpg\",\"contentUrl\":\"https:\\\/\\\/regiaonews.net.br\\\/2022\\\/wp-content\\\/uploads\\\/2024\\\/01\\\/00052799.jpg\",\"width\":1600,\"height\":1200},{\"@type\":\"BreadcrumbList\",\"@id\":\"https:\\\/\\\/regiaonews.net.br\\\/2022\\\/2024\\\/01\\\/19\\\/policia-civil-prende-31-e-fecha-fabrica-de-falsificacao-de-cerveja-na-zona-sul-de-sao-paulo\\\/#breadcrumb\",\"itemListElement\":[{\"@type\":\"ListItem\",\"position\":1,\"name\":\"In\u00edcio\",\"item\":\"https:\\\/\\\/regiaonews.net.br\\\/2022\\\/\"},{\"@type\":\"ListItem\",\"position\":2,\"name\":\"Pol\u00edcia Civil prende 31 e fecha f\u00e1brica de falsifica\u00e7\u00e3o de cerveja na zona sul de S\u00e3o Paulo\"}]},{\"@type\":\"WebSite\",\"@id\":\"https:\\\/\\\/regiaonews.net.br\\\/2022\\\/#website\",\"url\":\"https:\\\/\\\/regiaonews.net.br\\\/2022\\\/\",\"name\":\"Regi\u00e3o News\",\"description\":\"Site de Not\u00edcias de Barretos e regi\u00e3o\",\"publisher\":{\"@id\":\"https:\\\/\\\/regiaonews.net.br\\\/2022\\\/#organization\"},\"potentialAction\":[{\"@type\":\"SearchAction\",\"target\":{\"@type\":\"EntryPoint\",\"urlTemplate\":\"https:\\\/\\\/regiaonews.net.br\\\/2022\\\/?s={search_term_string}\"},\"query-input\":{\"@type\":\"PropertyValueSpecification\",\"valueRequired\":true,\"valueName\":\"search_term_string\"}}],\"inLanguage\":\"pt-BR\"},{\"@type\":\"Organization\",\"@id\":\"https:\\\/\\\/regiaonews.net.br\\\/2022\\\/#organization\",\"name\":\"Regi\u00e3o News\",\"url\":\"https:\\\/\\\/regiaonews.net.br\\\/2022\\\/\",\"logo\":{\"@type\":\"ImageObject\",\"inLanguage\":\"pt-BR\",\"@id\":\"https:\\\/\\\/regiaonews.net.br\\\/2022\\\/#\\\/schema\\\/logo\\\/image\\\/\",\"url\":\"https:\\\/\\\/regiaonews.net.br\\\/2022\\\/wp-content\\\/uploads\\\/2026\\\/03\\\/regiao-13-anos-scaled.jpg\",\"contentUrl\":\"https:\\\/\\\/regiaonews.net.br\\\/2022\\\/wp-content\\\/uploads\\\/2026\\\/03\\\/regiao-13-anos-scaled.jpg\",\"width\":2560,\"height\":635,\"caption\":\"Regi\u00e3o News\"},\"image\":{\"@id\":\"https:\\\/\\\/regiaonews.net.br\\\/2022\\\/#\\\/schema\\\/logo\\\/image\\\/\"}},{\"@type\":\"Person\",\"@id\":\"https:\\\/\\\/regiaonews.net.br\\\/2022\\\/#\\\/schema\\\/person\\\/2d205a608a5aa97ac279d7a5e6d89ad8\",\"name\":\"Roberto\",\"image\":{\"@type\":\"ImageObject\",\"inLanguage\":\"pt-BR\",\"@id\":\"https:\\\/\\\/secure.gravatar.com\\\/avatar\\\/42749d8b712ff9d59ca93dc150494e5b55a44134482993f5baeb97e61b7ecc89?s=96&d=mm&r=g\",\"url\":\"https:\\\/\\\/secure.gravatar.com\\\/avatar\\\/42749d8b712ff9d59ca93dc150494e5b55a44134482993f5baeb97e61b7ecc89?s=96&d=mm&r=g\",\"contentUrl\":\"https:\\\/\\\/secure.gravatar.com\\\/avatar\\\/42749d8b712ff9d59ca93dc150494e5b55a44134482993f5baeb97e61b7ecc89?s=96&d=mm&r=g\",\"caption\":\"Roberto\"},\"url\":\"https:\\\/\\\/regiaonews.net.br\\\/2022\\\/author\\\/roberto\\\/\"}]}<\/script>\n<!-- \/ Yoast SEO plugin. -->","yoast_head_json":{"title":"Pol\u00edcia Civil prende 31 e fecha f\u00e1brica de falsifica\u00e7\u00e3o de cerveja na zona sul de S\u00e3o Paulo - Regi\u00e3o News","robots":{"index":"index","follow":"follow","max-snippet":"max-snippet:-1","max-image-preview":"max-image-preview:large","max-video-preview":"max-video-preview:-1"},"canonical":"https:\/\/regiaonews.net.br\/2022\/2024\/01\/19\/policia-civil-prende-31-e-fecha-fabrica-de-falsificacao-de-cerveja-na-zona-sul-de-sao-paulo\/","og_locale":"pt_BR","og_type":"article","og_title":"Pol\u00edcia Civil prende 31 e fecha f\u00e1brica de falsifica\u00e7\u00e3o de cerveja na zona sul de S\u00e3o Paulo - Regi\u00e3o News","og_description":"R\u00f3tulos e tampinhas das bebidas eram alterados pelos suspeitos, que","og_url":"https:\/\/regiaonews.net.br\/2022\/2024\/01\/19\/policia-civil-prende-31-e-fecha-fabrica-de-falsificacao-de-cerveja-na-zona-sul-de-sao-paulo\/","og_site_name":"Regi\u00e3o News","article_published_time":"2024-01-19T21:59:18+00:00","og_image":[{"width":1600,"height":1200,"url":"https:\/\/regiaonews.net.br\/2022\/wp-content\/uploads\/2024\/01\/00052799.jpg","type":"image\/jpeg"}],"author":"Roberto","twitter_card":"summary_large_image","twitter_misc":{"Escrito por":"Roberto","Est. tempo de leitura":"2 minutos"},"schema":{"@context":"https:\/\/schema.org","@graph":[{"@type":"Article","@id":"https:\/\/regiaonews.net.br\/2022\/2024\/01\/19\/policia-civil-prende-31-e-fecha-fabrica-de-falsificacao-de-cerveja-na-zona-sul-de-sao-paulo\/#article","isPartOf":{"@id":"https:\/\/regiaonews.net.br\/2022\/2024\/01\/19\/policia-civil-prende-31-e-fecha-fabrica-de-falsificacao-de-cerveja-na-zona-sul-de-sao-paulo\/"},"author":{"name":"Roberto","@id":"https:\/\/regiaonews.net.br\/2022\/#\/schema\/person\/2d205a608a5aa97ac279d7a5e6d89ad8"},"headline":"Pol\u00edcia Civil prende 31 e fecha f\u00e1brica de falsifica\u00e7\u00e3o de cerveja na zona sul de S\u00e3o Paulo","datePublished":"2024-01-19T21:59:18+00:00","mainEntityOfPage":{"@id":"https:\/\/regiaonews.net.br\/2022\/2024\/01\/19\/policia-civil-prende-31-e-fecha-fabrica-de-falsificacao-de-cerveja-na-zona-sul-de-sao-paulo\/"},"wordCount":314,"commentCount":0,"publisher":{"@id":"https:\/\/regiaonews.net.br\/2022\/#organization"},"image":{"@id":"https:\/\/regiaonews.net.br\/2022\/2024\/01\/19\/policia-civil-prende-31-e-fecha-fabrica-de-falsificacao-de-cerveja-na-zona-sul-de-sao-paulo\/#primaryimage"},"thumbnailUrl":"https:\/\/regiaonews.net.br\/2022\/wp-content\/uploads\/2024\/01\/00052799.jpg","articleSection":["Estado de S\u00e3o Paulo","Policia"],"inLanguage":"pt-BR","potentialAction":[{"@type":"CommentAction","name":"Comment","target":["https:\/\/regiaonews.net.br\/2022\/2024\/01\/19\/policia-civil-prende-31-e-fecha-fabrica-de-falsificacao-de-cerveja-na-zona-sul-de-sao-paulo\/#respond"]}]},{"@type":"WebPage","@id":"https:\/\/regiaonews.net.br\/2022\/2024\/01\/19\/policia-civil-prende-31-e-fecha-fabrica-de-falsificacao-de-cerveja-na-zona-sul-de-sao-paulo\/","url":"https:\/\/regiaonews.net.br\/2022\/2024\/01\/19\/policia-civil-prende-31-e-fecha-fabrica-de-falsificacao-de-cerveja-na-zona-sul-de-sao-paulo\/","name":"Pol\u00edcia Civil prende 31 e fecha f\u00e1brica de falsifica\u00e7\u00e3o de cerveja na zona sul de S\u00e3o Paulo - Regi\u00e3o News","isPartOf":{"@id":"https:\/\/regiaonews.net.br\/2022\/#website"},"primaryImageOfPage":{"@id":"https:\/\/regiaonews.net.br\/2022\/2024\/01\/19\/policia-civil-prende-31-e-fecha-fabrica-de-falsificacao-de-cerveja-na-zona-sul-de-sao-paulo\/#primaryimage"},"image":{"@id":"https:\/\/regiaonews.net.br\/2022\/2024\/01\/19\/policia-civil-prende-31-e-fecha-fabrica-de-falsificacao-de-cerveja-na-zona-sul-de-sao-paulo\/#primaryimage"},"thumbnailUrl":"https:\/\/regiaonews.net.br\/2022\/wp-content\/uploads\/2024\/01\/00052799.jpg","datePublished":"2024-01-19T21:59:18+00:00","breadcrumb":{"@id":"https:\/\/regiaonews.net.br\/2022\/2024\/01\/19\/policia-civil-prende-31-e-fecha-fabrica-de-falsificacao-de-cerveja-na-zona-sul-de-sao-paulo\/#breadcrumb"},"inLanguage":"pt-BR","potentialAction":[{"@type":"ReadAction","target":["https:\/\/regiaonews.net.br\/2022\/2024\/01\/19\/policia-civil-prende-31-e-fecha-fabrica-de-falsificacao-de-cerveja-na-zona-sul-de-sao-paulo\/"]}]},{"@type":"ImageObject","inLanguage":"pt-BR","@id":"https:\/\/regiaonews.net.br\/2022\/2024\/01\/19\/policia-civil-prende-31-e-fecha-fabrica-de-falsificacao-de-cerveja-na-zona-sul-de-sao-paulo\/#primaryimage","url":"https:\/\/regiaonews.net.br\/2022\/wp-content\/uploads\/2024\/01\/00052799.jpg","contentUrl":"https:\/\/regiaonews.net.br\/2022\/wp-content\/uploads\/2024\/01\/00052799.jpg","width":1600,"height":1200},{"@type":"BreadcrumbList","@id":"https:\/\/regiaonews.net.br\/2022\/2024\/01\/19\/policia-civil-prende-31-e-fecha-fabrica-de-falsificacao-de-cerveja-na-zona-sul-de-sao-paulo\/#breadcrumb","itemListElement":[{"@type":"ListItem","position":1,"name":"In\u00edcio","item":"https:\/\/regiaonews.net.br\/2022\/"},{"@type":"ListItem","position":2,"name":"Pol\u00edcia Civil prende 31 e fecha f\u00e1brica de falsifica\u00e7\u00e3o de cerveja na zona sul de S\u00e3o Paulo"}]},{"@type":"WebSite","@id":"https:\/\/regiaonews.net.br\/2022\/#website","url":"https:\/\/regiaonews.net.br\/2022\/","name":"Regi\u00e3o News","description":"Site de Not\u00edcias de Barretos e regi\u00e3o","publisher":{"@id":"https:\/\/regiaonews.net.br\/2022\/#organization"},"potentialAction":[{"@type":"SearchAction","target":{"@type":"EntryPoint","urlTemplate":"https:\/\/regiaonews.net.br\/2022\/?s={search_term_string}"},"query-input":{"@type":"PropertyValueSpecification","valueRequired":true,"valueName":"search_term_string"}}],"inLanguage":"pt-BR"},{"@type":"Organization","@id":"https:\/\/regiaonews.net.br\/2022\/#organization","name":"Regi\u00e3o News","url":"https:\/\/regiaonews.net.br\/2022\/","logo":{"@type":"ImageObject","inLanguage":"pt-BR","@id":"https:\/\/regiaonews.net.br\/2022\/#\/schema\/logo\/image\/","url":"https:\/\/regiaonews.net.br\/2022\/wp-content\/uploads\/2026\/03\/regiao-13-anos-scaled.jpg","contentUrl":"https:\/\/regiaonews.net.br\/2022\/wp-content\/uploads\/2026\/03\/regiao-13-anos-scaled.jpg","width":2560,"height":635,"caption":"Regi\u00e3o News"},"image":{"@id":"https:\/\/regiaonews.net.br\/2022\/#\/schema\/logo\/image\/"}},{"@type":"Person","@id":"https:\/\/regiaonews.net.br\/2022\/#\/schema\/person\/2d205a608a5aa97ac279d7a5e6d89ad8","name":"Roberto","image":{"@type":"ImageObject","inLanguage":"pt-BR","@id":"https:\/\/secure.gravatar.com\/avatar\/42749d8b712ff9d59ca93dc150494e5b55a44134482993f5baeb97e61b7ecc89?s=96&d=mm&r=g","url":"https:\/\/secure.gravatar.com\/avatar\/42749d8b712ff9d59ca93dc150494e5b55a44134482993f5baeb97e61b7ecc89?s=96&d=mm&r=g","contentUrl":"https:\/\/secure.gravatar.com\/avatar\/42749d8b712ff9d59ca93dc150494e5b55a44134482993f5baeb97e61b7ecc89?s=96&d=mm&r=g","caption":"Roberto"},"url":"https:\/\/regiaonews.net.br\/2022\/author\/roberto\/"}]}},"publishpress_future_action":{"enabled":false,"date":"2026-05-04 01:46:23","action":"change-status","newStatus":"draft","terms":[],"taxonomy":"category","extraData":[]},"publishpress_future_workflow_manual_trigger":{"enabledWorkflows":[]},"_links":{"self":[{"href":"https:\/\/regiaonews.net.br\/2022\/wp-json\/wp\/v2\/posts\/100371","targetHints":{"allow":["GET"]}}],"collection":[{"href":"https:\/\/regiaonews.net.br\/2022\/wp-json\/wp\/v2\/posts"}],"about":[{"href":"https:\/\/regiaonews.net.br\/2022\/wp-json\/wp\/v2\/types\/post"}],"author":[{"embeddable":true,"href":"https:\/\/regiaonews.net.br\/2022\/wp-json\/wp\/v2\/users\/2"}],"replies":[{"embeddable":true,"href":"https:\/\/regiaonews.net.br\/2022\/wp-json\/wp\/v2\/comments?post=100371"}],"version-history":[{"count":1,"href":"https:\/\/regiaonews.net.br\/2022\/wp-json\/wp\/v2\/posts\/100371\/revisions"}],"predecessor-version":[{"id":100373,"href":"https:\/\/regiaonews.net.br\/2022\/wp-json\/wp\/v2\/posts\/100371\/revisions\/100373"}],"wp:featuredmedia":[{"embeddable":true,"href":"https:\/\/regiaonews.net.br\/2022\/wp-json\/wp\/v2\/media\/100372"}],"wp:attachment":[{"href":"https:\/\/regiaonews.net.br\/2022\/wp-json\/wp\/v2\/media?parent=100371"}],"wp:term":[{"taxonomy":"category","embeddable":true,"href":"https:\/\/regiaonews.net.br\/2022\/wp-json\/wp\/v2\/categories?post=100371"},{"taxonomy":"post_tag","embeddable":true,"href":"https:\/\/regiaonews.net.br\/2022\/wp-json\/wp\/v2\/tags?post=100371"}],"curies":[{"name":"wp","href":"https:\/\/api.w.org\/{rel}","templated":true}]}}