{"id":100368,"date":"2024-01-19T18:56:16","date_gmt":"2024-01-19T21:56:16","guid":{"rendered":"https:\/\/regiaonews.net.br\/2022\/?p=100368"},"modified":"2024-01-19T18:56:16","modified_gmt":"2024-01-19T21:56:16","slug":"iniciado-novo-periodo-de-adesao-ao-programa-de-parcelamento-incentivado-para-regularizacao-de-debitos-junto-a-administracao-municipal","status":"publish","type":"post","link":"https:\/\/regiaonews.net.br\/2022\/2024\/01\/19\/iniciado-novo-periodo-de-adesao-ao-programa-de-parcelamento-incentivado-para-regularizacao-de-debitos-junto-a-administracao-municipal\/","title":{"rendered":"Iniciado novo per\u00edodo de ades\u00e3o ao Programa de Parcelamento Incentivado para regulariza\u00e7\u00e3o de d\u00e9bitos junto \u00e0 Administra\u00e7\u00e3o Municipal"},"content":{"rendered":"<p>Contribuintes podem optar pelo pagamento \u00e0 vista ou em 11 parcelas mensais, com 100% de desconto em multas e juros<\/p>\n<p>Institu\u00eddo pela Lei Complementar n\u00ba 583, de 29 de dezembro de 2023, o Programa de Parcelamento Incentivado (PPI) 2024 da Prefeitura da Est\u00e2ncia Tur\u00edstica de Barretos est\u00e1 em vigor e oferece desconto de 100% nas multas e o cancelamento de 100% dos juros morat\u00f3rios para o pagamento de d\u00e9bitos inscritos na D\u00edvida Ativa do munic\u00edpio at\u00e9 o exerc\u00edcio de 2023.<\/p>\n<p>A lei tamb\u00e9m d\u00e1 ao contribuinte as op\u00e7\u00f5es de pagamento dos d\u00e9bitos \u00e0 vista ou parcelados em at\u00e9 11 parcelas mensais, iguais e consecutivas, decrescentes a partir da data do requerimento. \u201cO contribuinte, seja ele pessoa f\u00edsica ou jur\u00eddica, pode aderir ao PPI a qualquer momento at\u00e9 o dia 27 de dezembro de 2024 para quitar seus d\u00e9bitos \u00e0 vista. Se preferir parcelar, aderindo at\u00e9 fevereiro, tem a op\u00e7\u00e3o de pagar em at\u00e9 11 vezes\u201d, explica a encarregada do Departamento de D\u00edvida Ativa, Maria Luiza Grotto de P\u00e1dua Lima.<\/p>\n<p>A consulta de d\u00e9bitos e emiss\u00e3o da guia para recolhimento a vista podem ser feitas pelo site https:\/\/cidadaoonline.barretos.sp.gov.br\/app\/pages\/pages-menu no campo \u201cD\u00e9bito\u201d. Para acessar o servi\u00e7o \u00e9 necess\u00e1rio realizar um cadastro na pr\u00f3pria p\u00e1gina.<\/p>\n<p>Caso opte pelo pagamento parcelado, o mun\u00edcipe deve comparecer ao Departamento de D\u00edvida Ativa, na Avenida Almirante Gago Coutinho, n\u00ba 500, no bairro Rios, para a emiss\u00e3o das guias de recolhimento.<\/p>\n<p>Conforto para o contribuinteTendo em vista a grande procura pelo PPI, a Prefeitura montou uma estrutura especial para receber os contribuintes. Al\u00e9m da sala de atendimento climatizada, na \u00e1rea interna do Pa\u00e7o Municipal foi montada uma tenda de prote\u00e7\u00e3o com cadeiras para espera. \u201cDevido ao clima inst\u00e1vel e pensando no bem estar dos mun\u00edcipes, tivemos o cuidado especial em instalar uma tenda como forma de prote\u00e7\u00e3o\u201d, comentou a encarregada.<\/p>\n<p>O atendimento \u00e9 feito por ordem de chegada, das 8h \u00e0s 14h, mediante entrega de senhas que s\u00e3o distribu\u00eddas at\u00e9 \u00e0s 13h. Mais informa\u00e7\u00f5es podem ser obtidas pelo telefone (17) 3612-2087.<\/p>\n<p>&nbsp;<\/p>\n<p>&nbsp;<\/p>\n","protected":false},"excerpt":{"rendered":"<p>Contribuintes podem optar pelo pagamento \u00e0 vista ou em 11<\/p>\n","protected":false},"author":2,"featured_media":100369,"comment_status":"open","ping_status":"open","sticky":false,"template":"","format":"standard","meta":{"footnotes":""},"categories":[14,25],"tags":[],"class_list":["post-100368","post","type-post","status-publish","format-standard","has-post-thumbnail","hentry","category-barretos","category-cidades"],"yoast_head":"<!-- This site is optimized with the Yoast SEO plugin v27.4 - https:\/\/yoast.com\/product\/yoast-seo-wordpress\/ -->\n<title>Iniciado novo per\u00edodo de ades\u00e3o ao Programa de Parcelamento Incentivado para regulariza\u00e7\u00e3o de d\u00e9bitos junto \u00e0 Administra\u00e7\u00e3o Municipal - Regi\u00e3o News<\/title>\n<meta name=\"robots\" content=\"index, follow, max-snippet:-1, max-image-preview:large, max-video-preview:-1\" \/>\n<link rel=\"canonical\" href=\"https:\/\/regiaonews.net.br\/2022\/2024\/01\/19\/iniciado-novo-periodo-de-adesao-ao-programa-de-parcelamento-incentivado-para-regularizacao-de-debitos-junto-a-administracao-municipal\/\" \/>\n<meta property=\"og:locale\" content=\"pt_BR\" \/>\n<meta property=\"og:type\" content=\"article\" \/>\n<meta property=\"og:title\" content=\"Iniciado novo per\u00edodo de ades\u00e3o ao Programa de Parcelamento Incentivado para regulariza\u00e7\u00e3o de d\u00e9bitos junto \u00e0 Administra\u00e7\u00e3o Municipal - Regi\u00e3o News\" \/>\n<meta property=\"og:description\" content=\"Contribuintes podem optar pelo pagamento \u00e0 vista ou em 11\" \/>\n<meta property=\"og:url\" content=\"https:\/\/regiaonews.net.br\/2022\/2024\/01\/19\/iniciado-novo-periodo-de-adesao-ao-programa-de-parcelamento-incentivado-para-regularizacao-de-debitos-junto-a-administracao-municipal\/\" \/>\n<meta property=\"og:site_name\" content=\"Regi\u00e3o News\" \/>\n<meta property=\"article:published_time\" content=\"2024-01-19T21:56:16+00:00\" \/>\n<meta property=\"og:image\" content=\"https:\/\/regiaonews.net.br\/2022\/wp-content\/uploads\/2024\/01\/WhatsApp-Image-2024-01-19-at-17.42.33.jpeg\" \/>\n\t<meta property=\"og:image:width\" content=\"1024\" \/>\n\t<meta property=\"og:image:height\" content=\"768\" \/>\n\t<meta property=\"og:image:type\" content=\"image\/jpeg\" \/>\n<meta name=\"author\" content=\"Roberto\" \/>\n<meta name=\"twitter:card\" content=\"summary_large_image\" \/>\n<meta name=\"twitter:label1\" content=\"Escrito por\" \/>\n\t<meta name=\"twitter:data1\" content=\"Roberto\" \/>\n\t<meta name=\"twitter:label2\" content=\"Est. tempo de leitura\" \/>\n\t<meta name=\"twitter:data2\" content=\"3 minutos\" \/>\n<script type=\"application\/ld+json\" class=\"yoast-schema-graph\">{\"@context\":\"https:\\\/\\\/schema.org\",\"@graph\":[{\"@type\":\"Article\",\"@id\":\"https:\\\/\\\/regiaonews.net.br\\\/2022\\\/2024\\\/01\\\/19\\\/iniciado-novo-periodo-de-adesao-ao-programa-de-parcelamento-incentivado-para-regularizacao-de-debitos-junto-a-administracao-municipal\\\/#article\",\"isPartOf\":{\"@id\":\"https:\\\/\\\/regiaonews.net.br\\\/2022\\\/2024\\\/01\\\/19\\\/iniciado-novo-periodo-de-adesao-ao-programa-de-parcelamento-incentivado-para-regularizacao-de-debitos-junto-a-administracao-municipal\\\/\"},\"author\":{\"name\":\"Roberto\",\"@id\":\"https:\\\/\\\/regiaonews.net.br\\\/2022\\\/#\\\/schema\\\/person\\\/2d205a608a5aa97ac279d7a5e6d89ad8\"},\"headline\":\"Iniciado novo per\u00edodo de ades\u00e3o ao Programa de Parcelamento Incentivado para regulariza\u00e7\u00e3o de d\u00e9bitos junto \u00e0 Administra\u00e7\u00e3o Municipal\",\"datePublished\":\"2024-01-19T21:56:16+00:00\",\"mainEntityOfPage\":{\"@id\":\"https:\\\/\\\/regiaonews.net.br\\\/2022\\\/2024\\\/01\\\/19\\\/iniciado-novo-periodo-de-adesao-ao-programa-de-parcelamento-incentivado-para-regularizacao-de-debitos-junto-a-administracao-municipal\\\/\"},\"wordCount\":381,\"commentCount\":0,\"publisher\":{\"@id\":\"https:\\\/\\\/regiaonews.net.br\\\/2022\\\/#organization\"},\"image\":{\"@id\":\"https:\\\/\\\/regiaonews.net.br\\\/2022\\\/2024\\\/01\\\/19\\\/iniciado-novo-periodo-de-adesao-ao-programa-de-parcelamento-incentivado-para-regularizacao-de-debitos-junto-a-administracao-municipal\\\/#primaryimage\"},\"thumbnailUrl\":\"https:\\\/\\\/regiaonews.net.br\\\/2022\\\/wp-content\\\/uploads\\\/2024\\\/01\\\/WhatsApp-Image-2024-01-19-at-17.42.33.jpeg\",\"articleSection\":[\"Barretos\",\"Cidades\"],\"inLanguage\":\"pt-BR\",\"potentialAction\":[{\"@type\":\"CommentAction\",\"name\":\"Comment\",\"target\":[\"https:\\\/\\\/regiaonews.net.br\\\/2022\\\/2024\\\/01\\\/19\\\/iniciado-novo-periodo-de-adesao-ao-programa-de-parcelamento-incentivado-para-regularizacao-de-debitos-junto-a-administracao-municipal\\\/#respond\"]}]},{\"@type\":\"WebPage\",\"@id\":\"https:\\\/\\\/regiaonews.net.br\\\/2022\\\/2024\\\/01\\\/19\\\/iniciado-novo-periodo-de-adesao-ao-programa-de-parcelamento-incentivado-para-regularizacao-de-debitos-junto-a-administracao-municipal\\\/\",\"url\":\"https:\\\/\\\/regiaonews.net.br\\\/2022\\\/2024\\\/01\\\/19\\\/iniciado-novo-periodo-de-adesao-ao-programa-de-parcelamento-incentivado-para-regularizacao-de-debitos-junto-a-administracao-municipal\\\/\",\"name\":\"Iniciado novo per\u00edodo de ades\u00e3o ao Programa de Parcelamento Incentivado para regulariza\u00e7\u00e3o de d\u00e9bitos junto \u00e0 Administra\u00e7\u00e3o Municipal - Regi\u00e3o News\",\"isPartOf\":{\"@id\":\"https:\\\/\\\/regiaonews.net.br\\\/2022\\\/#website\"},\"primaryImageOfPage\":{\"@id\":\"https:\\\/\\\/regiaonews.net.br\\\/2022\\\/2024\\\/01\\\/19\\\/iniciado-novo-periodo-de-adesao-ao-programa-de-parcelamento-incentivado-para-regularizacao-de-debitos-junto-a-administracao-municipal\\\/#primaryimage\"},\"image\":{\"@id\":\"https:\\\/\\\/regiaonews.net.br\\\/2022\\\/2024\\\/01\\\/19\\\/iniciado-novo-periodo-de-adesao-ao-programa-de-parcelamento-incentivado-para-regularizacao-de-debitos-junto-a-administracao-municipal\\\/#primaryimage\"},\"thumbnailUrl\":\"https:\\\/\\\/regiaonews.net.br\\\/2022\\\/wp-content\\\/uploads\\\/2024\\\/01\\\/WhatsApp-Image-2024-01-19-at-17.42.33.jpeg\",\"datePublished\":\"2024-01-19T21:56:16+00:00\",\"breadcrumb\":{\"@id\":\"https:\\\/\\\/regiaonews.net.br\\\/2022\\\/2024\\\/01\\\/19\\\/iniciado-novo-periodo-de-adesao-ao-programa-de-parcelamento-incentivado-para-regularizacao-de-debitos-junto-a-administracao-municipal\\\/#breadcrumb\"},\"inLanguage\":\"pt-BR\",\"potentialAction\":[{\"@type\":\"ReadAction\",\"target\":[\"https:\\\/\\\/regiaonews.net.br\\\/2022\\\/2024\\\/01\\\/19\\\/iniciado-novo-periodo-de-adesao-ao-programa-de-parcelamento-incentivado-para-regularizacao-de-debitos-junto-a-administracao-municipal\\\/\"]}]},{\"@type\":\"ImageObject\",\"inLanguage\":\"pt-BR\",\"@id\":\"https:\\\/\\\/regiaonews.net.br\\\/2022\\\/2024\\\/01\\\/19\\\/iniciado-novo-periodo-de-adesao-ao-programa-de-parcelamento-incentivado-para-regularizacao-de-debitos-junto-a-administracao-municipal\\\/#primaryimage\",\"url\":\"https:\\\/\\\/regiaonews.net.br\\\/2022\\\/wp-content\\\/uploads\\\/2024\\\/01\\\/WhatsApp-Image-2024-01-19-at-17.42.33.jpeg\",\"contentUrl\":\"https:\\\/\\\/regiaonews.net.br\\\/2022\\\/wp-content\\\/uploads\\\/2024\\\/01\\\/WhatsApp-Image-2024-01-19-at-17.42.33.jpeg\",\"width\":1024,\"height\":768},{\"@type\":\"BreadcrumbList\",\"@id\":\"https:\\\/\\\/regiaonews.net.br\\\/2022\\\/2024\\\/01\\\/19\\\/iniciado-novo-periodo-de-adesao-ao-programa-de-parcelamento-incentivado-para-regularizacao-de-debitos-junto-a-administracao-municipal\\\/#breadcrumb\",\"itemListElement\":[{\"@type\":\"ListItem\",\"position\":1,\"name\":\"In\u00edcio\",\"item\":\"https:\\\/\\\/regiaonews.net.br\\\/2022\\\/\"},{\"@type\":\"ListItem\",\"position\":2,\"name\":\"Iniciado novo per\u00edodo de ades\u00e3o ao Programa de Parcelamento Incentivado para regulariza\u00e7\u00e3o de d\u00e9bitos junto \u00e0 Administra\u00e7\u00e3o Municipal\"}]},{\"@type\":\"WebSite\",\"@id\":\"https:\\\/\\\/regiaonews.net.br\\\/2022\\\/#website\",\"url\":\"https:\\\/\\\/regiaonews.net.br\\\/2022\\\/\",\"name\":\"Regi\u00e3o News\",\"description\":\"Site de Not\u00edcias de Barretos e regi\u00e3o\",\"publisher\":{\"@id\":\"https:\\\/\\\/regiaonews.net.br\\\/2022\\\/#organization\"},\"potentialAction\":[{\"@type\":\"SearchAction\",\"target\":{\"@type\":\"EntryPoint\",\"urlTemplate\":\"https:\\\/\\\/regiaonews.net.br\\\/2022\\\/?s={search_term_string}\"},\"query-input\":{\"@type\":\"PropertyValueSpecification\",\"valueRequired\":true,\"valueName\":\"search_term_string\"}}],\"inLanguage\":\"pt-BR\"},{\"@type\":\"Organization\",\"@id\":\"https:\\\/\\\/regiaonews.net.br\\\/2022\\\/#organization\",\"name\":\"Regi\u00e3o News\",\"url\":\"https:\\\/\\\/regiaonews.net.br\\\/2022\\\/\",\"logo\":{\"@type\":\"ImageObject\",\"inLanguage\":\"pt-BR\",\"@id\":\"https:\\\/\\\/regiaonews.net.br\\\/2022\\\/#\\\/schema\\\/logo\\\/image\\\/\",\"url\":\"https:\\\/\\\/regiaonews.net.br\\\/2022\\\/wp-content\\\/uploads\\\/2026\\\/03\\\/regiao-13-anos-scaled.jpg\",\"contentUrl\":\"https:\\\/\\\/regiaonews.net.br\\\/2022\\\/wp-content\\\/uploads\\\/2026\\\/03\\\/regiao-13-anos-scaled.jpg\",\"width\":2560,\"height\":635,\"caption\":\"Regi\u00e3o News\"},\"image\":{\"@id\":\"https:\\\/\\\/regiaonews.net.br\\\/2022\\\/#\\\/schema\\\/logo\\\/image\\\/\"}},{\"@type\":\"Person\",\"@id\":\"https:\\\/\\\/regiaonews.net.br\\\/2022\\\/#\\\/schema\\\/person\\\/2d205a608a5aa97ac279d7a5e6d89ad8\",\"name\":\"Roberto\",\"image\":{\"@type\":\"ImageObject\",\"inLanguage\":\"pt-BR\",\"@id\":\"https:\\\/\\\/secure.gravatar.com\\\/avatar\\\/42749d8b712ff9d59ca93dc150494e5b55a44134482993f5baeb97e61b7ecc89?s=96&d=mm&r=g\",\"url\":\"https:\\\/\\\/secure.gravatar.com\\\/avatar\\\/42749d8b712ff9d59ca93dc150494e5b55a44134482993f5baeb97e61b7ecc89?s=96&d=mm&r=g\",\"contentUrl\":\"https:\\\/\\\/secure.gravatar.com\\\/avatar\\\/42749d8b712ff9d59ca93dc150494e5b55a44134482993f5baeb97e61b7ecc89?s=96&d=mm&r=g\",\"caption\":\"Roberto\"},\"url\":\"https:\\\/\\\/regiaonews.net.br\\\/2022\\\/author\\\/roberto\\\/\"}]}<\/script>\n<!-- \/ Yoast SEO plugin. -->","yoast_head_json":{"title":"Iniciado novo per\u00edodo de ades\u00e3o ao Programa de Parcelamento Incentivado para regulariza\u00e7\u00e3o de d\u00e9bitos junto \u00e0 Administra\u00e7\u00e3o Municipal - Regi\u00e3o News","robots":{"index":"index","follow":"follow","max-snippet":"max-snippet:-1","max-image-preview":"max-image-preview:large","max-video-preview":"max-video-preview:-1"},"canonical":"https:\/\/regiaonews.net.br\/2022\/2024\/01\/19\/iniciado-novo-periodo-de-adesao-ao-programa-de-parcelamento-incentivado-para-regularizacao-de-debitos-junto-a-administracao-municipal\/","og_locale":"pt_BR","og_type":"article","og_title":"Iniciado novo per\u00edodo de ades\u00e3o ao Programa de Parcelamento Incentivado para regulariza\u00e7\u00e3o de d\u00e9bitos junto \u00e0 Administra\u00e7\u00e3o Municipal - Regi\u00e3o News","og_description":"Contribuintes podem optar pelo pagamento \u00e0 vista ou em 11","og_url":"https:\/\/regiaonews.net.br\/2022\/2024\/01\/19\/iniciado-novo-periodo-de-adesao-ao-programa-de-parcelamento-incentivado-para-regularizacao-de-debitos-junto-a-administracao-municipal\/","og_site_name":"Regi\u00e3o News","article_published_time":"2024-01-19T21:56:16+00:00","og_image":[{"width":1024,"height":768,"url":"https:\/\/regiaonews.net.br\/2022\/wp-content\/uploads\/2024\/01\/WhatsApp-Image-2024-01-19-at-17.42.33.jpeg","type":"image\/jpeg"}],"author":"Roberto","twitter_card":"summary_large_image","twitter_misc":{"Escrito por":"Roberto","Est. tempo de leitura":"3 minutos"},"schema":{"@context":"https:\/\/schema.org","@graph":[{"@type":"Article","@id":"https:\/\/regiaonews.net.br\/2022\/2024\/01\/19\/iniciado-novo-periodo-de-adesao-ao-programa-de-parcelamento-incentivado-para-regularizacao-de-debitos-junto-a-administracao-municipal\/#article","isPartOf":{"@id":"https:\/\/regiaonews.net.br\/2022\/2024\/01\/19\/iniciado-novo-periodo-de-adesao-ao-programa-de-parcelamento-incentivado-para-regularizacao-de-debitos-junto-a-administracao-municipal\/"},"author":{"name":"Roberto","@id":"https:\/\/regiaonews.net.br\/2022\/#\/schema\/person\/2d205a608a5aa97ac279d7a5e6d89ad8"},"headline":"Iniciado novo per\u00edodo de ades\u00e3o ao Programa de Parcelamento Incentivado para regulariza\u00e7\u00e3o de d\u00e9bitos junto \u00e0 Administra\u00e7\u00e3o Municipal","datePublished":"2024-01-19T21:56:16+00:00","mainEntityOfPage":{"@id":"https:\/\/regiaonews.net.br\/2022\/2024\/01\/19\/iniciado-novo-periodo-de-adesao-ao-programa-de-parcelamento-incentivado-para-regularizacao-de-debitos-junto-a-administracao-municipal\/"},"wordCount":381,"commentCount":0,"publisher":{"@id":"https:\/\/regiaonews.net.br\/2022\/#organization"},"image":{"@id":"https:\/\/regiaonews.net.br\/2022\/2024\/01\/19\/iniciado-novo-periodo-de-adesao-ao-programa-de-parcelamento-incentivado-para-regularizacao-de-debitos-junto-a-administracao-municipal\/#primaryimage"},"thumbnailUrl":"https:\/\/regiaonews.net.br\/2022\/wp-content\/uploads\/2024\/01\/WhatsApp-Image-2024-01-19-at-17.42.33.jpeg","articleSection":["Barretos","Cidades"],"inLanguage":"pt-BR","potentialAction":[{"@type":"CommentAction","name":"Comment","target":["https:\/\/regiaonews.net.br\/2022\/2024\/01\/19\/iniciado-novo-periodo-de-adesao-ao-programa-de-parcelamento-incentivado-para-regularizacao-de-debitos-junto-a-administracao-municipal\/#respond"]}]},{"@type":"WebPage","@id":"https:\/\/regiaonews.net.br\/2022\/2024\/01\/19\/iniciado-novo-periodo-de-adesao-ao-programa-de-parcelamento-incentivado-para-regularizacao-de-debitos-junto-a-administracao-municipal\/","url":"https:\/\/regiaonews.net.br\/2022\/2024\/01\/19\/iniciado-novo-periodo-de-adesao-ao-programa-de-parcelamento-incentivado-para-regularizacao-de-debitos-junto-a-administracao-municipal\/","name":"Iniciado novo per\u00edodo de ades\u00e3o ao Programa de Parcelamento Incentivado para regulariza\u00e7\u00e3o de d\u00e9bitos junto \u00e0 Administra\u00e7\u00e3o Municipal - Regi\u00e3o News","isPartOf":{"@id":"https:\/\/regiaonews.net.br\/2022\/#website"},"primaryImageOfPage":{"@id":"https:\/\/regiaonews.net.br\/2022\/2024\/01\/19\/iniciado-novo-periodo-de-adesao-ao-programa-de-parcelamento-incentivado-para-regularizacao-de-debitos-junto-a-administracao-municipal\/#primaryimage"},"image":{"@id":"https:\/\/regiaonews.net.br\/2022\/2024\/01\/19\/iniciado-novo-periodo-de-adesao-ao-programa-de-parcelamento-incentivado-para-regularizacao-de-debitos-junto-a-administracao-municipal\/#primaryimage"},"thumbnailUrl":"https:\/\/regiaonews.net.br\/2022\/wp-content\/uploads\/2024\/01\/WhatsApp-Image-2024-01-19-at-17.42.33.jpeg","datePublished":"2024-01-19T21:56:16+00:00","breadcrumb":{"@id":"https:\/\/regiaonews.net.br\/2022\/2024\/01\/19\/iniciado-novo-periodo-de-adesao-ao-programa-de-parcelamento-incentivado-para-regularizacao-de-debitos-junto-a-administracao-municipal\/#breadcrumb"},"inLanguage":"pt-BR","potentialAction":[{"@type":"ReadAction","target":["https:\/\/regiaonews.net.br\/2022\/2024\/01\/19\/iniciado-novo-periodo-de-adesao-ao-programa-de-parcelamento-incentivado-para-regularizacao-de-debitos-junto-a-administracao-municipal\/"]}]},{"@type":"ImageObject","inLanguage":"pt-BR","@id":"https:\/\/regiaonews.net.br\/2022\/2024\/01\/19\/iniciado-novo-periodo-de-adesao-ao-programa-de-parcelamento-incentivado-para-regularizacao-de-debitos-junto-a-administracao-municipal\/#primaryimage","url":"https:\/\/regiaonews.net.br\/2022\/wp-content\/uploads\/2024\/01\/WhatsApp-Image-2024-01-19-at-17.42.33.jpeg","contentUrl":"https:\/\/regiaonews.net.br\/2022\/wp-content\/uploads\/2024\/01\/WhatsApp-Image-2024-01-19-at-17.42.33.jpeg","width":1024,"height":768},{"@type":"BreadcrumbList","@id":"https:\/\/regiaonews.net.br\/2022\/2024\/01\/19\/iniciado-novo-periodo-de-adesao-ao-programa-de-parcelamento-incentivado-para-regularizacao-de-debitos-junto-a-administracao-municipal\/#breadcrumb","itemListElement":[{"@type":"ListItem","position":1,"name":"In\u00edcio","item":"https:\/\/regiaonews.net.br\/2022\/"},{"@type":"ListItem","position":2,"name":"Iniciado novo per\u00edodo de ades\u00e3o ao Programa de Parcelamento Incentivado para regulariza\u00e7\u00e3o de d\u00e9bitos junto \u00e0 Administra\u00e7\u00e3o Municipal"}]},{"@type":"WebSite","@id":"https:\/\/regiaonews.net.br\/2022\/#website","url":"https:\/\/regiaonews.net.br\/2022\/","name":"Regi\u00e3o News","description":"Site de Not\u00edcias de Barretos e regi\u00e3o","publisher":{"@id":"https:\/\/regiaonews.net.br\/2022\/#organization"},"potentialAction":[{"@type":"SearchAction","target":{"@type":"EntryPoint","urlTemplate":"https:\/\/regiaonews.net.br\/2022\/?s={search_term_string}"},"query-input":{"@type":"PropertyValueSpecification","valueRequired":true,"valueName":"search_term_string"}}],"inLanguage":"pt-BR"},{"@type":"Organization","@id":"https:\/\/regiaonews.net.br\/2022\/#organization","name":"Regi\u00e3o News","url":"https:\/\/regiaonews.net.br\/2022\/","logo":{"@type":"ImageObject","inLanguage":"pt-BR","@id":"https:\/\/regiaonews.net.br\/2022\/#\/schema\/logo\/image\/","url":"https:\/\/regiaonews.net.br\/2022\/wp-content\/uploads\/2026\/03\/regiao-13-anos-scaled.jpg","contentUrl":"https:\/\/regiaonews.net.br\/2022\/wp-content\/uploads\/2026\/03\/regiao-13-anos-scaled.jpg","width":2560,"height":635,"caption":"Regi\u00e3o News"},"image":{"@id":"https:\/\/regiaonews.net.br\/2022\/#\/schema\/logo\/image\/"}},{"@type":"Person","@id":"https:\/\/regiaonews.net.br\/2022\/#\/schema\/person\/2d205a608a5aa97ac279d7a5e6d89ad8","name":"Roberto","image":{"@type":"ImageObject","inLanguage":"pt-BR","@id":"https:\/\/secure.gravatar.com\/avatar\/42749d8b712ff9d59ca93dc150494e5b55a44134482993f5baeb97e61b7ecc89?s=96&d=mm&r=g","url":"https:\/\/secure.gravatar.com\/avatar\/42749d8b712ff9d59ca93dc150494e5b55a44134482993f5baeb97e61b7ecc89?s=96&d=mm&r=g","contentUrl":"https:\/\/secure.gravatar.com\/avatar\/42749d8b712ff9d59ca93dc150494e5b55a44134482993f5baeb97e61b7ecc89?s=96&d=mm&r=g","caption":"Roberto"},"url":"https:\/\/regiaonews.net.br\/2022\/author\/roberto\/"}]}},"publishpress_future_action":{"enabled":false,"date":"2026-05-04 03:18:06","action":"change-status","newStatus":"draft","terms":[],"taxonomy":"category","extraData":[]},"publishpress_future_workflow_manual_trigger":{"enabledWorkflows":[]},"_links":{"self":[{"href":"https:\/\/regiaonews.net.br\/2022\/wp-json\/wp\/v2\/posts\/100368","targetHints":{"allow":["GET"]}}],"collection":[{"href":"https:\/\/regiaonews.net.br\/2022\/wp-json\/wp\/v2\/posts"}],"about":[{"href":"https:\/\/regiaonews.net.br\/2022\/wp-json\/wp\/v2\/types\/post"}],"author":[{"embeddable":true,"href":"https:\/\/regiaonews.net.br\/2022\/wp-json\/wp\/v2\/users\/2"}],"replies":[{"embeddable":true,"href":"https:\/\/regiaonews.net.br\/2022\/wp-json\/wp\/v2\/comments?post=100368"}],"version-history":[{"count":1,"href":"https:\/\/regiaonews.net.br\/2022\/wp-json\/wp\/v2\/posts\/100368\/revisions"}],"predecessor-version":[{"id":100370,"href":"https:\/\/regiaonews.net.br\/2022\/wp-json\/wp\/v2\/posts\/100368\/revisions\/100370"}],"wp:featuredmedia":[{"embeddable":true,"href":"https:\/\/regiaonews.net.br\/2022\/wp-json\/wp\/v2\/media\/100369"}],"wp:attachment":[{"href":"https:\/\/regiaonews.net.br\/2022\/wp-json\/wp\/v2\/media?parent=100368"}],"wp:term":[{"taxonomy":"category","embeddable":true,"href":"https:\/\/regiaonews.net.br\/2022\/wp-json\/wp\/v2\/categories?post=100368"},{"taxonomy":"post_tag","embeddable":true,"href":"https:\/\/regiaonews.net.br\/2022\/wp-json\/wp\/v2\/tags?post=100368"}],"curies":[{"name":"wp","href":"https:\/\/api.w.org\/{rel}","templated":true}]}}