{"id":100365,"date":"2024-01-19T17:11:24","date_gmt":"2024-01-19T20:11:24","guid":{"rendered":"https:\/\/regiaonews.net.br\/2022\/?p=100365"},"modified":"2024-01-19T17:11:24","modified_gmt":"2024-01-19T20:11:24","slug":"barretos-country-realiza-solenidade-de-inauguracao-da-nova-atracao-infantil-inspirada-no-velho-oeste","status":"publish","type":"post","link":"https:\/\/regiaonews.net.br\/2022\/2024\/01\/19\/barretos-country-realiza-solenidade-de-inauguracao-da-nova-atracao-infantil-inspirada-no-velho-oeste\/","title":{"rendered":"Barretos Country realiza solenidade de inaugura\u00e7\u00e3o da nova atra\u00e7\u00e3o infantil inspirada no Velho Oeste"},"content":{"rendered":"<p>Kids Acqua Ville, megacomplexo com piscinas, tobo\u00e1guas e muito mais, \u00e9 garantia de divers\u00e3o para a crian\u00e7ada neste ver\u00e3o no parque paulista<\/p>\n<p>Maior parque aqu\u00e1tico com tematiza\u00e7\u00e3o country do Brasil, o Barretos Country Park &amp; Resort, no interior de S\u00e3o Paulo, realizou solenidade de inaugura\u00e7\u00e3o nesta semana do Kids Acqua Ville, um megacomplexo que vai garantir ainda mais divers\u00e3o para a crian\u00e7ada, com novas piscinas e diversos tobo\u00e1guas integrados por uma tematiza\u00e7\u00e3o que remete aos antigos vilarejos de Velho Oeste<\/p>\n<p>Convidados, autoridades, parceiros e imprensa foram recepcionados pela diretoria do GR Group: Gustavo Rezende, CEO, Filipe Rezende, VP de Constru\u00e7\u00e3o, Hotelaria e Experi\u00eancia; o Rodolfo Rezende, VP de Marketing, Vendas e P\u00f3s-venda e Tiago Soeiro, VP Administrativo e Financeiro. A solenidade foi realizada na \u00faltima ter\u00e7a-feira, dia 16\/01.<\/p>\n<p>O Kids Acqua Ville integra o masterplan do grupo, que prev\u00ea o investimento de R$ 250 milh\u00f5es no Barretos Country, tanto em novas atra\u00e7\u00f5es para o parque aqu\u00e1tico (o objetivo \u00e9 chegar a 25 piscinas, com 8.800 m\u00b2 de l\u00e2mina de \u00e1gua), quanto na amplia\u00e7\u00e3o da capacidade de hospedagem do resort (alcan\u00e7ando 500 apartamentos at\u00e9 2026, hoje a oferta \u00e9 de 218 apartamentos).<\/p>\n<p>Filipe lembrou que, desde que o GR Group assumiu o empreendimento em Barretos, no final de 2016, a capacidade do parque aqu\u00e1tico passou de duas para quatro mil pessoas, com previs\u00e3o de chegar a seis mil com os novos investimentos. A viabiliza\u00e7\u00e3o de \u00e1gua termal em todo o complexo de piscinas, por meio da perfura\u00e7\u00e3o de po\u00e7o profundo, foi uma das primeiras iniciativas adotadas.<\/p>\n<p>\u201cHoje, temos 216 apartamentos em nossa rede hoteleira e nos pr\u00f3ximos quatro anos vamos chegar a 500\u201d, declarou. O executivo disse que est\u00e1 previsto para fevereiro o in\u00edcio das obras de uma nova torre e tamb\u00e9m o lan\u00e7amento de uma quarta torre de 180 apartamentos.<\/p>\n<p>\u201cEstamos trabalhando muito pesado para proporcionar uma infraestrutura de qualidade, tematizada, para termos uma imers\u00e3o nesta cultura que \u00e9 a marca registrada de Barretos, que j\u00e1 se iniciou l\u00e1 atr\u00e1s com os tropeiros, com o grupo Os Independentes \u2013 com a Festa do Pe\u00e3o\u201d, completou.<\/p>\n<p>Atra\u00e7\u00f5es<br \/>\nNo novo parque aqu\u00e1tico, os pequenos encontrar\u00e3o na nova \u201cvila aqu\u00e1tica\u201d do Barretos Country uma \u00f3tima variedade de atra\u00e7\u00f5es emocionantes e divertidas, projetadas para satisfazer a sede de aventura das crian\u00e7as, ao mesmo tempo seguro e relaxante para toda a fam\u00edlia.<\/p>\n<p>Para os pais, h\u00e1 espa\u00e7os de descanso com total infraestrutura de guarda-s\u00f3is, espregui\u00e7adeiras e cadeiras para acompanhar de perto enquanto os filhos se divertem. \u201cEstamos muito felizes de oferecer uma atra\u00e7\u00e3o capaz de gerar novas mem\u00f3rias que v\u00e3o durar para sempre no cora\u00e7\u00e3o das fam\u00edlias\u201d, afirmou o Vice-presidente de Constru\u00e7\u00e3o, Experi\u00eancia e Hotelaria, Filipe Rezende.<\/p>\n<p>Novos investimentos<br \/>\nEm 2023, o GR Group inaugurou, no Barretos Country, as instala\u00e7\u00f5es da nova fazendinha e um inovador reservat\u00f3rio de termoacumula\u00e7\u00e3o com capacidade para armazenar at\u00e9 3,2 milh\u00f5es de litros de \u00e1gua quente. A iniciativa, pioneira, vem promovendo tanto economia energ\u00e9tica quanto impacto ambiental positivo.<\/p>\n<p>A ideia \u00e9 que o sistema pioneiro possa atender nos pr\u00f3ximos cinco anos a todas as piscinas que est\u00e3o espalhadas pelos mais de 200 mil m\u00b2 do complexo. \u201cNosso crescimento precisa acontecer alinhado com as nossas a\u00e7\u00f5es e pr\u00e1ticas ESG, reaproveitando de maneira inteligente os recursos naturais\u201d, destaca o VP Filipe Rezende.<\/p>\n<p>&nbsp;<\/p>\n","protected":false},"excerpt":{"rendered":"<p>Kids Acqua Ville, megacomplexo com piscinas, tobo\u00e1guas e muito mais,<\/p>\n","protected":false},"author":2,"featured_media":100366,"comment_status":"open","ping_status":"open","sticky":false,"template":"","format":"standard","meta":{"footnotes":""},"categories":[14,25],"tags":[],"class_list":["post-100365","post","type-post","status-publish","format-standard","has-post-thumbnail","hentry","category-barretos","category-cidades"],"yoast_head":"<!-- This site is optimized with the Yoast SEO plugin v27.4 - https:\/\/yoast.com\/product\/yoast-seo-wordpress\/ -->\n<title>Barretos Country realiza solenidade de inaugura\u00e7\u00e3o da nova atra\u00e7\u00e3o infantil inspirada no Velho Oeste - Regi\u00e3o News<\/title>\n<meta name=\"robots\" content=\"index, follow, max-snippet:-1, max-image-preview:large, max-video-preview:-1\" \/>\n<link rel=\"canonical\" href=\"https:\/\/regiaonews.net.br\/2022\/2024\/01\/19\/barretos-country-realiza-solenidade-de-inauguracao-da-nova-atracao-infantil-inspirada-no-velho-oeste\/\" \/>\n<meta property=\"og:locale\" content=\"pt_BR\" \/>\n<meta property=\"og:type\" content=\"article\" \/>\n<meta property=\"og:title\" content=\"Barretos Country realiza solenidade de inaugura\u00e7\u00e3o da nova atra\u00e7\u00e3o infantil inspirada no Velho Oeste - Regi\u00e3o News\" \/>\n<meta property=\"og:description\" content=\"Kids Acqua Ville, megacomplexo com piscinas, tobo\u00e1guas e muito mais,\" \/>\n<meta property=\"og:url\" content=\"https:\/\/regiaonews.net.br\/2022\/2024\/01\/19\/barretos-country-realiza-solenidade-de-inauguracao-da-nova-atracao-infantil-inspirada-no-velho-oeste\/\" \/>\n<meta property=\"og:site_name\" content=\"Regi\u00e3o News\" \/>\n<meta property=\"article:published_time\" content=\"2024-01-19T20:11:24+00:00\" \/>\n<meta property=\"og:image\" content=\"https:\/\/regiaonews.net.br\/2022\/wp-content\/uploads\/2024\/01\/WhatsApp-Image-2024-01-19-at-16.26.33.jpeg\" \/>\n\t<meta property=\"og:image:width\" content=\"1600\" \/>\n\t<meta property=\"og:image:height\" content=\"1068\" \/>\n\t<meta property=\"og:image:type\" content=\"image\/jpeg\" \/>\n<meta name=\"author\" content=\"Roberto\" \/>\n<meta name=\"twitter:card\" content=\"summary_large_image\" \/>\n<meta name=\"twitter:label1\" content=\"Escrito por\" \/>\n\t<meta name=\"twitter:data1\" content=\"Roberto\" \/>\n\t<meta name=\"twitter:label2\" content=\"Est. tempo de leitura\" \/>\n\t<meta name=\"twitter:data2\" content=\"4 minutos\" \/>\n<script type=\"application\/ld+json\" class=\"yoast-schema-graph\">{\"@context\":\"https:\\\/\\\/schema.org\",\"@graph\":[{\"@type\":\"Article\",\"@id\":\"https:\\\/\\\/regiaonews.net.br\\\/2022\\\/2024\\\/01\\\/19\\\/barretos-country-realiza-solenidade-de-inauguracao-da-nova-atracao-infantil-inspirada-no-velho-oeste\\\/#article\",\"isPartOf\":{\"@id\":\"https:\\\/\\\/regiaonews.net.br\\\/2022\\\/2024\\\/01\\\/19\\\/barretos-country-realiza-solenidade-de-inauguracao-da-nova-atracao-infantil-inspirada-no-velho-oeste\\\/\"},\"author\":{\"name\":\"Roberto\",\"@id\":\"https:\\\/\\\/regiaonews.net.br\\\/2022\\\/#\\\/schema\\\/person\\\/2d205a608a5aa97ac279d7a5e6d89ad8\"},\"headline\":\"Barretos Country realiza solenidade de inaugura\u00e7\u00e3o da nova atra\u00e7\u00e3o infantil inspirada no Velho Oeste\",\"datePublished\":\"2024-01-19T20:11:24+00:00\",\"mainEntityOfPage\":{\"@id\":\"https:\\\/\\\/regiaonews.net.br\\\/2022\\\/2024\\\/01\\\/19\\\/barretos-country-realiza-solenidade-de-inauguracao-da-nova-atracao-infantil-inspirada-no-velho-oeste\\\/\"},\"wordCount\":597,\"commentCount\":0,\"publisher\":{\"@id\":\"https:\\\/\\\/regiaonews.net.br\\\/2022\\\/#organization\"},\"image\":{\"@id\":\"https:\\\/\\\/regiaonews.net.br\\\/2022\\\/2024\\\/01\\\/19\\\/barretos-country-realiza-solenidade-de-inauguracao-da-nova-atracao-infantil-inspirada-no-velho-oeste\\\/#primaryimage\"},\"thumbnailUrl\":\"https:\\\/\\\/regiaonews.net.br\\\/2022\\\/wp-content\\\/uploads\\\/2024\\\/01\\\/WhatsApp-Image-2024-01-19-at-16.26.33.jpeg\",\"articleSection\":[\"Barretos\",\"Cidades\"],\"inLanguage\":\"pt-BR\",\"potentialAction\":[{\"@type\":\"CommentAction\",\"name\":\"Comment\",\"target\":[\"https:\\\/\\\/regiaonews.net.br\\\/2022\\\/2024\\\/01\\\/19\\\/barretos-country-realiza-solenidade-de-inauguracao-da-nova-atracao-infantil-inspirada-no-velho-oeste\\\/#respond\"]}]},{\"@type\":\"WebPage\",\"@id\":\"https:\\\/\\\/regiaonews.net.br\\\/2022\\\/2024\\\/01\\\/19\\\/barretos-country-realiza-solenidade-de-inauguracao-da-nova-atracao-infantil-inspirada-no-velho-oeste\\\/\",\"url\":\"https:\\\/\\\/regiaonews.net.br\\\/2022\\\/2024\\\/01\\\/19\\\/barretos-country-realiza-solenidade-de-inauguracao-da-nova-atracao-infantil-inspirada-no-velho-oeste\\\/\",\"name\":\"Barretos Country realiza solenidade de inaugura\u00e7\u00e3o da nova atra\u00e7\u00e3o infantil inspirada no Velho Oeste - Regi\u00e3o News\",\"isPartOf\":{\"@id\":\"https:\\\/\\\/regiaonews.net.br\\\/2022\\\/#website\"},\"primaryImageOfPage\":{\"@id\":\"https:\\\/\\\/regiaonews.net.br\\\/2022\\\/2024\\\/01\\\/19\\\/barretos-country-realiza-solenidade-de-inauguracao-da-nova-atracao-infantil-inspirada-no-velho-oeste\\\/#primaryimage\"},\"image\":{\"@id\":\"https:\\\/\\\/regiaonews.net.br\\\/2022\\\/2024\\\/01\\\/19\\\/barretos-country-realiza-solenidade-de-inauguracao-da-nova-atracao-infantil-inspirada-no-velho-oeste\\\/#primaryimage\"},\"thumbnailUrl\":\"https:\\\/\\\/regiaonews.net.br\\\/2022\\\/wp-content\\\/uploads\\\/2024\\\/01\\\/WhatsApp-Image-2024-01-19-at-16.26.33.jpeg\",\"datePublished\":\"2024-01-19T20:11:24+00:00\",\"breadcrumb\":{\"@id\":\"https:\\\/\\\/regiaonews.net.br\\\/2022\\\/2024\\\/01\\\/19\\\/barretos-country-realiza-solenidade-de-inauguracao-da-nova-atracao-infantil-inspirada-no-velho-oeste\\\/#breadcrumb\"},\"inLanguage\":\"pt-BR\",\"potentialAction\":[{\"@type\":\"ReadAction\",\"target\":[\"https:\\\/\\\/regiaonews.net.br\\\/2022\\\/2024\\\/01\\\/19\\\/barretos-country-realiza-solenidade-de-inauguracao-da-nova-atracao-infantil-inspirada-no-velho-oeste\\\/\"]}]},{\"@type\":\"ImageObject\",\"inLanguage\":\"pt-BR\",\"@id\":\"https:\\\/\\\/regiaonews.net.br\\\/2022\\\/2024\\\/01\\\/19\\\/barretos-country-realiza-solenidade-de-inauguracao-da-nova-atracao-infantil-inspirada-no-velho-oeste\\\/#primaryimage\",\"url\":\"https:\\\/\\\/regiaonews.net.br\\\/2022\\\/wp-content\\\/uploads\\\/2024\\\/01\\\/WhatsApp-Image-2024-01-19-at-16.26.33.jpeg\",\"contentUrl\":\"https:\\\/\\\/regiaonews.net.br\\\/2022\\\/wp-content\\\/uploads\\\/2024\\\/01\\\/WhatsApp-Image-2024-01-19-at-16.26.33.jpeg\",\"width\":1600,\"height\":1068},{\"@type\":\"BreadcrumbList\",\"@id\":\"https:\\\/\\\/regiaonews.net.br\\\/2022\\\/2024\\\/01\\\/19\\\/barretos-country-realiza-solenidade-de-inauguracao-da-nova-atracao-infantil-inspirada-no-velho-oeste\\\/#breadcrumb\",\"itemListElement\":[{\"@type\":\"ListItem\",\"position\":1,\"name\":\"In\u00edcio\",\"item\":\"https:\\\/\\\/regiaonews.net.br\\\/2022\\\/\"},{\"@type\":\"ListItem\",\"position\":2,\"name\":\"Barretos Country realiza solenidade de inaugura\u00e7\u00e3o da nova atra\u00e7\u00e3o infantil inspirada no Velho Oeste\"}]},{\"@type\":\"WebSite\",\"@id\":\"https:\\\/\\\/regiaonews.net.br\\\/2022\\\/#website\",\"url\":\"https:\\\/\\\/regiaonews.net.br\\\/2022\\\/\",\"name\":\"Regi\u00e3o News\",\"description\":\"Site de Not\u00edcias de Barretos e regi\u00e3o\",\"publisher\":{\"@id\":\"https:\\\/\\\/regiaonews.net.br\\\/2022\\\/#organization\"},\"potentialAction\":[{\"@type\":\"SearchAction\",\"target\":{\"@type\":\"EntryPoint\",\"urlTemplate\":\"https:\\\/\\\/regiaonews.net.br\\\/2022\\\/?s={search_term_string}\"},\"query-input\":{\"@type\":\"PropertyValueSpecification\",\"valueRequired\":true,\"valueName\":\"search_term_string\"}}],\"inLanguage\":\"pt-BR\"},{\"@type\":\"Organization\",\"@id\":\"https:\\\/\\\/regiaonews.net.br\\\/2022\\\/#organization\",\"name\":\"Regi\u00e3o News\",\"url\":\"https:\\\/\\\/regiaonews.net.br\\\/2022\\\/\",\"logo\":{\"@type\":\"ImageObject\",\"inLanguage\":\"pt-BR\",\"@id\":\"https:\\\/\\\/regiaonews.net.br\\\/2022\\\/#\\\/schema\\\/logo\\\/image\\\/\",\"url\":\"https:\\\/\\\/regiaonews.net.br\\\/2022\\\/wp-content\\\/uploads\\\/2026\\\/03\\\/regiao-13-anos-scaled.jpg\",\"contentUrl\":\"https:\\\/\\\/regiaonews.net.br\\\/2022\\\/wp-content\\\/uploads\\\/2026\\\/03\\\/regiao-13-anos-scaled.jpg\",\"width\":2560,\"height\":635,\"caption\":\"Regi\u00e3o News\"},\"image\":{\"@id\":\"https:\\\/\\\/regiaonews.net.br\\\/2022\\\/#\\\/schema\\\/logo\\\/image\\\/\"}},{\"@type\":\"Person\",\"@id\":\"https:\\\/\\\/regiaonews.net.br\\\/2022\\\/#\\\/schema\\\/person\\\/2d205a608a5aa97ac279d7a5e6d89ad8\",\"name\":\"Roberto\",\"image\":{\"@type\":\"ImageObject\",\"inLanguage\":\"pt-BR\",\"@id\":\"https:\\\/\\\/secure.gravatar.com\\\/avatar\\\/42749d8b712ff9d59ca93dc150494e5b55a44134482993f5baeb97e61b7ecc89?s=96&d=mm&r=g\",\"url\":\"https:\\\/\\\/secure.gravatar.com\\\/avatar\\\/42749d8b712ff9d59ca93dc150494e5b55a44134482993f5baeb97e61b7ecc89?s=96&d=mm&r=g\",\"contentUrl\":\"https:\\\/\\\/secure.gravatar.com\\\/avatar\\\/42749d8b712ff9d59ca93dc150494e5b55a44134482993f5baeb97e61b7ecc89?s=96&d=mm&r=g\",\"caption\":\"Roberto\"},\"url\":\"https:\\\/\\\/regiaonews.net.br\\\/2022\\\/author\\\/roberto\\\/\"}]}<\/script>\n<!-- \/ Yoast SEO plugin. -->","yoast_head_json":{"title":"Barretos Country realiza solenidade de inaugura\u00e7\u00e3o da nova atra\u00e7\u00e3o infantil inspirada no Velho Oeste - Regi\u00e3o News","robots":{"index":"index","follow":"follow","max-snippet":"max-snippet:-1","max-image-preview":"max-image-preview:large","max-video-preview":"max-video-preview:-1"},"canonical":"https:\/\/regiaonews.net.br\/2022\/2024\/01\/19\/barretos-country-realiza-solenidade-de-inauguracao-da-nova-atracao-infantil-inspirada-no-velho-oeste\/","og_locale":"pt_BR","og_type":"article","og_title":"Barretos Country realiza solenidade de inaugura\u00e7\u00e3o da nova atra\u00e7\u00e3o infantil inspirada no Velho Oeste - Regi\u00e3o News","og_description":"Kids Acqua Ville, megacomplexo com piscinas, tobo\u00e1guas e muito mais,","og_url":"https:\/\/regiaonews.net.br\/2022\/2024\/01\/19\/barretos-country-realiza-solenidade-de-inauguracao-da-nova-atracao-infantil-inspirada-no-velho-oeste\/","og_site_name":"Regi\u00e3o News","article_published_time":"2024-01-19T20:11:24+00:00","og_image":[{"width":1600,"height":1068,"url":"https:\/\/regiaonews.net.br\/2022\/wp-content\/uploads\/2024\/01\/WhatsApp-Image-2024-01-19-at-16.26.33.jpeg","type":"image\/jpeg"}],"author":"Roberto","twitter_card":"summary_large_image","twitter_misc":{"Escrito por":"Roberto","Est. tempo de leitura":"4 minutos"},"schema":{"@context":"https:\/\/schema.org","@graph":[{"@type":"Article","@id":"https:\/\/regiaonews.net.br\/2022\/2024\/01\/19\/barretos-country-realiza-solenidade-de-inauguracao-da-nova-atracao-infantil-inspirada-no-velho-oeste\/#article","isPartOf":{"@id":"https:\/\/regiaonews.net.br\/2022\/2024\/01\/19\/barretos-country-realiza-solenidade-de-inauguracao-da-nova-atracao-infantil-inspirada-no-velho-oeste\/"},"author":{"name":"Roberto","@id":"https:\/\/regiaonews.net.br\/2022\/#\/schema\/person\/2d205a608a5aa97ac279d7a5e6d89ad8"},"headline":"Barretos Country realiza solenidade de inaugura\u00e7\u00e3o da nova atra\u00e7\u00e3o infantil inspirada no Velho Oeste","datePublished":"2024-01-19T20:11:24+00:00","mainEntityOfPage":{"@id":"https:\/\/regiaonews.net.br\/2022\/2024\/01\/19\/barretos-country-realiza-solenidade-de-inauguracao-da-nova-atracao-infantil-inspirada-no-velho-oeste\/"},"wordCount":597,"commentCount":0,"publisher":{"@id":"https:\/\/regiaonews.net.br\/2022\/#organization"},"image":{"@id":"https:\/\/regiaonews.net.br\/2022\/2024\/01\/19\/barretos-country-realiza-solenidade-de-inauguracao-da-nova-atracao-infantil-inspirada-no-velho-oeste\/#primaryimage"},"thumbnailUrl":"https:\/\/regiaonews.net.br\/2022\/wp-content\/uploads\/2024\/01\/WhatsApp-Image-2024-01-19-at-16.26.33.jpeg","articleSection":["Barretos","Cidades"],"inLanguage":"pt-BR","potentialAction":[{"@type":"CommentAction","name":"Comment","target":["https:\/\/regiaonews.net.br\/2022\/2024\/01\/19\/barretos-country-realiza-solenidade-de-inauguracao-da-nova-atracao-infantil-inspirada-no-velho-oeste\/#respond"]}]},{"@type":"WebPage","@id":"https:\/\/regiaonews.net.br\/2022\/2024\/01\/19\/barretos-country-realiza-solenidade-de-inauguracao-da-nova-atracao-infantil-inspirada-no-velho-oeste\/","url":"https:\/\/regiaonews.net.br\/2022\/2024\/01\/19\/barretos-country-realiza-solenidade-de-inauguracao-da-nova-atracao-infantil-inspirada-no-velho-oeste\/","name":"Barretos Country realiza solenidade de inaugura\u00e7\u00e3o da nova atra\u00e7\u00e3o infantil inspirada no Velho Oeste - Regi\u00e3o News","isPartOf":{"@id":"https:\/\/regiaonews.net.br\/2022\/#website"},"primaryImageOfPage":{"@id":"https:\/\/regiaonews.net.br\/2022\/2024\/01\/19\/barretos-country-realiza-solenidade-de-inauguracao-da-nova-atracao-infantil-inspirada-no-velho-oeste\/#primaryimage"},"image":{"@id":"https:\/\/regiaonews.net.br\/2022\/2024\/01\/19\/barretos-country-realiza-solenidade-de-inauguracao-da-nova-atracao-infantil-inspirada-no-velho-oeste\/#primaryimage"},"thumbnailUrl":"https:\/\/regiaonews.net.br\/2022\/wp-content\/uploads\/2024\/01\/WhatsApp-Image-2024-01-19-at-16.26.33.jpeg","datePublished":"2024-01-19T20:11:24+00:00","breadcrumb":{"@id":"https:\/\/regiaonews.net.br\/2022\/2024\/01\/19\/barretos-country-realiza-solenidade-de-inauguracao-da-nova-atracao-infantil-inspirada-no-velho-oeste\/#breadcrumb"},"inLanguage":"pt-BR","potentialAction":[{"@type":"ReadAction","target":["https:\/\/regiaonews.net.br\/2022\/2024\/01\/19\/barretos-country-realiza-solenidade-de-inauguracao-da-nova-atracao-infantil-inspirada-no-velho-oeste\/"]}]},{"@type":"ImageObject","inLanguage":"pt-BR","@id":"https:\/\/regiaonews.net.br\/2022\/2024\/01\/19\/barretos-country-realiza-solenidade-de-inauguracao-da-nova-atracao-infantil-inspirada-no-velho-oeste\/#primaryimage","url":"https:\/\/regiaonews.net.br\/2022\/wp-content\/uploads\/2024\/01\/WhatsApp-Image-2024-01-19-at-16.26.33.jpeg","contentUrl":"https:\/\/regiaonews.net.br\/2022\/wp-content\/uploads\/2024\/01\/WhatsApp-Image-2024-01-19-at-16.26.33.jpeg","width":1600,"height":1068},{"@type":"BreadcrumbList","@id":"https:\/\/regiaonews.net.br\/2022\/2024\/01\/19\/barretos-country-realiza-solenidade-de-inauguracao-da-nova-atracao-infantil-inspirada-no-velho-oeste\/#breadcrumb","itemListElement":[{"@type":"ListItem","position":1,"name":"In\u00edcio","item":"https:\/\/regiaonews.net.br\/2022\/"},{"@type":"ListItem","position":2,"name":"Barretos Country realiza solenidade de inaugura\u00e7\u00e3o da nova atra\u00e7\u00e3o infantil inspirada no Velho Oeste"}]},{"@type":"WebSite","@id":"https:\/\/regiaonews.net.br\/2022\/#website","url":"https:\/\/regiaonews.net.br\/2022\/","name":"Regi\u00e3o News","description":"Site de Not\u00edcias de Barretos e regi\u00e3o","publisher":{"@id":"https:\/\/regiaonews.net.br\/2022\/#organization"},"potentialAction":[{"@type":"SearchAction","target":{"@type":"EntryPoint","urlTemplate":"https:\/\/regiaonews.net.br\/2022\/?s={search_term_string}"},"query-input":{"@type":"PropertyValueSpecification","valueRequired":true,"valueName":"search_term_string"}}],"inLanguage":"pt-BR"},{"@type":"Organization","@id":"https:\/\/regiaonews.net.br\/2022\/#organization","name":"Regi\u00e3o News","url":"https:\/\/regiaonews.net.br\/2022\/","logo":{"@type":"ImageObject","inLanguage":"pt-BR","@id":"https:\/\/regiaonews.net.br\/2022\/#\/schema\/logo\/image\/","url":"https:\/\/regiaonews.net.br\/2022\/wp-content\/uploads\/2026\/03\/regiao-13-anos-scaled.jpg","contentUrl":"https:\/\/regiaonews.net.br\/2022\/wp-content\/uploads\/2026\/03\/regiao-13-anos-scaled.jpg","width":2560,"height":635,"caption":"Regi\u00e3o News"},"image":{"@id":"https:\/\/regiaonews.net.br\/2022\/#\/schema\/logo\/image\/"}},{"@type":"Person","@id":"https:\/\/regiaonews.net.br\/2022\/#\/schema\/person\/2d205a608a5aa97ac279d7a5e6d89ad8","name":"Roberto","image":{"@type":"ImageObject","inLanguage":"pt-BR","@id":"https:\/\/secure.gravatar.com\/avatar\/42749d8b712ff9d59ca93dc150494e5b55a44134482993f5baeb97e61b7ecc89?s=96&d=mm&r=g","url":"https:\/\/secure.gravatar.com\/avatar\/42749d8b712ff9d59ca93dc150494e5b55a44134482993f5baeb97e61b7ecc89?s=96&d=mm&r=g","contentUrl":"https:\/\/secure.gravatar.com\/avatar\/42749d8b712ff9d59ca93dc150494e5b55a44134482993f5baeb97e61b7ecc89?s=96&d=mm&r=g","caption":"Roberto"},"url":"https:\/\/regiaonews.net.br\/2022\/author\/roberto\/"}]}},"publishpress_future_action":{"enabled":false,"date":"2026-05-04 05:04:34","action":"change-status","newStatus":"draft","terms":[],"taxonomy":"category","extraData":[]},"publishpress_future_workflow_manual_trigger":{"enabledWorkflows":[]},"_links":{"self":[{"href":"https:\/\/regiaonews.net.br\/2022\/wp-json\/wp\/v2\/posts\/100365","targetHints":{"allow":["GET"]}}],"collection":[{"href":"https:\/\/regiaonews.net.br\/2022\/wp-json\/wp\/v2\/posts"}],"about":[{"href":"https:\/\/regiaonews.net.br\/2022\/wp-json\/wp\/v2\/types\/post"}],"author":[{"embeddable":true,"href":"https:\/\/regiaonews.net.br\/2022\/wp-json\/wp\/v2\/users\/2"}],"replies":[{"embeddable":true,"href":"https:\/\/regiaonews.net.br\/2022\/wp-json\/wp\/v2\/comments?post=100365"}],"version-history":[{"count":1,"href":"https:\/\/regiaonews.net.br\/2022\/wp-json\/wp\/v2\/posts\/100365\/revisions"}],"predecessor-version":[{"id":100367,"href":"https:\/\/regiaonews.net.br\/2022\/wp-json\/wp\/v2\/posts\/100365\/revisions\/100367"}],"wp:featuredmedia":[{"embeddable":true,"href":"https:\/\/regiaonews.net.br\/2022\/wp-json\/wp\/v2\/media\/100366"}],"wp:attachment":[{"href":"https:\/\/regiaonews.net.br\/2022\/wp-json\/wp\/v2\/media?parent=100365"}],"wp:term":[{"taxonomy":"category","embeddable":true,"href":"https:\/\/regiaonews.net.br\/2022\/wp-json\/wp\/v2\/categories?post=100365"},{"taxonomy":"post_tag","embeddable":true,"href":"https:\/\/regiaonews.net.br\/2022\/wp-json\/wp\/v2\/tags?post=100365"}],"curies":[{"name":"wp","href":"https:\/\/api.w.org\/{rel}","templated":true}]}}