{"id":100302,"date":"2024-01-18T18:52:52","date_gmt":"2024-01-18T21:52:52","guid":{"rendered":"https:\/\/regiaonews.net.br\/2022\/?p=100302"},"modified":"2024-01-18T18:58:03","modified_gmt":"2024-01-18T21:58:03","slug":"policia-civil-na-regiao-de-bebedouro-recebe-novas-viaturas-policiais-para-combate-a-criminalidade","status":"publish","type":"post","link":"https:\/\/regiaonews.net.br\/2022\/2024\/01\/18\/policia-civil-na-regiao-de-bebedouro-recebe-novas-viaturas-policiais-para-combate-a-criminalidade\/","title":{"rendered":"Policia Civil na regiao de Bebedouro recebe novas viaturas policiais para combate a criminalidade"},"content":{"rendered":"<p>&nbsp;<\/p>\n<p>A Pol\u00edcia Civil na regi\u00e3o de Bebedouro, composta tamb\u00e9m pelos munic\u00edpios circunvizinhos de Monte Azul Paulista, Viradouro, Terra Roxa, Vista Alegre do Alto, Pirangi, Taiuva e Taia\u00e7u e administrada pela Delegacia Seccional de Pol\u00edcia, nos \u00faltimos dois anos, ou seja, entre os anos de 2022 e 2023, teve boa parte de sua frota de viaturas renovada com a destina\u00e7\u00e3o pela Delegacia Geral de Pol\u00edcia de 21 novas viaturas policiais, entre ve\u00edculos caracterizados e descaracterizados.<\/p>\n<p>O Delegado Seccional de Pol\u00edcia Jos\u00e9 Eduardo Vasconcelos explicara que o recebimento dessas novas viaturas permitir\u00e1 a melhoria do pr\u00f3prio trabalho policial e trar\u00e1 mais conforto para os pr\u00f3prios policiais civis que, n\u00e3o raro, passam boa parte do tempo embarcados em viaturas realizando diversos tipos de servi\u00e7os na atividade fim e na atividade meio.<\/p>\n<p>Essas novas viaturas foram destinadas as diversas Delegacias de Pol\u00edcia existentes no munic\u00edpio de Bebedouro e, principalmente, tamb\u00e9m aos munic\u00edpios circunvizinhos.<\/p>\n<p>O Delegado Seccional acredita que durante o fluente exerc\u00edcio de 2024 tamb\u00e9m sejam recebidas novas viaturas para que sejam substitu\u00eddas as viaturas remanescentes que j\u00e1 apresentam longos per\u00edodos de uso, permitindo, dessa forma, uma renova\u00e7\u00e3o quase que total da chamada subfrota da Delegacia Seccional de Pol\u00edcia de Bebedouro.<\/p>\n","protected":false},"excerpt":{"rendered":"<p>&nbsp; A Pol\u00edcia Civil na regi\u00e3o de Bebedouro, composta tamb\u00e9m<\/p>\n","protected":false},"author":2,"featured_media":100303,"comment_status":"open","ping_status":"open","sticky":false,"template":"","format":"standard","meta":{"footnotes":""},"categories":[4,23],"tags":[],"class_list":["post-100302","post","type-post","status-publish","format-standard","has-post-thumbnail","hentry","category-bebedouro","category-policia"],"yoast_head":"<!-- This site is optimized with the Yoast SEO plugin v27.4 - https:\/\/yoast.com\/product\/yoast-seo-wordpress\/ -->\n<title>Policia Civil na regiao de Bebedouro recebe novas viaturas policiais para combate a criminalidade - Regi\u00e3o News<\/title>\n<meta name=\"robots\" content=\"index, follow, max-snippet:-1, max-image-preview:large, max-video-preview:-1\" \/>\n<link rel=\"canonical\" href=\"https:\/\/regiaonews.net.br\/2022\/2024\/01\/18\/policia-civil-na-regiao-de-bebedouro-recebe-novas-viaturas-policiais-para-combate-a-criminalidade\/\" \/>\n<meta property=\"og:locale\" content=\"pt_BR\" \/>\n<meta property=\"og:type\" content=\"article\" \/>\n<meta property=\"og:title\" content=\"Policia Civil na regiao de Bebedouro recebe novas viaturas policiais para combate a criminalidade - Regi\u00e3o News\" \/>\n<meta property=\"og:description\" content=\"&nbsp; A Pol\u00edcia Civil na regi\u00e3o de Bebedouro, composta tamb\u00e9m\" \/>\n<meta property=\"og:url\" content=\"https:\/\/regiaonews.net.br\/2022\/2024\/01\/18\/policia-civil-na-regiao-de-bebedouro-recebe-novas-viaturas-policiais-para-combate-a-criminalidade\/\" \/>\n<meta property=\"og:site_name\" content=\"Regi\u00e3o News\" \/>\n<meta property=\"article:published_time\" content=\"2024-01-18T21:52:52+00:00\" \/>\n<meta property=\"article:modified_time\" content=\"2024-01-18T21:58:03+00:00\" \/>\n<meta property=\"og:image\" content=\"https:\/\/regiaonews.net.br\/2022\/wp-content\/uploads\/2024\/01\/WhatsApp-Image-2024-01-18-at-16.50.32.jpeg\" \/>\n\t<meta property=\"og:image:width\" content=\"799\" \/>\n\t<meta property=\"og:image:height\" content=\"533\" \/>\n\t<meta property=\"og:image:type\" content=\"image\/jpeg\" \/>\n<meta name=\"author\" content=\"Roberto\" \/>\n<meta name=\"twitter:card\" content=\"summary_large_image\" \/>\n<meta name=\"twitter:label1\" content=\"Escrito por\" \/>\n\t<meta name=\"twitter:data1\" content=\"Roberto\" \/>\n\t<meta name=\"twitter:label2\" content=\"Est. tempo de leitura\" \/>\n\t<meta name=\"twitter:data2\" content=\"2 minutos\" \/>\n<script type=\"application\/ld+json\" class=\"yoast-schema-graph\">{\"@context\":\"https:\\\/\\\/schema.org\",\"@graph\":[{\"@type\":\"Article\",\"@id\":\"https:\\\/\\\/regiaonews.net.br\\\/2022\\\/2024\\\/01\\\/18\\\/policia-civil-na-regiao-de-bebedouro-recebe-novas-viaturas-policiais-para-combate-a-criminalidade\\\/#article\",\"isPartOf\":{\"@id\":\"https:\\\/\\\/regiaonews.net.br\\\/2022\\\/2024\\\/01\\\/18\\\/policia-civil-na-regiao-de-bebedouro-recebe-novas-viaturas-policiais-para-combate-a-criminalidade\\\/\"},\"author\":{\"name\":\"Roberto\",\"@id\":\"https:\\\/\\\/regiaonews.net.br\\\/2022\\\/#\\\/schema\\\/person\\\/2d205a608a5aa97ac279d7a5e6d89ad8\"},\"headline\":\"Policia Civil na regiao de Bebedouro recebe novas viaturas policiais para combate a criminalidade\",\"datePublished\":\"2024-01-18T21:52:52+00:00\",\"dateModified\":\"2024-01-18T21:58:03+00:00\",\"mainEntityOfPage\":{\"@id\":\"https:\\\/\\\/regiaonews.net.br\\\/2022\\\/2024\\\/01\\\/18\\\/policia-civil-na-regiao-de-bebedouro-recebe-novas-viaturas-policiais-para-combate-a-criminalidade\\\/\"},\"wordCount\":232,\"commentCount\":0,\"publisher\":{\"@id\":\"https:\\\/\\\/regiaonews.net.br\\\/2022\\\/#organization\"},\"image\":{\"@id\":\"https:\\\/\\\/regiaonews.net.br\\\/2022\\\/2024\\\/01\\\/18\\\/policia-civil-na-regiao-de-bebedouro-recebe-novas-viaturas-policiais-para-combate-a-criminalidade\\\/#primaryimage\"},\"thumbnailUrl\":\"https:\\\/\\\/regiaonews.net.br\\\/2022\\\/wp-content\\\/uploads\\\/2024\\\/01\\\/WhatsApp-Image-2024-01-18-at-16.50.32.jpeg\",\"articleSection\":[\"Bebedouro\",\"Policia\"],\"inLanguage\":\"pt-BR\",\"potentialAction\":[{\"@type\":\"CommentAction\",\"name\":\"Comment\",\"target\":[\"https:\\\/\\\/regiaonews.net.br\\\/2022\\\/2024\\\/01\\\/18\\\/policia-civil-na-regiao-de-bebedouro-recebe-novas-viaturas-policiais-para-combate-a-criminalidade\\\/#respond\"]}]},{\"@type\":\"WebPage\",\"@id\":\"https:\\\/\\\/regiaonews.net.br\\\/2022\\\/2024\\\/01\\\/18\\\/policia-civil-na-regiao-de-bebedouro-recebe-novas-viaturas-policiais-para-combate-a-criminalidade\\\/\",\"url\":\"https:\\\/\\\/regiaonews.net.br\\\/2022\\\/2024\\\/01\\\/18\\\/policia-civil-na-regiao-de-bebedouro-recebe-novas-viaturas-policiais-para-combate-a-criminalidade\\\/\",\"name\":\"Policia Civil na regiao de Bebedouro recebe novas viaturas policiais para combate a criminalidade - Regi\u00e3o News\",\"isPartOf\":{\"@id\":\"https:\\\/\\\/regiaonews.net.br\\\/2022\\\/#website\"},\"primaryImageOfPage\":{\"@id\":\"https:\\\/\\\/regiaonews.net.br\\\/2022\\\/2024\\\/01\\\/18\\\/policia-civil-na-regiao-de-bebedouro-recebe-novas-viaturas-policiais-para-combate-a-criminalidade\\\/#primaryimage\"},\"image\":{\"@id\":\"https:\\\/\\\/regiaonews.net.br\\\/2022\\\/2024\\\/01\\\/18\\\/policia-civil-na-regiao-de-bebedouro-recebe-novas-viaturas-policiais-para-combate-a-criminalidade\\\/#primaryimage\"},\"thumbnailUrl\":\"https:\\\/\\\/regiaonews.net.br\\\/2022\\\/wp-content\\\/uploads\\\/2024\\\/01\\\/WhatsApp-Image-2024-01-18-at-16.50.32.jpeg\",\"datePublished\":\"2024-01-18T21:52:52+00:00\",\"dateModified\":\"2024-01-18T21:58:03+00:00\",\"breadcrumb\":{\"@id\":\"https:\\\/\\\/regiaonews.net.br\\\/2022\\\/2024\\\/01\\\/18\\\/policia-civil-na-regiao-de-bebedouro-recebe-novas-viaturas-policiais-para-combate-a-criminalidade\\\/#breadcrumb\"},\"inLanguage\":\"pt-BR\",\"potentialAction\":[{\"@type\":\"ReadAction\",\"target\":[\"https:\\\/\\\/regiaonews.net.br\\\/2022\\\/2024\\\/01\\\/18\\\/policia-civil-na-regiao-de-bebedouro-recebe-novas-viaturas-policiais-para-combate-a-criminalidade\\\/\"]}]},{\"@type\":\"ImageObject\",\"inLanguage\":\"pt-BR\",\"@id\":\"https:\\\/\\\/regiaonews.net.br\\\/2022\\\/2024\\\/01\\\/18\\\/policia-civil-na-regiao-de-bebedouro-recebe-novas-viaturas-policiais-para-combate-a-criminalidade\\\/#primaryimage\",\"url\":\"https:\\\/\\\/regiaonews.net.br\\\/2022\\\/wp-content\\\/uploads\\\/2024\\\/01\\\/WhatsApp-Image-2024-01-18-at-16.50.32.jpeg\",\"contentUrl\":\"https:\\\/\\\/regiaonews.net.br\\\/2022\\\/wp-content\\\/uploads\\\/2024\\\/01\\\/WhatsApp-Image-2024-01-18-at-16.50.32.jpeg\",\"width\":799,\"height\":533},{\"@type\":\"BreadcrumbList\",\"@id\":\"https:\\\/\\\/regiaonews.net.br\\\/2022\\\/2024\\\/01\\\/18\\\/policia-civil-na-regiao-de-bebedouro-recebe-novas-viaturas-policiais-para-combate-a-criminalidade\\\/#breadcrumb\",\"itemListElement\":[{\"@type\":\"ListItem\",\"position\":1,\"name\":\"In\u00edcio\",\"item\":\"https:\\\/\\\/regiaonews.net.br\\\/2022\\\/\"},{\"@type\":\"ListItem\",\"position\":2,\"name\":\"Policia Civil na regiao de Bebedouro recebe novas viaturas policiais para combate a criminalidade\"}]},{\"@type\":\"WebSite\",\"@id\":\"https:\\\/\\\/regiaonews.net.br\\\/2022\\\/#website\",\"url\":\"https:\\\/\\\/regiaonews.net.br\\\/2022\\\/\",\"name\":\"Regi\u00e3o News\",\"description\":\"Site de Not\u00edcias de Barretos e regi\u00e3o\",\"publisher\":{\"@id\":\"https:\\\/\\\/regiaonews.net.br\\\/2022\\\/#organization\"},\"potentialAction\":[{\"@type\":\"SearchAction\",\"target\":{\"@type\":\"EntryPoint\",\"urlTemplate\":\"https:\\\/\\\/regiaonews.net.br\\\/2022\\\/?s={search_term_string}\"},\"query-input\":{\"@type\":\"PropertyValueSpecification\",\"valueRequired\":true,\"valueName\":\"search_term_string\"}}],\"inLanguage\":\"pt-BR\"},{\"@type\":\"Organization\",\"@id\":\"https:\\\/\\\/regiaonews.net.br\\\/2022\\\/#organization\",\"name\":\"Regi\u00e3o News\",\"url\":\"https:\\\/\\\/regiaonews.net.br\\\/2022\\\/\",\"logo\":{\"@type\":\"ImageObject\",\"inLanguage\":\"pt-BR\",\"@id\":\"https:\\\/\\\/regiaonews.net.br\\\/2022\\\/#\\\/schema\\\/logo\\\/image\\\/\",\"url\":\"https:\\\/\\\/regiaonews.net.br\\\/2022\\\/wp-content\\\/uploads\\\/2026\\\/03\\\/regiao-13-anos-scaled.jpg\",\"contentUrl\":\"https:\\\/\\\/regiaonews.net.br\\\/2022\\\/wp-content\\\/uploads\\\/2026\\\/03\\\/regiao-13-anos-scaled.jpg\",\"width\":2560,\"height\":635,\"caption\":\"Regi\u00e3o News\"},\"image\":{\"@id\":\"https:\\\/\\\/regiaonews.net.br\\\/2022\\\/#\\\/schema\\\/logo\\\/image\\\/\"}},{\"@type\":\"Person\",\"@id\":\"https:\\\/\\\/regiaonews.net.br\\\/2022\\\/#\\\/schema\\\/person\\\/2d205a608a5aa97ac279d7a5e6d89ad8\",\"name\":\"Roberto\",\"image\":{\"@type\":\"ImageObject\",\"inLanguage\":\"pt-BR\",\"@id\":\"https:\\\/\\\/secure.gravatar.com\\\/avatar\\\/42749d8b712ff9d59ca93dc150494e5b55a44134482993f5baeb97e61b7ecc89?s=96&d=mm&r=g\",\"url\":\"https:\\\/\\\/secure.gravatar.com\\\/avatar\\\/42749d8b712ff9d59ca93dc150494e5b55a44134482993f5baeb97e61b7ecc89?s=96&d=mm&r=g\",\"contentUrl\":\"https:\\\/\\\/secure.gravatar.com\\\/avatar\\\/42749d8b712ff9d59ca93dc150494e5b55a44134482993f5baeb97e61b7ecc89?s=96&d=mm&r=g\",\"caption\":\"Roberto\"},\"url\":\"https:\\\/\\\/regiaonews.net.br\\\/2022\\\/author\\\/roberto\\\/\"}]}<\/script>\n<!-- \/ Yoast SEO plugin. -->","yoast_head_json":{"title":"Policia Civil na regiao de Bebedouro recebe novas viaturas policiais para combate a criminalidade - Regi\u00e3o News","robots":{"index":"index","follow":"follow","max-snippet":"max-snippet:-1","max-image-preview":"max-image-preview:large","max-video-preview":"max-video-preview:-1"},"canonical":"https:\/\/regiaonews.net.br\/2022\/2024\/01\/18\/policia-civil-na-regiao-de-bebedouro-recebe-novas-viaturas-policiais-para-combate-a-criminalidade\/","og_locale":"pt_BR","og_type":"article","og_title":"Policia Civil na regiao de Bebedouro recebe novas viaturas policiais para combate a criminalidade - Regi\u00e3o News","og_description":"&nbsp; A Pol\u00edcia Civil na regi\u00e3o de Bebedouro, composta tamb\u00e9m","og_url":"https:\/\/regiaonews.net.br\/2022\/2024\/01\/18\/policia-civil-na-regiao-de-bebedouro-recebe-novas-viaturas-policiais-para-combate-a-criminalidade\/","og_site_name":"Regi\u00e3o News","article_published_time":"2024-01-18T21:52:52+00:00","article_modified_time":"2024-01-18T21:58:03+00:00","og_image":[{"width":799,"height":533,"url":"https:\/\/regiaonews.net.br\/2022\/wp-content\/uploads\/2024\/01\/WhatsApp-Image-2024-01-18-at-16.50.32.jpeg","type":"image\/jpeg"}],"author":"Roberto","twitter_card":"summary_large_image","twitter_misc":{"Escrito por":"Roberto","Est. tempo de leitura":"2 minutos"},"schema":{"@context":"https:\/\/schema.org","@graph":[{"@type":"Article","@id":"https:\/\/regiaonews.net.br\/2022\/2024\/01\/18\/policia-civil-na-regiao-de-bebedouro-recebe-novas-viaturas-policiais-para-combate-a-criminalidade\/#article","isPartOf":{"@id":"https:\/\/regiaonews.net.br\/2022\/2024\/01\/18\/policia-civil-na-regiao-de-bebedouro-recebe-novas-viaturas-policiais-para-combate-a-criminalidade\/"},"author":{"name":"Roberto","@id":"https:\/\/regiaonews.net.br\/2022\/#\/schema\/person\/2d205a608a5aa97ac279d7a5e6d89ad8"},"headline":"Policia Civil na regiao de Bebedouro recebe novas viaturas policiais para combate a criminalidade","datePublished":"2024-01-18T21:52:52+00:00","dateModified":"2024-01-18T21:58:03+00:00","mainEntityOfPage":{"@id":"https:\/\/regiaonews.net.br\/2022\/2024\/01\/18\/policia-civil-na-regiao-de-bebedouro-recebe-novas-viaturas-policiais-para-combate-a-criminalidade\/"},"wordCount":232,"commentCount":0,"publisher":{"@id":"https:\/\/regiaonews.net.br\/2022\/#organization"},"image":{"@id":"https:\/\/regiaonews.net.br\/2022\/2024\/01\/18\/policia-civil-na-regiao-de-bebedouro-recebe-novas-viaturas-policiais-para-combate-a-criminalidade\/#primaryimage"},"thumbnailUrl":"https:\/\/regiaonews.net.br\/2022\/wp-content\/uploads\/2024\/01\/WhatsApp-Image-2024-01-18-at-16.50.32.jpeg","articleSection":["Bebedouro","Policia"],"inLanguage":"pt-BR","potentialAction":[{"@type":"CommentAction","name":"Comment","target":["https:\/\/regiaonews.net.br\/2022\/2024\/01\/18\/policia-civil-na-regiao-de-bebedouro-recebe-novas-viaturas-policiais-para-combate-a-criminalidade\/#respond"]}]},{"@type":"WebPage","@id":"https:\/\/regiaonews.net.br\/2022\/2024\/01\/18\/policia-civil-na-regiao-de-bebedouro-recebe-novas-viaturas-policiais-para-combate-a-criminalidade\/","url":"https:\/\/regiaonews.net.br\/2022\/2024\/01\/18\/policia-civil-na-regiao-de-bebedouro-recebe-novas-viaturas-policiais-para-combate-a-criminalidade\/","name":"Policia Civil na regiao de Bebedouro recebe novas viaturas policiais para combate a criminalidade - Regi\u00e3o News","isPartOf":{"@id":"https:\/\/regiaonews.net.br\/2022\/#website"},"primaryImageOfPage":{"@id":"https:\/\/regiaonews.net.br\/2022\/2024\/01\/18\/policia-civil-na-regiao-de-bebedouro-recebe-novas-viaturas-policiais-para-combate-a-criminalidade\/#primaryimage"},"image":{"@id":"https:\/\/regiaonews.net.br\/2022\/2024\/01\/18\/policia-civil-na-regiao-de-bebedouro-recebe-novas-viaturas-policiais-para-combate-a-criminalidade\/#primaryimage"},"thumbnailUrl":"https:\/\/regiaonews.net.br\/2022\/wp-content\/uploads\/2024\/01\/WhatsApp-Image-2024-01-18-at-16.50.32.jpeg","datePublished":"2024-01-18T21:52:52+00:00","dateModified":"2024-01-18T21:58:03+00:00","breadcrumb":{"@id":"https:\/\/regiaonews.net.br\/2022\/2024\/01\/18\/policia-civil-na-regiao-de-bebedouro-recebe-novas-viaturas-policiais-para-combate-a-criminalidade\/#breadcrumb"},"inLanguage":"pt-BR","potentialAction":[{"@type":"ReadAction","target":["https:\/\/regiaonews.net.br\/2022\/2024\/01\/18\/policia-civil-na-regiao-de-bebedouro-recebe-novas-viaturas-policiais-para-combate-a-criminalidade\/"]}]},{"@type":"ImageObject","inLanguage":"pt-BR","@id":"https:\/\/regiaonews.net.br\/2022\/2024\/01\/18\/policia-civil-na-regiao-de-bebedouro-recebe-novas-viaturas-policiais-para-combate-a-criminalidade\/#primaryimage","url":"https:\/\/regiaonews.net.br\/2022\/wp-content\/uploads\/2024\/01\/WhatsApp-Image-2024-01-18-at-16.50.32.jpeg","contentUrl":"https:\/\/regiaonews.net.br\/2022\/wp-content\/uploads\/2024\/01\/WhatsApp-Image-2024-01-18-at-16.50.32.jpeg","width":799,"height":533},{"@type":"BreadcrumbList","@id":"https:\/\/regiaonews.net.br\/2022\/2024\/01\/18\/policia-civil-na-regiao-de-bebedouro-recebe-novas-viaturas-policiais-para-combate-a-criminalidade\/#breadcrumb","itemListElement":[{"@type":"ListItem","position":1,"name":"In\u00edcio","item":"https:\/\/regiaonews.net.br\/2022\/"},{"@type":"ListItem","position":2,"name":"Policia Civil na regiao de Bebedouro recebe novas viaturas policiais para combate a criminalidade"}]},{"@type":"WebSite","@id":"https:\/\/regiaonews.net.br\/2022\/#website","url":"https:\/\/regiaonews.net.br\/2022\/","name":"Regi\u00e3o News","description":"Site de Not\u00edcias de Barretos e regi\u00e3o","publisher":{"@id":"https:\/\/regiaonews.net.br\/2022\/#organization"},"potentialAction":[{"@type":"SearchAction","target":{"@type":"EntryPoint","urlTemplate":"https:\/\/regiaonews.net.br\/2022\/?s={search_term_string}"},"query-input":{"@type":"PropertyValueSpecification","valueRequired":true,"valueName":"search_term_string"}}],"inLanguage":"pt-BR"},{"@type":"Organization","@id":"https:\/\/regiaonews.net.br\/2022\/#organization","name":"Regi\u00e3o News","url":"https:\/\/regiaonews.net.br\/2022\/","logo":{"@type":"ImageObject","inLanguage":"pt-BR","@id":"https:\/\/regiaonews.net.br\/2022\/#\/schema\/logo\/image\/","url":"https:\/\/regiaonews.net.br\/2022\/wp-content\/uploads\/2026\/03\/regiao-13-anos-scaled.jpg","contentUrl":"https:\/\/regiaonews.net.br\/2022\/wp-content\/uploads\/2026\/03\/regiao-13-anos-scaled.jpg","width":2560,"height":635,"caption":"Regi\u00e3o News"},"image":{"@id":"https:\/\/regiaonews.net.br\/2022\/#\/schema\/logo\/image\/"}},{"@type":"Person","@id":"https:\/\/regiaonews.net.br\/2022\/#\/schema\/person\/2d205a608a5aa97ac279d7a5e6d89ad8","name":"Roberto","image":{"@type":"ImageObject","inLanguage":"pt-BR","@id":"https:\/\/secure.gravatar.com\/avatar\/42749d8b712ff9d59ca93dc150494e5b55a44134482993f5baeb97e61b7ecc89?s=96&d=mm&r=g","url":"https:\/\/secure.gravatar.com\/avatar\/42749d8b712ff9d59ca93dc150494e5b55a44134482993f5baeb97e61b7ecc89?s=96&d=mm&r=g","contentUrl":"https:\/\/secure.gravatar.com\/avatar\/42749d8b712ff9d59ca93dc150494e5b55a44134482993f5baeb97e61b7ecc89?s=96&d=mm&r=g","caption":"Roberto"},"url":"https:\/\/regiaonews.net.br\/2022\/author\/roberto\/"}]}},"publishpress_future_action":{"enabled":false,"date":"2026-05-03 04:35:01","action":"change-status","newStatus":"draft","terms":[],"taxonomy":"category","extraData":[]},"publishpress_future_workflow_manual_trigger":{"enabledWorkflows":[]},"_links":{"self":[{"href":"https:\/\/regiaonews.net.br\/2022\/wp-json\/wp\/v2\/posts\/100302","targetHints":{"allow":["GET"]}}],"collection":[{"href":"https:\/\/regiaonews.net.br\/2022\/wp-json\/wp\/v2\/posts"}],"about":[{"href":"https:\/\/regiaonews.net.br\/2022\/wp-json\/wp\/v2\/types\/post"}],"author":[{"embeddable":true,"href":"https:\/\/regiaonews.net.br\/2022\/wp-json\/wp\/v2\/users\/2"}],"replies":[{"embeddable":true,"href":"https:\/\/regiaonews.net.br\/2022\/wp-json\/wp\/v2\/comments?post=100302"}],"version-history":[{"count":3,"href":"https:\/\/regiaonews.net.br\/2022\/wp-json\/wp\/v2\/posts\/100302\/revisions"}],"predecessor-version":[{"id":100306,"href":"https:\/\/regiaonews.net.br\/2022\/wp-json\/wp\/v2\/posts\/100302\/revisions\/100306"}],"wp:featuredmedia":[{"embeddable":true,"href":"https:\/\/regiaonews.net.br\/2022\/wp-json\/wp\/v2\/media\/100303"}],"wp:attachment":[{"href":"https:\/\/regiaonews.net.br\/2022\/wp-json\/wp\/v2\/media?parent=100302"}],"wp:term":[{"taxonomy":"category","embeddable":true,"href":"https:\/\/regiaonews.net.br\/2022\/wp-json\/wp\/v2\/categories?post=100302"},{"taxonomy":"post_tag","embeddable":true,"href":"https:\/\/regiaonews.net.br\/2022\/wp-json\/wp\/v2\/tags?post=100302"}],"curies":[{"name":"wp","href":"https:\/\/api.w.org\/{rel}","templated":true}]}}