{"id":100289,"date":"2024-01-18T16:41:33","date_gmt":"2024-01-18T19:41:33","guid":{"rendered":"https:\/\/regiaonews.net.br\/2022\/?p=100289"},"modified":"2024-01-18T16:41:33","modified_gmt":"2024-01-18T19:41:33","slug":"oab-barretos-manifesta-apoio-a-advogada-agredida-por-policiais","status":"publish","type":"post","link":"https:\/\/regiaonews.net.br\/2022\/2024\/01\/18\/oab-barretos-manifesta-apoio-a-advogada-agredida-por-policiais\/","title":{"rendered":"OAB Barretos manifesta apoio \u00e0 advogada agredida por policiais"},"content":{"rendered":"<h3 style=\"text-align: center;\">Caso envolvendo dra. Cristiane Alves Palmeiras, coordenadora da Comiss\u00e3o de Prerrogativas 7\u00aa Subse\u00e7\u00e3o \u2013 Barretos resultou em den\u00fancia por abuso de poder<\/h3>\n<p>A 7\u00aa Subse\u00e7\u00e3o da Ordem dos Advogados do Brasil \u2013 OAB Barretos vem a p\u00fablico manifestar seu integral apoio \u00e0 advogada barretense Dra. Cristiane Alves Palmeiras, que denunciou seis policiais militares na tarde desta quarta-feira, dia 17 de janeiro, por agress\u00e3o moral, agress\u00e3o f\u00edsica e abuso de poder. O caso ocorreu no bairro Derby Club. Acionada por um sobrinho que afirmava que sua casa fora invadida por seis policiais, sem mandado judicial, e que estava sob a mira do rev\u00f3lver de um deles quando fez a liga\u00e7\u00e3o, Dra. Cristiane dirigiu-se imediatamente ao local e, ao chegar, foi impedida de entrar na casa, pois os policiais duvidaram que ela, de fato, fosse advogada. A partir desse momento e diante da insist\u00eancia da doutora, ocorreram agress\u00f5es verbais, culminando em agress\u00f5es f\u00edsicas contra a profissional do direito, que sofreu luxa\u00e7\u00e3o nos dois bra\u00e7os e apresenta hematomas no t\u00f3rax.<\/p>\n<p>A advogada comunicou imediatamente a OAB Barretos e passou a contar, presencialmente, com o apoio de sua presidente, Dra. Arany L&#8217;Apiccirella, da vice-presidente Priscila Sanches Salviano de Oliveira, do Coordenador da Comiss\u00e3o de Prerrogativas Gilberto Vicente Filho e do secret\u00e1rio adjunto da 7\u00aa Subse\u00e7\u00e3o, Dr. M\u00e1rcio Ant\u00f4nio Domingues, que acompanharam a advogada agredida at\u00e9 a delegacia de pol\u00edcia e l\u00e1 presenciaram os depoimentos. A presidente da OAB S\u00e3o Paulo, Dra. Patr\u00edcia Vanzolini, foi contatada e mobilizou a comiss\u00e3o de prerrogativas de SP, atrav\u00e9s da Dra. Claudia Bernasconi, que, por sua vez, mobilizou a prerrogativa regional. O Dr. Andr\u00e9 Luiz Pipino, coordenador de Prerrogativas da 6\u00aa Regi\u00e3o OAB S\u00e3o Paulo, veio ent\u00e3o para a delegacia de Barretos. Ainda estiveram na delegacia para entender o caso a advogada Dra. Luciana Ribeiro Pena Peghim, que \u00e9 membro do Conselho de Participa\u00e7\u00e3o de Desenvolvimento da Comunidade Negra do Estado de S\u00e3o Paulo, o Dr. Josu\u00e9 Justino do Rio, que \u00e9 conselheiro estadual OAB S\u00e3o Paulo e da 6\u00aa Regi\u00e3o, e o Dr. Fabiano Reis de Carvalho, conselheiro Estadual OAB S\u00e3o Paulo representando Barretos.<\/p>\n<p>O caso foi registrado pela OAB como abuso de autoridade e todos os advogados presentes, representantes de classe, fizeram quest\u00e3o de demonstrar seu apoio \u00e0 Dra. Cristiane Alves Palmeiras. A Dra. Patr\u00edcia Vanzolini comentou o caso em suas redes sociais, dizendo: &#8220;Infelizmente, este n\u00e3o \u00e9 um caso isolado. Cotidianamente, n\u00f3s, mulheres advogadas, sofremos e passamos por situa\u00e7\u00f5es pelas quais os homens advogados n\u00e3o passam. N\u00f3s da OAB S\u00e3o Paulo n\u00e3o vamos tolerar que os direitos das mulheres advogadas sejam tolhidos ou cerceados de nenhuma forma.&#8221;<\/p>\n<p>A presidente da OAB Barretos, Dra. Arany L&#8217;Apiccirella, explicou que &#8220;esse caso s\u00f3 mostra que a discrimina\u00e7\u00e3o e racismo em nosso pa\u00eds ainda s\u00e3o uma triste realidade. Uma advogada negra tem sua identidade negada por policiais na frente de seus clientes e ainda \u00e9 agredida f\u00edsica e moralmente. Isso \u00e9 muito s\u00e9rio e mereceu a mobiliza\u00e7\u00e3o regional que foi vista na delegacia. Quero deixar clara a posi\u00e7\u00e3o da OAB Barretos, que \u00e9 de rep\u00fadio a esse tipo de atitude policial e, como representante de uma classe que exige respeito a todos os seus profissionais de maneira s\u00e9ria e igualit\u00e1ria, posso afirmar que o apoio \u00e0 Dra. Cristiane deve ser levado at\u00e9 as \u00faltimas consequ\u00eancias, como bem expressou a Dra. Patr\u00edcia Vanzolini. N\u00e3o h\u00e1 como tolerar situa\u00e7\u00f5es como essa&#8221;, reafirmou a presidente.<\/p>\n<p>Ainda abalada com a situa\u00e7\u00e3o, mas firme em seu prop\u00f3sito, Dra. Cristiane revelou-se muito grata ao apoio que recebeu. &#8220;N\u00e3o \u00e9 a primeira ou a segunda vez que passo por esse cen\u00e1rio. Como mulher preta, vinda de uma classe popular, tenho sentido na pele o que chamam de \u2018casos isolados\u2019, mas que, lamentavelmente, \u00e9 a nossa realidade do dia a dia. No entanto, ainda n\u00e3o tinha me visto na circunst\u00e2ncia de ser agredida por seis policiais ao mesmo tempo, que, al\u00e9m de proferirem palavras ofensivas, submeteram-me \u00e0 for\u00e7a f\u00edsica. O que, de fato, me alenta, foi o apoio e o carinho que recebi de meus colegas de profiss\u00e3o, verdadeiros companheiros na luta pelo respeito e contra o racismo estrutural. Estou ainda com dores pelo corpo, mas com o cora\u00e7\u00e3o aquecido pela solidariedade&#8221;, disse emocionada.<\/p>\n<p>O Dr. Andr\u00e9 Luiz Pipino, coordenador de Prerrogativas da 6\u00aa Regi\u00e3o da OAB S\u00e3o Paulo, explicou que a partir da den\u00fancia formal por abuso de autoridade, o caso ser\u00e1 acompanhado de perto pela Ordem dos Advogados do Brasil. &#8220;Temos todo o interesse que esse caso se desenrole, dentro da legalidade, para que os policiais possam ser denunciados. \u00c9 importante ressaltar que as prerrogativas s\u00e3o inegoci\u00e1veis, que a OAB tem mostrado uni\u00e3o nos casos em que qualquer advogado \u00e9 desrespeitado no exerc\u00edcio de sua profiss\u00e3o, principalmente quando se chega ao absurdo de uma agress\u00e3o f\u00edsica contra uma mulher, praticada por homens, pois n\u00e3o havia nenhuma policial feminina no local. \u00c9 um caso triste e lament\u00e1vel, mas que n\u00e3o ficar\u00e1 sem resposta \u00e0 sociedade&#8221;,\u00a0completou.<\/p>\n","protected":false},"excerpt":{"rendered":"<p>Caso envolvendo dra. Cristiane Alves Palmeiras, coordenadora da Comiss\u00e3o de<\/p>\n","protected":false},"author":2,"featured_media":100290,"comment_status":"open","ping_status":"open","sticky":false,"template":"","format":"standard","meta":{"footnotes":""},"categories":[14,3],"tags":[],"class_list":["post-100289","post","type-post","status-publish","format-standard","has-post-thumbnail","hentry","category-barretos","category-geral"],"yoast_head":"<!-- This site is optimized with the Yoast SEO plugin v27.4 - https:\/\/yoast.com\/product\/yoast-seo-wordpress\/ -->\n<title>OAB Barretos manifesta apoio \u00e0 advogada agredida por policiais - Regi\u00e3o News<\/title>\n<meta name=\"robots\" content=\"index, follow, max-snippet:-1, max-image-preview:large, max-video-preview:-1\" \/>\n<link rel=\"canonical\" href=\"https:\/\/regiaonews.net.br\/2022\/2024\/01\/18\/oab-barretos-manifesta-apoio-a-advogada-agredida-por-policiais\/\" \/>\n<meta property=\"og:locale\" content=\"pt_BR\" \/>\n<meta property=\"og:type\" content=\"article\" \/>\n<meta property=\"og:title\" content=\"OAB Barretos manifesta apoio \u00e0 advogada agredida por policiais - Regi\u00e3o News\" \/>\n<meta property=\"og:description\" content=\"Caso envolvendo dra. Cristiane Alves Palmeiras, coordenadora da Comiss\u00e3o de\" \/>\n<meta property=\"og:url\" content=\"https:\/\/regiaonews.net.br\/2022\/2024\/01\/18\/oab-barretos-manifesta-apoio-a-advogada-agredida-por-policiais\/\" \/>\n<meta property=\"og:site_name\" content=\"Regi\u00e3o News\" \/>\n<meta property=\"article:published_time\" content=\"2024-01-18T19:41:33+00:00\" \/>\n<meta property=\"og:image\" content=\"https:\/\/regiaonews.net.br\/2022\/wp-content\/uploads\/2024\/01\/Imagem-do-WhatsApp-de-2024-01-18-as-15.50.36_2fa00b5d.jpg\" \/>\n\t<meta property=\"og:image:width\" content=\"1600\" \/>\n\t<meta property=\"og:image:height\" content=\"739\" \/>\n\t<meta property=\"og:image:type\" content=\"image\/jpeg\" \/>\n<meta name=\"author\" content=\"Roberto\" \/>\n<meta name=\"twitter:card\" content=\"summary_large_image\" \/>\n<meta name=\"twitter:label1\" content=\"Escrito por\" \/>\n\t<meta name=\"twitter:data1\" content=\"Roberto\" \/>\n\t<meta name=\"twitter:label2\" content=\"Est. tempo de leitura\" \/>\n\t<meta name=\"twitter:data2\" content=\"5 minutos\" \/>\n<script type=\"application\/ld+json\" class=\"yoast-schema-graph\">{\"@context\":\"https:\\\/\\\/schema.org\",\"@graph\":[{\"@type\":\"Article\",\"@id\":\"https:\\\/\\\/regiaonews.net.br\\\/2022\\\/2024\\\/01\\\/18\\\/oab-barretos-manifesta-apoio-a-advogada-agredida-por-policiais\\\/#article\",\"isPartOf\":{\"@id\":\"https:\\\/\\\/regiaonews.net.br\\\/2022\\\/2024\\\/01\\\/18\\\/oab-barretos-manifesta-apoio-a-advogada-agredida-por-policiais\\\/\"},\"author\":{\"name\":\"Roberto\",\"@id\":\"https:\\\/\\\/regiaonews.net.br\\\/2022\\\/#\\\/schema\\\/person\\\/2d205a608a5aa97ac279d7a5e6d89ad8\"},\"headline\":\"OAB Barretos manifesta apoio \u00e0 advogada agredida por policiais\",\"datePublished\":\"2024-01-18T19:41:33+00:00\",\"mainEntityOfPage\":{\"@id\":\"https:\\\/\\\/regiaonews.net.br\\\/2022\\\/2024\\\/01\\\/18\\\/oab-barretos-manifesta-apoio-a-advogada-agredida-por-policiais\\\/\"},\"wordCount\":886,\"commentCount\":0,\"publisher\":{\"@id\":\"https:\\\/\\\/regiaonews.net.br\\\/2022\\\/#organization\"},\"image\":{\"@id\":\"https:\\\/\\\/regiaonews.net.br\\\/2022\\\/2024\\\/01\\\/18\\\/oab-barretos-manifesta-apoio-a-advogada-agredida-por-policiais\\\/#primaryimage\"},\"thumbnailUrl\":\"https:\\\/\\\/regiaonews.net.br\\\/2022\\\/wp-content\\\/uploads\\\/2024\\\/01\\\/Imagem-do-WhatsApp-de-2024-01-18-as-15.50.36_2fa00b5d.jpg\",\"articleSection\":[\"Barretos\",\"Geral\"],\"inLanguage\":\"pt-BR\",\"potentialAction\":[{\"@type\":\"CommentAction\",\"name\":\"Comment\",\"target\":[\"https:\\\/\\\/regiaonews.net.br\\\/2022\\\/2024\\\/01\\\/18\\\/oab-barretos-manifesta-apoio-a-advogada-agredida-por-policiais\\\/#respond\"]}]},{\"@type\":\"WebPage\",\"@id\":\"https:\\\/\\\/regiaonews.net.br\\\/2022\\\/2024\\\/01\\\/18\\\/oab-barretos-manifesta-apoio-a-advogada-agredida-por-policiais\\\/\",\"url\":\"https:\\\/\\\/regiaonews.net.br\\\/2022\\\/2024\\\/01\\\/18\\\/oab-barretos-manifesta-apoio-a-advogada-agredida-por-policiais\\\/\",\"name\":\"OAB Barretos manifesta apoio \u00e0 advogada agredida por policiais - Regi\u00e3o News\",\"isPartOf\":{\"@id\":\"https:\\\/\\\/regiaonews.net.br\\\/2022\\\/#website\"},\"primaryImageOfPage\":{\"@id\":\"https:\\\/\\\/regiaonews.net.br\\\/2022\\\/2024\\\/01\\\/18\\\/oab-barretos-manifesta-apoio-a-advogada-agredida-por-policiais\\\/#primaryimage\"},\"image\":{\"@id\":\"https:\\\/\\\/regiaonews.net.br\\\/2022\\\/2024\\\/01\\\/18\\\/oab-barretos-manifesta-apoio-a-advogada-agredida-por-policiais\\\/#primaryimage\"},\"thumbnailUrl\":\"https:\\\/\\\/regiaonews.net.br\\\/2022\\\/wp-content\\\/uploads\\\/2024\\\/01\\\/Imagem-do-WhatsApp-de-2024-01-18-as-15.50.36_2fa00b5d.jpg\",\"datePublished\":\"2024-01-18T19:41:33+00:00\",\"breadcrumb\":{\"@id\":\"https:\\\/\\\/regiaonews.net.br\\\/2022\\\/2024\\\/01\\\/18\\\/oab-barretos-manifesta-apoio-a-advogada-agredida-por-policiais\\\/#breadcrumb\"},\"inLanguage\":\"pt-BR\",\"potentialAction\":[{\"@type\":\"ReadAction\",\"target\":[\"https:\\\/\\\/regiaonews.net.br\\\/2022\\\/2024\\\/01\\\/18\\\/oab-barretos-manifesta-apoio-a-advogada-agredida-por-policiais\\\/\"]}]},{\"@type\":\"ImageObject\",\"inLanguage\":\"pt-BR\",\"@id\":\"https:\\\/\\\/regiaonews.net.br\\\/2022\\\/2024\\\/01\\\/18\\\/oab-barretos-manifesta-apoio-a-advogada-agredida-por-policiais\\\/#primaryimage\",\"url\":\"https:\\\/\\\/regiaonews.net.br\\\/2022\\\/wp-content\\\/uploads\\\/2024\\\/01\\\/Imagem-do-WhatsApp-de-2024-01-18-as-15.50.36_2fa00b5d.jpg\",\"contentUrl\":\"https:\\\/\\\/regiaonews.net.br\\\/2022\\\/wp-content\\\/uploads\\\/2024\\\/01\\\/Imagem-do-WhatsApp-de-2024-01-18-as-15.50.36_2fa00b5d.jpg\",\"width\":1600,\"height\":739},{\"@type\":\"BreadcrumbList\",\"@id\":\"https:\\\/\\\/regiaonews.net.br\\\/2022\\\/2024\\\/01\\\/18\\\/oab-barretos-manifesta-apoio-a-advogada-agredida-por-policiais\\\/#breadcrumb\",\"itemListElement\":[{\"@type\":\"ListItem\",\"position\":1,\"name\":\"In\u00edcio\",\"item\":\"https:\\\/\\\/regiaonews.net.br\\\/2022\\\/\"},{\"@type\":\"ListItem\",\"position\":2,\"name\":\"OAB Barretos manifesta apoio \u00e0 advogada agredida por policiais\"}]},{\"@type\":\"WebSite\",\"@id\":\"https:\\\/\\\/regiaonews.net.br\\\/2022\\\/#website\",\"url\":\"https:\\\/\\\/regiaonews.net.br\\\/2022\\\/\",\"name\":\"Regi\u00e3o News\",\"description\":\"Site de Not\u00edcias de Barretos e regi\u00e3o\",\"publisher\":{\"@id\":\"https:\\\/\\\/regiaonews.net.br\\\/2022\\\/#organization\"},\"potentialAction\":[{\"@type\":\"SearchAction\",\"target\":{\"@type\":\"EntryPoint\",\"urlTemplate\":\"https:\\\/\\\/regiaonews.net.br\\\/2022\\\/?s={search_term_string}\"},\"query-input\":{\"@type\":\"PropertyValueSpecification\",\"valueRequired\":true,\"valueName\":\"search_term_string\"}}],\"inLanguage\":\"pt-BR\"},{\"@type\":\"Organization\",\"@id\":\"https:\\\/\\\/regiaonews.net.br\\\/2022\\\/#organization\",\"name\":\"Regi\u00e3o News\",\"url\":\"https:\\\/\\\/regiaonews.net.br\\\/2022\\\/\",\"logo\":{\"@type\":\"ImageObject\",\"inLanguage\":\"pt-BR\",\"@id\":\"https:\\\/\\\/regiaonews.net.br\\\/2022\\\/#\\\/schema\\\/logo\\\/image\\\/\",\"url\":\"https:\\\/\\\/regiaonews.net.br\\\/2022\\\/wp-content\\\/uploads\\\/2026\\\/03\\\/regiao-13-anos-scaled.jpg\",\"contentUrl\":\"https:\\\/\\\/regiaonews.net.br\\\/2022\\\/wp-content\\\/uploads\\\/2026\\\/03\\\/regiao-13-anos-scaled.jpg\",\"width\":2560,\"height\":635,\"caption\":\"Regi\u00e3o News\"},\"image\":{\"@id\":\"https:\\\/\\\/regiaonews.net.br\\\/2022\\\/#\\\/schema\\\/logo\\\/image\\\/\"}},{\"@type\":\"Person\",\"@id\":\"https:\\\/\\\/regiaonews.net.br\\\/2022\\\/#\\\/schema\\\/person\\\/2d205a608a5aa97ac279d7a5e6d89ad8\",\"name\":\"Roberto\",\"image\":{\"@type\":\"ImageObject\",\"inLanguage\":\"pt-BR\",\"@id\":\"https:\\\/\\\/secure.gravatar.com\\\/avatar\\\/42749d8b712ff9d59ca93dc150494e5b55a44134482993f5baeb97e61b7ecc89?s=96&d=mm&r=g\",\"url\":\"https:\\\/\\\/secure.gravatar.com\\\/avatar\\\/42749d8b712ff9d59ca93dc150494e5b55a44134482993f5baeb97e61b7ecc89?s=96&d=mm&r=g\",\"contentUrl\":\"https:\\\/\\\/secure.gravatar.com\\\/avatar\\\/42749d8b712ff9d59ca93dc150494e5b55a44134482993f5baeb97e61b7ecc89?s=96&d=mm&r=g\",\"caption\":\"Roberto\"},\"url\":\"https:\\\/\\\/regiaonews.net.br\\\/2022\\\/author\\\/roberto\\\/\"}]}<\/script>\n<!-- \/ Yoast SEO plugin. -->","yoast_head_json":{"title":"OAB Barretos manifesta apoio \u00e0 advogada agredida por policiais - Regi\u00e3o News","robots":{"index":"index","follow":"follow","max-snippet":"max-snippet:-1","max-image-preview":"max-image-preview:large","max-video-preview":"max-video-preview:-1"},"canonical":"https:\/\/regiaonews.net.br\/2022\/2024\/01\/18\/oab-barretos-manifesta-apoio-a-advogada-agredida-por-policiais\/","og_locale":"pt_BR","og_type":"article","og_title":"OAB Barretos manifesta apoio \u00e0 advogada agredida por policiais - Regi\u00e3o News","og_description":"Caso envolvendo dra. Cristiane Alves Palmeiras, coordenadora da Comiss\u00e3o de","og_url":"https:\/\/regiaonews.net.br\/2022\/2024\/01\/18\/oab-barretos-manifesta-apoio-a-advogada-agredida-por-policiais\/","og_site_name":"Regi\u00e3o News","article_published_time":"2024-01-18T19:41:33+00:00","og_image":[{"width":1600,"height":739,"url":"https:\/\/regiaonews.net.br\/2022\/wp-content\/uploads\/2024\/01\/Imagem-do-WhatsApp-de-2024-01-18-as-15.50.36_2fa00b5d.jpg","type":"image\/jpeg"}],"author":"Roberto","twitter_card":"summary_large_image","twitter_misc":{"Escrito por":"Roberto","Est. tempo de leitura":"5 minutos"},"schema":{"@context":"https:\/\/schema.org","@graph":[{"@type":"Article","@id":"https:\/\/regiaonews.net.br\/2022\/2024\/01\/18\/oab-barretos-manifesta-apoio-a-advogada-agredida-por-policiais\/#article","isPartOf":{"@id":"https:\/\/regiaonews.net.br\/2022\/2024\/01\/18\/oab-barretos-manifesta-apoio-a-advogada-agredida-por-policiais\/"},"author":{"name":"Roberto","@id":"https:\/\/regiaonews.net.br\/2022\/#\/schema\/person\/2d205a608a5aa97ac279d7a5e6d89ad8"},"headline":"OAB Barretos manifesta apoio \u00e0 advogada agredida por policiais","datePublished":"2024-01-18T19:41:33+00:00","mainEntityOfPage":{"@id":"https:\/\/regiaonews.net.br\/2022\/2024\/01\/18\/oab-barretos-manifesta-apoio-a-advogada-agredida-por-policiais\/"},"wordCount":886,"commentCount":0,"publisher":{"@id":"https:\/\/regiaonews.net.br\/2022\/#organization"},"image":{"@id":"https:\/\/regiaonews.net.br\/2022\/2024\/01\/18\/oab-barretos-manifesta-apoio-a-advogada-agredida-por-policiais\/#primaryimage"},"thumbnailUrl":"https:\/\/regiaonews.net.br\/2022\/wp-content\/uploads\/2024\/01\/Imagem-do-WhatsApp-de-2024-01-18-as-15.50.36_2fa00b5d.jpg","articleSection":["Barretos","Geral"],"inLanguage":"pt-BR","potentialAction":[{"@type":"CommentAction","name":"Comment","target":["https:\/\/regiaonews.net.br\/2022\/2024\/01\/18\/oab-barretos-manifesta-apoio-a-advogada-agredida-por-policiais\/#respond"]}]},{"@type":"WebPage","@id":"https:\/\/regiaonews.net.br\/2022\/2024\/01\/18\/oab-barretos-manifesta-apoio-a-advogada-agredida-por-policiais\/","url":"https:\/\/regiaonews.net.br\/2022\/2024\/01\/18\/oab-barretos-manifesta-apoio-a-advogada-agredida-por-policiais\/","name":"OAB Barretos manifesta apoio \u00e0 advogada agredida por policiais - Regi\u00e3o News","isPartOf":{"@id":"https:\/\/regiaonews.net.br\/2022\/#website"},"primaryImageOfPage":{"@id":"https:\/\/regiaonews.net.br\/2022\/2024\/01\/18\/oab-barretos-manifesta-apoio-a-advogada-agredida-por-policiais\/#primaryimage"},"image":{"@id":"https:\/\/regiaonews.net.br\/2022\/2024\/01\/18\/oab-barretos-manifesta-apoio-a-advogada-agredida-por-policiais\/#primaryimage"},"thumbnailUrl":"https:\/\/regiaonews.net.br\/2022\/wp-content\/uploads\/2024\/01\/Imagem-do-WhatsApp-de-2024-01-18-as-15.50.36_2fa00b5d.jpg","datePublished":"2024-01-18T19:41:33+00:00","breadcrumb":{"@id":"https:\/\/regiaonews.net.br\/2022\/2024\/01\/18\/oab-barretos-manifesta-apoio-a-advogada-agredida-por-policiais\/#breadcrumb"},"inLanguage":"pt-BR","potentialAction":[{"@type":"ReadAction","target":["https:\/\/regiaonews.net.br\/2022\/2024\/01\/18\/oab-barretos-manifesta-apoio-a-advogada-agredida-por-policiais\/"]}]},{"@type":"ImageObject","inLanguage":"pt-BR","@id":"https:\/\/regiaonews.net.br\/2022\/2024\/01\/18\/oab-barretos-manifesta-apoio-a-advogada-agredida-por-policiais\/#primaryimage","url":"https:\/\/regiaonews.net.br\/2022\/wp-content\/uploads\/2024\/01\/Imagem-do-WhatsApp-de-2024-01-18-as-15.50.36_2fa00b5d.jpg","contentUrl":"https:\/\/regiaonews.net.br\/2022\/wp-content\/uploads\/2024\/01\/Imagem-do-WhatsApp-de-2024-01-18-as-15.50.36_2fa00b5d.jpg","width":1600,"height":739},{"@type":"BreadcrumbList","@id":"https:\/\/regiaonews.net.br\/2022\/2024\/01\/18\/oab-barretos-manifesta-apoio-a-advogada-agredida-por-policiais\/#breadcrumb","itemListElement":[{"@type":"ListItem","position":1,"name":"In\u00edcio","item":"https:\/\/regiaonews.net.br\/2022\/"},{"@type":"ListItem","position":2,"name":"OAB Barretos manifesta apoio \u00e0 advogada agredida por policiais"}]},{"@type":"WebSite","@id":"https:\/\/regiaonews.net.br\/2022\/#website","url":"https:\/\/regiaonews.net.br\/2022\/","name":"Regi\u00e3o News","description":"Site de Not\u00edcias de Barretos e regi\u00e3o","publisher":{"@id":"https:\/\/regiaonews.net.br\/2022\/#organization"},"potentialAction":[{"@type":"SearchAction","target":{"@type":"EntryPoint","urlTemplate":"https:\/\/regiaonews.net.br\/2022\/?s={search_term_string}"},"query-input":{"@type":"PropertyValueSpecification","valueRequired":true,"valueName":"search_term_string"}}],"inLanguage":"pt-BR"},{"@type":"Organization","@id":"https:\/\/regiaonews.net.br\/2022\/#organization","name":"Regi\u00e3o News","url":"https:\/\/regiaonews.net.br\/2022\/","logo":{"@type":"ImageObject","inLanguage":"pt-BR","@id":"https:\/\/regiaonews.net.br\/2022\/#\/schema\/logo\/image\/","url":"https:\/\/regiaonews.net.br\/2022\/wp-content\/uploads\/2026\/03\/regiao-13-anos-scaled.jpg","contentUrl":"https:\/\/regiaonews.net.br\/2022\/wp-content\/uploads\/2026\/03\/regiao-13-anos-scaled.jpg","width":2560,"height":635,"caption":"Regi\u00e3o News"},"image":{"@id":"https:\/\/regiaonews.net.br\/2022\/#\/schema\/logo\/image\/"}},{"@type":"Person","@id":"https:\/\/regiaonews.net.br\/2022\/#\/schema\/person\/2d205a608a5aa97ac279d7a5e6d89ad8","name":"Roberto","image":{"@type":"ImageObject","inLanguage":"pt-BR","@id":"https:\/\/secure.gravatar.com\/avatar\/42749d8b712ff9d59ca93dc150494e5b55a44134482993f5baeb97e61b7ecc89?s=96&d=mm&r=g","url":"https:\/\/secure.gravatar.com\/avatar\/42749d8b712ff9d59ca93dc150494e5b55a44134482993f5baeb97e61b7ecc89?s=96&d=mm&r=g","contentUrl":"https:\/\/secure.gravatar.com\/avatar\/42749d8b712ff9d59ca93dc150494e5b55a44134482993f5baeb97e61b7ecc89?s=96&d=mm&r=g","caption":"Roberto"},"url":"https:\/\/regiaonews.net.br\/2022\/author\/roberto\/"}]}},"publishpress_future_action":{"enabled":false,"date":"2026-05-03 07:53:59","action":"change-status","newStatus":"draft","terms":[],"taxonomy":"category","extraData":[]},"publishpress_future_workflow_manual_trigger":{"enabledWorkflows":[]},"_links":{"self":[{"href":"https:\/\/regiaonews.net.br\/2022\/wp-json\/wp\/v2\/posts\/100289","targetHints":{"allow":["GET"]}}],"collection":[{"href":"https:\/\/regiaonews.net.br\/2022\/wp-json\/wp\/v2\/posts"}],"about":[{"href":"https:\/\/regiaonews.net.br\/2022\/wp-json\/wp\/v2\/types\/post"}],"author":[{"embeddable":true,"href":"https:\/\/regiaonews.net.br\/2022\/wp-json\/wp\/v2\/users\/2"}],"replies":[{"embeddable":true,"href":"https:\/\/regiaonews.net.br\/2022\/wp-json\/wp\/v2\/comments?post=100289"}],"version-history":[{"count":1,"href":"https:\/\/regiaonews.net.br\/2022\/wp-json\/wp\/v2\/posts\/100289\/revisions"}],"predecessor-version":[{"id":100291,"href":"https:\/\/regiaonews.net.br\/2022\/wp-json\/wp\/v2\/posts\/100289\/revisions\/100291"}],"wp:featuredmedia":[{"embeddable":true,"href":"https:\/\/regiaonews.net.br\/2022\/wp-json\/wp\/v2\/media\/100290"}],"wp:attachment":[{"href":"https:\/\/regiaonews.net.br\/2022\/wp-json\/wp\/v2\/media?parent=100289"}],"wp:term":[{"taxonomy":"category","embeddable":true,"href":"https:\/\/regiaonews.net.br\/2022\/wp-json\/wp\/v2\/categories?post=100289"},{"taxonomy":"post_tag","embeddable":true,"href":"https:\/\/regiaonews.net.br\/2022\/wp-json\/wp\/v2\/tags?post=100289"}],"curies":[{"name":"wp","href":"https:\/\/api.w.org\/{rel}","templated":true}]}}