{"id":100232,"date":"2024-01-16T18:51:03","date_gmt":"2024-01-16T21:51:03","guid":{"rendered":"https:\/\/regiaonews.net.br\/2022\/?p=100232"},"modified":"2024-01-16T18:51:50","modified_gmt":"2024-01-16T21:51:50","slug":"camara-abre-concurso-para-34-vagas-com-salarios-de-ate-r-99-mil","status":"publish","type":"post","link":"https:\/\/regiaonews.net.br\/2022\/2024\/01\/16\/camara-abre-concurso-para-34-vagas-com-salarios-de-ate-r-99-mil\/","title":{"rendered":"C\u00e2mara abre concurso para 34 vagas com sal\u00e1rios de at\u00e9 R$ 9,9 mil"},"content":{"rendered":"<div id=\"parent-fieldname-description\" class=\"documentDescription\">S\u00e3o 12 vagas para motoristas, 12 para agentes legislativos al\u00e9m de agentes parlamentares para diversas \u00e1reas, como contador, jur\u00eddico, departamento pessoal, entre outros<\/div>\n<div id=\"content-core\">\n<p>A C\u00e2mara Municipal de S\u00e3o Jos\u00e9 do Rio Preto publicou nesta ter\u00e7a-feira (16) edital de abertura de concurso p\u00fablico para o preenchimento de 34 vagas de n\u00edvel m\u00e9dio e superior. Os sal\u00e1rios variam entre R$ 3,4 mil at\u00e9 R$ 9,9 mil. As provas escritas do concurso, que ser\u00e1 realizado pelo Instituto de Cultura, Desenvolvimento Educacional, Promo\u00e7\u00e3o Humana e A\u00e7\u00e3o Comunit\u00e1ria (Indepac), est\u00e3o previstas para o dia 17 de mar\u00e7o. As inscri\u00e7\u00f5es come\u00e7am no dia 22 de janeiro e se encerram em 23 de fevereiro e devem ser realizadas exclusivamente no site do Indepac.<\/p>\n<p>Das 34 vagas, s\u00e3o 12 para agente legislativo (sal\u00e1rio de R$ 3.408,97), um agente parlamentar de gest\u00e3o (R$ 4.488,95), dois agentes parlamentares de pessoal (R$ 4.488,95), um agente parlamentar jur\u00eddico (R$ 4.488,95), um agente parlamentar de tecnologia da informa\u00e7\u00e3o (R$ 4.488,95), um encarregado de manuten\u00e7\u00e3o (R$ 5.911,10), 12 motoristas (R$ 3.408,97), um redator legislativo (R$ 4.488,95), um analista legislativo de arquivo (R$ 7.544,69) e um contador (R$ 9.934,90)<\/p>\n<p>A C\u00e2mara oferece ainda aux\u00edlio alimenta\u00e7\u00e3o, aux\u00edlio plano de sa\u00fade, plano de carreira, al\u00e9m de gratifica\u00e7\u00e3o para os servidores designados para trabalhos extraordin\u00e1rios fora do experiente, como sess\u00f5es ordin\u00e1rias, solenes e outros. O edital prev\u00ea ainda a reserva de vagas para pessoas portadoras de defici\u00eancia e para pessoas negras, conforme lei aprovada recentemente pelo pr\u00f3prio Legislativo.<\/p>\n<p>A \u00edntegra do edital est\u00e1 publicada na edi\u00e7\u00e3o desta ter\u00e7a-feira do Di\u00e1rio Oficial do Munic\u00edpio e dispon\u00edvel neste site (<a class=\"internal-link\" href=\"http:\/\/www.riopreto.sp.leg.br\/noticias\/transparencia\/concurso-publico\/2024\/concurso-2024\">link concursos<\/a>). Tamb\u00e9m ser\u00e1 disponibilizada no site do\u00a0<a class=\"external-link\" href=\"http:\/\/institutoindepac.org.br\/Paginas\/Projetos.aspx?id=2\" target=\"_blank\" rel=\"noopener\">Indepac<\/a>.<\/p>\n<\/div>\n","protected":false},"excerpt":{"rendered":"<p>S\u00e3o 12 vagas para motoristas, 12 para agentes legislativos al\u00e9m<\/p>\n","protected":false},"author":2,"featured_media":100234,"comment_status":"open","ping_status":"open","sticky":false,"template":"","format":"standard","meta":{"footnotes":""},"categories":[38],"tags":[],"class_list":["post-100232","post","type-post","status-publish","format-standard","has-post-thumbnail","hentry","category-sao-jose-do-rio-preto"],"yoast_head":"<!-- This site is optimized with the Yoast SEO plugin v27.4 - https:\/\/yoast.com\/product\/yoast-seo-wordpress\/ -->\n<title>C\u00e2mara abre concurso para 34 vagas com sal\u00e1rios de at\u00e9 R$ 9,9 mil - Regi\u00e3o News<\/title>\n<meta name=\"robots\" content=\"index, follow, max-snippet:-1, max-image-preview:large, max-video-preview:-1\" \/>\n<link rel=\"canonical\" href=\"https:\/\/regiaonews.net.br\/2022\/2024\/01\/16\/camara-abre-concurso-para-34-vagas-com-salarios-de-ate-r-99-mil\/\" \/>\n<meta property=\"og:locale\" content=\"pt_BR\" \/>\n<meta property=\"og:type\" content=\"article\" \/>\n<meta property=\"og:title\" content=\"C\u00e2mara abre concurso para 34 vagas com sal\u00e1rios de at\u00e9 R$ 9,9 mil - Regi\u00e3o News\" \/>\n<meta property=\"og:description\" content=\"S\u00e3o 12 vagas para motoristas, 12 para agentes legislativos al\u00e9m\" \/>\n<meta property=\"og:url\" content=\"https:\/\/regiaonews.net.br\/2022\/2024\/01\/16\/camara-abre-concurso-para-34-vagas-com-salarios-de-ate-r-99-mil\/\" \/>\n<meta property=\"og:site_name\" content=\"Regi\u00e3o News\" \/>\n<meta property=\"article:published_time\" content=\"2024-01-16T21:51:03+00:00\" \/>\n<meta property=\"article:modified_time\" content=\"2024-01-16T21:51:50+00:00\" \/>\n<meta property=\"og:image\" content=\"https:\/\/regiaonews.net.br\/2022\/wp-content\/uploads\/2024\/01\/image_large.jpg\" \/>\n\t<meta property=\"og:image:width\" content=\"768\" \/>\n\t<meta property=\"og:image:height\" content=\"512\" \/>\n\t<meta property=\"og:image:type\" content=\"image\/jpeg\" \/>\n<meta name=\"author\" content=\"Roberto\" \/>\n<meta name=\"twitter:card\" content=\"summary_large_image\" \/>\n<meta name=\"twitter:label1\" content=\"Escrito por\" \/>\n\t<meta name=\"twitter:data1\" content=\"Roberto\" \/>\n\t<meta name=\"twitter:label2\" content=\"Est. tempo de leitura\" \/>\n\t<meta name=\"twitter:data2\" content=\"2 minutos\" \/>\n<script type=\"application\/ld+json\" class=\"yoast-schema-graph\">{\"@context\":\"https:\\\/\\\/schema.org\",\"@graph\":[{\"@type\":\"Article\",\"@id\":\"https:\\\/\\\/regiaonews.net.br\\\/2022\\\/2024\\\/01\\\/16\\\/camara-abre-concurso-para-34-vagas-com-salarios-de-ate-r-99-mil\\\/#article\",\"isPartOf\":{\"@id\":\"https:\\\/\\\/regiaonews.net.br\\\/2022\\\/2024\\\/01\\\/16\\\/camara-abre-concurso-para-34-vagas-com-salarios-de-ate-r-99-mil\\\/\"},\"author\":{\"name\":\"Roberto\",\"@id\":\"https:\\\/\\\/regiaonews.net.br\\\/2022\\\/#\\\/schema\\\/person\\\/2d205a608a5aa97ac279d7a5e6d89ad8\"},\"headline\":\"C\u00e2mara abre concurso para 34 vagas com sal\u00e1rios de at\u00e9 R$ 9,9 mil\",\"datePublished\":\"2024-01-16T21:51:03+00:00\",\"dateModified\":\"2024-01-16T21:51:50+00:00\",\"mainEntityOfPage\":{\"@id\":\"https:\\\/\\\/regiaonews.net.br\\\/2022\\\/2024\\\/01\\\/16\\\/camara-abre-concurso-para-34-vagas-com-salarios-de-ate-r-99-mil\\\/\"},\"wordCount\":300,\"commentCount\":0,\"publisher\":{\"@id\":\"https:\\\/\\\/regiaonews.net.br\\\/2022\\\/#organization\"},\"image\":{\"@id\":\"https:\\\/\\\/regiaonews.net.br\\\/2022\\\/2024\\\/01\\\/16\\\/camara-abre-concurso-para-34-vagas-com-salarios-de-ate-r-99-mil\\\/#primaryimage\"},\"thumbnailUrl\":\"https:\\\/\\\/regiaonews.net.br\\\/2022\\\/wp-content\\\/uploads\\\/2024\\\/01\\\/image_large.jpg\",\"articleSection\":[\"S\u00e3o Jos\u00e9 do RIo Preto\"],\"inLanguage\":\"pt-BR\",\"potentialAction\":[{\"@type\":\"CommentAction\",\"name\":\"Comment\",\"target\":[\"https:\\\/\\\/regiaonews.net.br\\\/2022\\\/2024\\\/01\\\/16\\\/camara-abre-concurso-para-34-vagas-com-salarios-de-ate-r-99-mil\\\/#respond\"]}]},{\"@type\":\"WebPage\",\"@id\":\"https:\\\/\\\/regiaonews.net.br\\\/2022\\\/2024\\\/01\\\/16\\\/camara-abre-concurso-para-34-vagas-com-salarios-de-ate-r-99-mil\\\/\",\"url\":\"https:\\\/\\\/regiaonews.net.br\\\/2022\\\/2024\\\/01\\\/16\\\/camara-abre-concurso-para-34-vagas-com-salarios-de-ate-r-99-mil\\\/\",\"name\":\"C\u00e2mara abre concurso para 34 vagas com sal\u00e1rios de at\u00e9 R$ 9,9 mil - Regi\u00e3o News\",\"isPartOf\":{\"@id\":\"https:\\\/\\\/regiaonews.net.br\\\/2022\\\/#website\"},\"primaryImageOfPage\":{\"@id\":\"https:\\\/\\\/regiaonews.net.br\\\/2022\\\/2024\\\/01\\\/16\\\/camara-abre-concurso-para-34-vagas-com-salarios-de-ate-r-99-mil\\\/#primaryimage\"},\"image\":{\"@id\":\"https:\\\/\\\/regiaonews.net.br\\\/2022\\\/2024\\\/01\\\/16\\\/camara-abre-concurso-para-34-vagas-com-salarios-de-ate-r-99-mil\\\/#primaryimage\"},\"thumbnailUrl\":\"https:\\\/\\\/regiaonews.net.br\\\/2022\\\/wp-content\\\/uploads\\\/2024\\\/01\\\/image_large.jpg\",\"datePublished\":\"2024-01-16T21:51:03+00:00\",\"dateModified\":\"2024-01-16T21:51:50+00:00\",\"breadcrumb\":{\"@id\":\"https:\\\/\\\/regiaonews.net.br\\\/2022\\\/2024\\\/01\\\/16\\\/camara-abre-concurso-para-34-vagas-com-salarios-de-ate-r-99-mil\\\/#breadcrumb\"},\"inLanguage\":\"pt-BR\",\"potentialAction\":[{\"@type\":\"ReadAction\",\"target\":[\"https:\\\/\\\/regiaonews.net.br\\\/2022\\\/2024\\\/01\\\/16\\\/camara-abre-concurso-para-34-vagas-com-salarios-de-ate-r-99-mil\\\/\"]}]},{\"@type\":\"ImageObject\",\"inLanguage\":\"pt-BR\",\"@id\":\"https:\\\/\\\/regiaonews.net.br\\\/2022\\\/2024\\\/01\\\/16\\\/camara-abre-concurso-para-34-vagas-com-salarios-de-ate-r-99-mil\\\/#primaryimage\",\"url\":\"https:\\\/\\\/regiaonews.net.br\\\/2022\\\/wp-content\\\/uploads\\\/2024\\\/01\\\/image_large.jpg\",\"contentUrl\":\"https:\\\/\\\/regiaonews.net.br\\\/2022\\\/wp-content\\\/uploads\\\/2024\\\/01\\\/image_large.jpg\",\"width\":768,\"height\":512},{\"@type\":\"BreadcrumbList\",\"@id\":\"https:\\\/\\\/regiaonews.net.br\\\/2022\\\/2024\\\/01\\\/16\\\/camara-abre-concurso-para-34-vagas-com-salarios-de-ate-r-99-mil\\\/#breadcrumb\",\"itemListElement\":[{\"@type\":\"ListItem\",\"position\":1,\"name\":\"In\u00edcio\",\"item\":\"https:\\\/\\\/regiaonews.net.br\\\/2022\\\/\"},{\"@type\":\"ListItem\",\"position\":2,\"name\":\"C\u00e2mara abre concurso para 34 vagas com sal\u00e1rios de at\u00e9 R$ 9,9 mil\"}]},{\"@type\":\"WebSite\",\"@id\":\"https:\\\/\\\/regiaonews.net.br\\\/2022\\\/#website\",\"url\":\"https:\\\/\\\/regiaonews.net.br\\\/2022\\\/\",\"name\":\"Regi\u00e3o News\",\"description\":\"Site de Not\u00edcias de Barretos e regi\u00e3o\",\"publisher\":{\"@id\":\"https:\\\/\\\/regiaonews.net.br\\\/2022\\\/#organization\"},\"potentialAction\":[{\"@type\":\"SearchAction\",\"target\":{\"@type\":\"EntryPoint\",\"urlTemplate\":\"https:\\\/\\\/regiaonews.net.br\\\/2022\\\/?s={search_term_string}\"},\"query-input\":{\"@type\":\"PropertyValueSpecification\",\"valueRequired\":true,\"valueName\":\"search_term_string\"}}],\"inLanguage\":\"pt-BR\"},{\"@type\":\"Organization\",\"@id\":\"https:\\\/\\\/regiaonews.net.br\\\/2022\\\/#organization\",\"name\":\"Regi\u00e3o News\",\"url\":\"https:\\\/\\\/regiaonews.net.br\\\/2022\\\/\",\"logo\":{\"@type\":\"ImageObject\",\"inLanguage\":\"pt-BR\",\"@id\":\"https:\\\/\\\/regiaonews.net.br\\\/2022\\\/#\\\/schema\\\/logo\\\/image\\\/\",\"url\":\"https:\\\/\\\/regiaonews.net.br\\\/2022\\\/wp-content\\\/uploads\\\/2026\\\/03\\\/regiao-13-anos-scaled.jpg\",\"contentUrl\":\"https:\\\/\\\/regiaonews.net.br\\\/2022\\\/wp-content\\\/uploads\\\/2026\\\/03\\\/regiao-13-anos-scaled.jpg\",\"width\":2560,\"height\":635,\"caption\":\"Regi\u00e3o News\"},\"image\":{\"@id\":\"https:\\\/\\\/regiaonews.net.br\\\/2022\\\/#\\\/schema\\\/logo\\\/image\\\/\"}},{\"@type\":\"Person\",\"@id\":\"https:\\\/\\\/regiaonews.net.br\\\/2022\\\/#\\\/schema\\\/person\\\/2d205a608a5aa97ac279d7a5e6d89ad8\",\"name\":\"Roberto\",\"image\":{\"@type\":\"ImageObject\",\"inLanguage\":\"pt-BR\",\"@id\":\"https:\\\/\\\/secure.gravatar.com\\\/avatar\\\/42749d8b712ff9d59ca93dc150494e5b55a44134482993f5baeb97e61b7ecc89?s=96&d=mm&r=g\",\"url\":\"https:\\\/\\\/secure.gravatar.com\\\/avatar\\\/42749d8b712ff9d59ca93dc150494e5b55a44134482993f5baeb97e61b7ecc89?s=96&d=mm&r=g\",\"contentUrl\":\"https:\\\/\\\/secure.gravatar.com\\\/avatar\\\/42749d8b712ff9d59ca93dc150494e5b55a44134482993f5baeb97e61b7ecc89?s=96&d=mm&r=g\",\"caption\":\"Roberto\"},\"url\":\"https:\\\/\\\/regiaonews.net.br\\\/2022\\\/author\\\/roberto\\\/\"}]}<\/script>\n<!-- \/ Yoast SEO plugin. -->","yoast_head_json":{"title":"C\u00e2mara abre concurso para 34 vagas com sal\u00e1rios de at\u00e9 R$ 9,9 mil - Regi\u00e3o News","robots":{"index":"index","follow":"follow","max-snippet":"max-snippet:-1","max-image-preview":"max-image-preview:large","max-video-preview":"max-video-preview:-1"},"canonical":"https:\/\/regiaonews.net.br\/2022\/2024\/01\/16\/camara-abre-concurso-para-34-vagas-com-salarios-de-ate-r-99-mil\/","og_locale":"pt_BR","og_type":"article","og_title":"C\u00e2mara abre concurso para 34 vagas com sal\u00e1rios de at\u00e9 R$ 9,9 mil - Regi\u00e3o News","og_description":"S\u00e3o 12 vagas para motoristas, 12 para agentes legislativos al\u00e9m","og_url":"https:\/\/regiaonews.net.br\/2022\/2024\/01\/16\/camara-abre-concurso-para-34-vagas-com-salarios-de-ate-r-99-mil\/","og_site_name":"Regi\u00e3o News","article_published_time":"2024-01-16T21:51:03+00:00","article_modified_time":"2024-01-16T21:51:50+00:00","og_image":[{"width":768,"height":512,"url":"https:\/\/regiaonews.net.br\/2022\/wp-content\/uploads\/2024\/01\/image_large.jpg","type":"image\/jpeg"}],"author":"Roberto","twitter_card":"summary_large_image","twitter_misc":{"Escrito por":"Roberto","Est. tempo de leitura":"2 minutos"},"schema":{"@context":"https:\/\/schema.org","@graph":[{"@type":"Article","@id":"https:\/\/regiaonews.net.br\/2022\/2024\/01\/16\/camara-abre-concurso-para-34-vagas-com-salarios-de-ate-r-99-mil\/#article","isPartOf":{"@id":"https:\/\/regiaonews.net.br\/2022\/2024\/01\/16\/camara-abre-concurso-para-34-vagas-com-salarios-de-ate-r-99-mil\/"},"author":{"name":"Roberto","@id":"https:\/\/regiaonews.net.br\/2022\/#\/schema\/person\/2d205a608a5aa97ac279d7a5e6d89ad8"},"headline":"C\u00e2mara abre concurso para 34 vagas com sal\u00e1rios de at\u00e9 R$ 9,9 mil","datePublished":"2024-01-16T21:51:03+00:00","dateModified":"2024-01-16T21:51:50+00:00","mainEntityOfPage":{"@id":"https:\/\/regiaonews.net.br\/2022\/2024\/01\/16\/camara-abre-concurso-para-34-vagas-com-salarios-de-ate-r-99-mil\/"},"wordCount":300,"commentCount":0,"publisher":{"@id":"https:\/\/regiaonews.net.br\/2022\/#organization"},"image":{"@id":"https:\/\/regiaonews.net.br\/2022\/2024\/01\/16\/camara-abre-concurso-para-34-vagas-com-salarios-de-ate-r-99-mil\/#primaryimage"},"thumbnailUrl":"https:\/\/regiaonews.net.br\/2022\/wp-content\/uploads\/2024\/01\/image_large.jpg","articleSection":["S\u00e3o Jos\u00e9 do RIo Preto"],"inLanguage":"pt-BR","potentialAction":[{"@type":"CommentAction","name":"Comment","target":["https:\/\/regiaonews.net.br\/2022\/2024\/01\/16\/camara-abre-concurso-para-34-vagas-com-salarios-de-ate-r-99-mil\/#respond"]}]},{"@type":"WebPage","@id":"https:\/\/regiaonews.net.br\/2022\/2024\/01\/16\/camara-abre-concurso-para-34-vagas-com-salarios-de-ate-r-99-mil\/","url":"https:\/\/regiaonews.net.br\/2022\/2024\/01\/16\/camara-abre-concurso-para-34-vagas-com-salarios-de-ate-r-99-mil\/","name":"C\u00e2mara abre concurso para 34 vagas com sal\u00e1rios de at\u00e9 R$ 9,9 mil - Regi\u00e3o News","isPartOf":{"@id":"https:\/\/regiaonews.net.br\/2022\/#website"},"primaryImageOfPage":{"@id":"https:\/\/regiaonews.net.br\/2022\/2024\/01\/16\/camara-abre-concurso-para-34-vagas-com-salarios-de-ate-r-99-mil\/#primaryimage"},"image":{"@id":"https:\/\/regiaonews.net.br\/2022\/2024\/01\/16\/camara-abre-concurso-para-34-vagas-com-salarios-de-ate-r-99-mil\/#primaryimage"},"thumbnailUrl":"https:\/\/regiaonews.net.br\/2022\/wp-content\/uploads\/2024\/01\/image_large.jpg","datePublished":"2024-01-16T21:51:03+00:00","dateModified":"2024-01-16T21:51:50+00:00","breadcrumb":{"@id":"https:\/\/regiaonews.net.br\/2022\/2024\/01\/16\/camara-abre-concurso-para-34-vagas-com-salarios-de-ate-r-99-mil\/#breadcrumb"},"inLanguage":"pt-BR","potentialAction":[{"@type":"ReadAction","target":["https:\/\/regiaonews.net.br\/2022\/2024\/01\/16\/camara-abre-concurso-para-34-vagas-com-salarios-de-ate-r-99-mil\/"]}]},{"@type":"ImageObject","inLanguage":"pt-BR","@id":"https:\/\/regiaonews.net.br\/2022\/2024\/01\/16\/camara-abre-concurso-para-34-vagas-com-salarios-de-ate-r-99-mil\/#primaryimage","url":"https:\/\/regiaonews.net.br\/2022\/wp-content\/uploads\/2024\/01\/image_large.jpg","contentUrl":"https:\/\/regiaonews.net.br\/2022\/wp-content\/uploads\/2024\/01\/image_large.jpg","width":768,"height":512},{"@type":"BreadcrumbList","@id":"https:\/\/regiaonews.net.br\/2022\/2024\/01\/16\/camara-abre-concurso-para-34-vagas-com-salarios-de-ate-r-99-mil\/#breadcrumb","itemListElement":[{"@type":"ListItem","position":1,"name":"In\u00edcio","item":"https:\/\/regiaonews.net.br\/2022\/"},{"@type":"ListItem","position":2,"name":"C\u00e2mara abre concurso para 34 vagas com sal\u00e1rios de at\u00e9 R$ 9,9 mil"}]},{"@type":"WebSite","@id":"https:\/\/regiaonews.net.br\/2022\/#website","url":"https:\/\/regiaonews.net.br\/2022\/","name":"Regi\u00e3o News","description":"Site de Not\u00edcias de Barretos e regi\u00e3o","publisher":{"@id":"https:\/\/regiaonews.net.br\/2022\/#organization"},"potentialAction":[{"@type":"SearchAction","target":{"@type":"EntryPoint","urlTemplate":"https:\/\/regiaonews.net.br\/2022\/?s={search_term_string}"},"query-input":{"@type":"PropertyValueSpecification","valueRequired":true,"valueName":"search_term_string"}}],"inLanguage":"pt-BR"},{"@type":"Organization","@id":"https:\/\/regiaonews.net.br\/2022\/#organization","name":"Regi\u00e3o News","url":"https:\/\/regiaonews.net.br\/2022\/","logo":{"@type":"ImageObject","inLanguage":"pt-BR","@id":"https:\/\/regiaonews.net.br\/2022\/#\/schema\/logo\/image\/","url":"https:\/\/regiaonews.net.br\/2022\/wp-content\/uploads\/2026\/03\/regiao-13-anos-scaled.jpg","contentUrl":"https:\/\/regiaonews.net.br\/2022\/wp-content\/uploads\/2026\/03\/regiao-13-anos-scaled.jpg","width":2560,"height":635,"caption":"Regi\u00e3o News"},"image":{"@id":"https:\/\/regiaonews.net.br\/2022\/#\/schema\/logo\/image\/"}},{"@type":"Person","@id":"https:\/\/regiaonews.net.br\/2022\/#\/schema\/person\/2d205a608a5aa97ac279d7a5e6d89ad8","name":"Roberto","image":{"@type":"ImageObject","inLanguage":"pt-BR","@id":"https:\/\/secure.gravatar.com\/avatar\/42749d8b712ff9d59ca93dc150494e5b55a44134482993f5baeb97e61b7ecc89?s=96&d=mm&r=g","url":"https:\/\/secure.gravatar.com\/avatar\/42749d8b712ff9d59ca93dc150494e5b55a44134482993f5baeb97e61b7ecc89?s=96&d=mm&r=g","contentUrl":"https:\/\/secure.gravatar.com\/avatar\/42749d8b712ff9d59ca93dc150494e5b55a44134482993f5baeb97e61b7ecc89?s=96&d=mm&r=g","caption":"Roberto"},"url":"https:\/\/regiaonews.net.br\/2022\/author\/roberto\/"}]}},"publishpress_future_action":{"enabled":false,"date":"2026-05-04 14:16:12","action":"change-status","newStatus":"draft","terms":[],"taxonomy":"category","extraData":[]},"publishpress_future_workflow_manual_trigger":{"enabledWorkflows":[]},"_links":{"self":[{"href":"https:\/\/regiaonews.net.br\/2022\/wp-json\/wp\/v2\/posts\/100232","targetHints":{"allow":["GET"]}}],"collection":[{"href":"https:\/\/regiaonews.net.br\/2022\/wp-json\/wp\/v2\/posts"}],"about":[{"href":"https:\/\/regiaonews.net.br\/2022\/wp-json\/wp\/v2\/types\/post"}],"author":[{"embeddable":true,"href":"https:\/\/regiaonews.net.br\/2022\/wp-json\/wp\/v2\/users\/2"}],"replies":[{"embeddable":true,"href":"https:\/\/regiaonews.net.br\/2022\/wp-json\/wp\/v2\/comments?post=100232"}],"version-history":[{"count":1,"href":"https:\/\/regiaonews.net.br\/2022\/wp-json\/wp\/v2\/posts\/100232\/revisions"}],"predecessor-version":[{"id":100233,"href":"https:\/\/regiaonews.net.br\/2022\/wp-json\/wp\/v2\/posts\/100232\/revisions\/100233"}],"wp:featuredmedia":[{"embeddable":true,"href":"https:\/\/regiaonews.net.br\/2022\/wp-json\/wp\/v2\/media\/100234"}],"wp:attachment":[{"href":"https:\/\/regiaonews.net.br\/2022\/wp-json\/wp\/v2\/media?parent=100232"}],"wp:term":[{"taxonomy":"category","embeddable":true,"href":"https:\/\/regiaonews.net.br\/2022\/wp-json\/wp\/v2\/categories?post=100232"},{"taxonomy":"post_tag","embeddable":true,"href":"https:\/\/regiaonews.net.br\/2022\/wp-json\/wp\/v2\/tags?post=100232"}],"curies":[{"name":"wp","href":"https:\/\/api.w.org\/{rel}","templated":true}]}}