{"id":100209,"date":"2024-01-16T06:27:25","date_gmt":"2024-01-16T09:27:25","guid":{"rendered":"https:\/\/regiaonews.net.br\/2022\/?p=100209"},"modified":"2024-01-16T06:34:36","modified_gmt":"2024-01-16T09:34:36","slug":"policia-civil-de-bebedouro-identifica-condutor-que-atropelou-casall","status":"publish","type":"post","link":"https:\/\/regiaonews.net.br\/2022\/2024\/01\/16\/policia-civil-de-bebedouro-identifica-condutor-que-atropelou-casall\/","title":{"rendered":"Policia Civil de Bebedouro identifica condutor que atropelou casal em moto"},"content":{"rendered":"<p>&nbsp;<\/p>\n<p>A Pol\u00edcia Civil em Bebedouro atrav\u00e9s do trabalho dos investigadores da Delegacia de Investiga\u00e7\u00f5es Gerais \u2013 DIG, esclareceu a autoria dos crimes de Fuga de Local de acidente e Les\u00e3o Corporal na dire\u00e7\u00e3o de ve\u00edculo automotor ocorridos na rarde do dia 08 de janeiro em Bebedouro.<\/p>\n<p>Na ocasi\u00e3o, as v\u00edtimas estavam trafegando em uma motocicleta pela Avenida Osvaldo Perrone quando tiveram sua trajet\u00f3ria interrompida por uma camionete Amarok, fazendo com quem ca\u00edssem ao solo e sofressem escoria\u00e7\u00f5es. O motorista da camionete n\u00e3o parou para prestar socorro, e, quando populares tentaram impedi-lo, acelerou e se evadiu do local.<\/p>\n<p>O caso ganhou repercuss\u00e3o, inclusive em redes sociais e na imprensa regional.<\/p>\n<p>Ap\u00f3s uma s\u00e9rie de dilig\u00eancias, no dia seguinte o autor dos crimes j\u00e1 estava identificado, e trata-se de O.J.F, de 67 anos, aposentado, morador em uma cidade da regi\u00e3o, o qual, ao ser interrogado, confessou as pr\u00e1ticas delitivas.<\/p>\n<p>O Delegado de Pol\u00edcia, Jo\u00e3o Vitor Silv\u00e9rio e o Investigador de Pol\u00edcia Chefe,\u00a0 Marcos Francisco Sangalli, afirmaram que o foco principal da DIG \u00e9 a investiga\u00e7\u00e3o sobre homic\u00eddios e o combate a roubos e furtos, mas que os agentes tamb\u00e9m atuam sempre que necess\u00e1rio visando apurar de modo c\u00e9lere outros delitos de gravidade e de grande repercuss\u00e3o social.<\/p>\n<p>&nbsp;<\/p>\n","protected":false},"excerpt":{"rendered":"<p>&nbsp; A Pol\u00edcia Civil em Bebedouro atrav\u00e9s do trabalho dos<\/p>\n","protected":false},"author":2,"featured_media":100210,"comment_status":"open","ping_status":"open","sticky":false,"template":"","format":"standard","meta":{"footnotes":""},"categories":[4,23],"tags":[],"class_list":["post-100209","post","type-post","status-publish","format-standard","has-post-thumbnail","hentry","category-bebedouro","category-policia"],"yoast_head":"<!-- This site is optimized with the Yoast SEO plugin v27.4 - https:\/\/yoast.com\/product\/yoast-seo-wordpress\/ -->\n<title>Policia Civil de Bebedouro identifica condutor que atropelou casal em moto - Regi\u00e3o News<\/title>\n<meta name=\"robots\" content=\"index, follow, max-snippet:-1, max-image-preview:large, max-video-preview:-1\" \/>\n<link rel=\"canonical\" href=\"https:\/\/regiaonews.net.br\/2022\/2024\/01\/16\/policia-civil-de-bebedouro-identifica-condutor-que-atropelou-casall\/\" \/>\n<meta property=\"og:locale\" content=\"pt_BR\" \/>\n<meta property=\"og:type\" content=\"article\" \/>\n<meta property=\"og:title\" content=\"Policia Civil de Bebedouro identifica condutor que atropelou casal em moto - Regi\u00e3o News\" \/>\n<meta property=\"og:description\" content=\"&nbsp; A Pol\u00edcia Civil em Bebedouro atrav\u00e9s do trabalho dos\" \/>\n<meta property=\"og:url\" content=\"https:\/\/regiaonews.net.br\/2022\/2024\/01\/16\/policia-civil-de-bebedouro-identifica-condutor-que-atropelou-casall\/\" \/>\n<meta property=\"og:site_name\" content=\"Regi\u00e3o News\" \/>\n<meta property=\"article:published_time\" content=\"2024-01-16T09:27:25+00:00\" \/>\n<meta property=\"article:modified_time\" content=\"2024-01-16T09:34:36+00:00\" \/>\n<meta property=\"og:image\" content=\"https:\/\/regiaonews.net.br\/2022\/wp-content\/uploads\/2024\/01\/IMG-20240115-WA0366.jpg\" \/>\n\t<meta property=\"og:image:width\" content=\"392\" \/>\n\t<meta property=\"og:image:height\" content=\"166\" \/>\n\t<meta property=\"og:image:type\" content=\"image\/jpeg\" \/>\n<meta name=\"author\" content=\"Roberto\" \/>\n<meta name=\"twitter:card\" content=\"summary_large_image\" \/>\n<meta name=\"twitter:label1\" content=\"Escrito por\" \/>\n\t<meta name=\"twitter:data1\" content=\"Roberto\" \/>\n\t<meta name=\"twitter:label2\" content=\"Est. tempo de leitura\" \/>\n\t<meta name=\"twitter:data2\" content=\"2 minutos\" \/>\n<script type=\"application\/ld+json\" class=\"yoast-schema-graph\">{\"@context\":\"https:\\\/\\\/schema.org\",\"@graph\":[{\"@type\":\"Article\",\"@id\":\"https:\\\/\\\/regiaonews.net.br\\\/2022\\\/2024\\\/01\\\/16\\\/policia-civil-de-bebedouro-identifica-condutor-que-atropelou-casall\\\/#article\",\"isPartOf\":{\"@id\":\"https:\\\/\\\/regiaonews.net.br\\\/2022\\\/2024\\\/01\\\/16\\\/policia-civil-de-bebedouro-identifica-condutor-que-atropelou-casall\\\/\"},\"author\":{\"name\":\"Roberto\",\"@id\":\"https:\\\/\\\/regiaonews.net.br\\\/2022\\\/#\\\/schema\\\/person\\\/2d205a608a5aa97ac279d7a5e6d89ad8\"},\"headline\":\"Policia Civil de Bebedouro identifica condutor que atropelou casal em moto\",\"datePublished\":\"2024-01-16T09:27:25+00:00\",\"dateModified\":\"2024-01-16T09:34:36+00:00\",\"mainEntityOfPage\":{\"@id\":\"https:\\\/\\\/regiaonews.net.br\\\/2022\\\/2024\\\/01\\\/16\\\/policia-civil-de-bebedouro-identifica-condutor-que-atropelou-casall\\\/\"},\"wordCount\":244,\"commentCount\":0,\"publisher\":{\"@id\":\"https:\\\/\\\/regiaonews.net.br\\\/2022\\\/#organization\"},\"image\":{\"@id\":\"https:\\\/\\\/regiaonews.net.br\\\/2022\\\/2024\\\/01\\\/16\\\/policia-civil-de-bebedouro-identifica-condutor-que-atropelou-casall\\\/#primaryimage\"},\"thumbnailUrl\":\"https:\\\/\\\/regiaonews.net.br\\\/2022\\\/wp-content\\\/uploads\\\/2024\\\/01\\\/IMG-20240115-WA0366.jpg\",\"articleSection\":[\"Bebedouro\",\"Policia\"],\"inLanguage\":\"pt-BR\",\"potentialAction\":[{\"@type\":\"CommentAction\",\"name\":\"Comment\",\"target\":[\"https:\\\/\\\/regiaonews.net.br\\\/2022\\\/2024\\\/01\\\/16\\\/policia-civil-de-bebedouro-identifica-condutor-que-atropelou-casall\\\/#respond\"]}]},{\"@type\":\"WebPage\",\"@id\":\"https:\\\/\\\/regiaonews.net.br\\\/2022\\\/2024\\\/01\\\/16\\\/policia-civil-de-bebedouro-identifica-condutor-que-atropelou-casall\\\/\",\"url\":\"https:\\\/\\\/regiaonews.net.br\\\/2022\\\/2024\\\/01\\\/16\\\/policia-civil-de-bebedouro-identifica-condutor-que-atropelou-casall\\\/\",\"name\":\"Policia Civil de Bebedouro identifica condutor que atropelou casal em moto - Regi\u00e3o News\",\"isPartOf\":{\"@id\":\"https:\\\/\\\/regiaonews.net.br\\\/2022\\\/#website\"},\"primaryImageOfPage\":{\"@id\":\"https:\\\/\\\/regiaonews.net.br\\\/2022\\\/2024\\\/01\\\/16\\\/policia-civil-de-bebedouro-identifica-condutor-que-atropelou-casall\\\/#primaryimage\"},\"image\":{\"@id\":\"https:\\\/\\\/regiaonews.net.br\\\/2022\\\/2024\\\/01\\\/16\\\/policia-civil-de-bebedouro-identifica-condutor-que-atropelou-casall\\\/#primaryimage\"},\"thumbnailUrl\":\"https:\\\/\\\/regiaonews.net.br\\\/2022\\\/wp-content\\\/uploads\\\/2024\\\/01\\\/IMG-20240115-WA0366.jpg\",\"datePublished\":\"2024-01-16T09:27:25+00:00\",\"dateModified\":\"2024-01-16T09:34:36+00:00\",\"breadcrumb\":{\"@id\":\"https:\\\/\\\/regiaonews.net.br\\\/2022\\\/2024\\\/01\\\/16\\\/policia-civil-de-bebedouro-identifica-condutor-que-atropelou-casall\\\/#breadcrumb\"},\"inLanguage\":\"pt-BR\",\"potentialAction\":[{\"@type\":\"ReadAction\",\"target\":[\"https:\\\/\\\/regiaonews.net.br\\\/2022\\\/2024\\\/01\\\/16\\\/policia-civil-de-bebedouro-identifica-condutor-que-atropelou-casall\\\/\"]}]},{\"@type\":\"ImageObject\",\"inLanguage\":\"pt-BR\",\"@id\":\"https:\\\/\\\/regiaonews.net.br\\\/2022\\\/2024\\\/01\\\/16\\\/policia-civil-de-bebedouro-identifica-condutor-que-atropelou-casall\\\/#primaryimage\",\"url\":\"https:\\\/\\\/regiaonews.net.br\\\/2022\\\/wp-content\\\/uploads\\\/2024\\\/01\\\/IMG-20240115-WA0366.jpg\",\"contentUrl\":\"https:\\\/\\\/regiaonews.net.br\\\/2022\\\/wp-content\\\/uploads\\\/2024\\\/01\\\/IMG-20240115-WA0366.jpg\",\"width\":392,\"height\":166},{\"@type\":\"BreadcrumbList\",\"@id\":\"https:\\\/\\\/regiaonews.net.br\\\/2022\\\/2024\\\/01\\\/16\\\/policia-civil-de-bebedouro-identifica-condutor-que-atropelou-casall\\\/#breadcrumb\",\"itemListElement\":[{\"@type\":\"ListItem\",\"position\":1,\"name\":\"In\u00edcio\",\"item\":\"https:\\\/\\\/regiaonews.net.br\\\/2022\\\/\"},{\"@type\":\"ListItem\",\"position\":2,\"name\":\"Policia Civil de Bebedouro identifica condutor que atropelou casal em moto\"}]},{\"@type\":\"WebSite\",\"@id\":\"https:\\\/\\\/regiaonews.net.br\\\/2022\\\/#website\",\"url\":\"https:\\\/\\\/regiaonews.net.br\\\/2022\\\/\",\"name\":\"Regi\u00e3o News\",\"description\":\"Site de Not\u00edcias de Barretos e regi\u00e3o\",\"publisher\":{\"@id\":\"https:\\\/\\\/regiaonews.net.br\\\/2022\\\/#organization\"},\"potentialAction\":[{\"@type\":\"SearchAction\",\"target\":{\"@type\":\"EntryPoint\",\"urlTemplate\":\"https:\\\/\\\/regiaonews.net.br\\\/2022\\\/?s={search_term_string}\"},\"query-input\":{\"@type\":\"PropertyValueSpecification\",\"valueRequired\":true,\"valueName\":\"search_term_string\"}}],\"inLanguage\":\"pt-BR\"},{\"@type\":\"Organization\",\"@id\":\"https:\\\/\\\/regiaonews.net.br\\\/2022\\\/#organization\",\"name\":\"Regi\u00e3o News\",\"url\":\"https:\\\/\\\/regiaonews.net.br\\\/2022\\\/\",\"logo\":{\"@type\":\"ImageObject\",\"inLanguage\":\"pt-BR\",\"@id\":\"https:\\\/\\\/regiaonews.net.br\\\/2022\\\/#\\\/schema\\\/logo\\\/image\\\/\",\"url\":\"https:\\\/\\\/regiaonews.net.br\\\/2022\\\/wp-content\\\/uploads\\\/2026\\\/03\\\/regiao-13-anos-scaled.jpg\",\"contentUrl\":\"https:\\\/\\\/regiaonews.net.br\\\/2022\\\/wp-content\\\/uploads\\\/2026\\\/03\\\/regiao-13-anos-scaled.jpg\",\"width\":2560,\"height\":635,\"caption\":\"Regi\u00e3o News\"},\"image\":{\"@id\":\"https:\\\/\\\/regiaonews.net.br\\\/2022\\\/#\\\/schema\\\/logo\\\/image\\\/\"}},{\"@type\":\"Person\",\"@id\":\"https:\\\/\\\/regiaonews.net.br\\\/2022\\\/#\\\/schema\\\/person\\\/2d205a608a5aa97ac279d7a5e6d89ad8\",\"name\":\"Roberto\",\"image\":{\"@type\":\"ImageObject\",\"inLanguage\":\"pt-BR\",\"@id\":\"https:\\\/\\\/secure.gravatar.com\\\/avatar\\\/42749d8b712ff9d59ca93dc150494e5b55a44134482993f5baeb97e61b7ecc89?s=96&d=mm&r=g\",\"url\":\"https:\\\/\\\/secure.gravatar.com\\\/avatar\\\/42749d8b712ff9d59ca93dc150494e5b55a44134482993f5baeb97e61b7ecc89?s=96&d=mm&r=g\",\"contentUrl\":\"https:\\\/\\\/secure.gravatar.com\\\/avatar\\\/42749d8b712ff9d59ca93dc150494e5b55a44134482993f5baeb97e61b7ecc89?s=96&d=mm&r=g\",\"caption\":\"Roberto\"},\"url\":\"https:\\\/\\\/regiaonews.net.br\\\/2022\\\/author\\\/roberto\\\/\"}]}<\/script>\n<!-- \/ Yoast SEO plugin. -->","yoast_head_json":{"title":"Policia Civil de Bebedouro identifica condutor que atropelou casal em moto - Regi\u00e3o News","robots":{"index":"index","follow":"follow","max-snippet":"max-snippet:-1","max-image-preview":"max-image-preview:large","max-video-preview":"max-video-preview:-1"},"canonical":"https:\/\/regiaonews.net.br\/2022\/2024\/01\/16\/policia-civil-de-bebedouro-identifica-condutor-que-atropelou-casall\/","og_locale":"pt_BR","og_type":"article","og_title":"Policia Civil de Bebedouro identifica condutor que atropelou casal em moto - Regi\u00e3o News","og_description":"&nbsp; A Pol\u00edcia Civil em Bebedouro atrav\u00e9s do trabalho dos","og_url":"https:\/\/regiaonews.net.br\/2022\/2024\/01\/16\/policia-civil-de-bebedouro-identifica-condutor-que-atropelou-casall\/","og_site_name":"Regi\u00e3o News","article_published_time":"2024-01-16T09:27:25+00:00","article_modified_time":"2024-01-16T09:34:36+00:00","og_image":[{"width":392,"height":166,"url":"https:\/\/regiaonews.net.br\/2022\/wp-content\/uploads\/2024\/01\/IMG-20240115-WA0366.jpg","type":"image\/jpeg"}],"author":"Roberto","twitter_card":"summary_large_image","twitter_misc":{"Escrito por":"Roberto","Est. tempo de leitura":"2 minutos"},"schema":{"@context":"https:\/\/schema.org","@graph":[{"@type":"Article","@id":"https:\/\/regiaonews.net.br\/2022\/2024\/01\/16\/policia-civil-de-bebedouro-identifica-condutor-que-atropelou-casall\/#article","isPartOf":{"@id":"https:\/\/regiaonews.net.br\/2022\/2024\/01\/16\/policia-civil-de-bebedouro-identifica-condutor-que-atropelou-casall\/"},"author":{"name":"Roberto","@id":"https:\/\/regiaonews.net.br\/2022\/#\/schema\/person\/2d205a608a5aa97ac279d7a5e6d89ad8"},"headline":"Policia Civil de Bebedouro identifica condutor que atropelou casal em moto","datePublished":"2024-01-16T09:27:25+00:00","dateModified":"2024-01-16T09:34:36+00:00","mainEntityOfPage":{"@id":"https:\/\/regiaonews.net.br\/2022\/2024\/01\/16\/policia-civil-de-bebedouro-identifica-condutor-que-atropelou-casall\/"},"wordCount":244,"commentCount":0,"publisher":{"@id":"https:\/\/regiaonews.net.br\/2022\/#organization"},"image":{"@id":"https:\/\/regiaonews.net.br\/2022\/2024\/01\/16\/policia-civil-de-bebedouro-identifica-condutor-que-atropelou-casall\/#primaryimage"},"thumbnailUrl":"https:\/\/regiaonews.net.br\/2022\/wp-content\/uploads\/2024\/01\/IMG-20240115-WA0366.jpg","articleSection":["Bebedouro","Policia"],"inLanguage":"pt-BR","potentialAction":[{"@type":"CommentAction","name":"Comment","target":["https:\/\/regiaonews.net.br\/2022\/2024\/01\/16\/policia-civil-de-bebedouro-identifica-condutor-que-atropelou-casall\/#respond"]}]},{"@type":"WebPage","@id":"https:\/\/regiaonews.net.br\/2022\/2024\/01\/16\/policia-civil-de-bebedouro-identifica-condutor-que-atropelou-casall\/","url":"https:\/\/regiaonews.net.br\/2022\/2024\/01\/16\/policia-civil-de-bebedouro-identifica-condutor-que-atropelou-casall\/","name":"Policia Civil de Bebedouro identifica condutor que atropelou casal em moto - Regi\u00e3o News","isPartOf":{"@id":"https:\/\/regiaonews.net.br\/2022\/#website"},"primaryImageOfPage":{"@id":"https:\/\/regiaonews.net.br\/2022\/2024\/01\/16\/policia-civil-de-bebedouro-identifica-condutor-que-atropelou-casall\/#primaryimage"},"image":{"@id":"https:\/\/regiaonews.net.br\/2022\/2024\/01\/16\/policia-civil-de-bebedouro-identifica-condutor-que-atropelou-casall\/#primaryimage"},"thumbnailUrl":"https:\/\/regiaonews.net.br\/2022\/wp-content\/uploads\/2024\/01\/IMG-20240115-WA0366.jpg","datePublished":"2024-01-16T09:27:25+00:00","dateModified":"2024-01-16T09:34:36+00:00","breadcrumb":{"@id":"https:\/\/regiaonews.net.br\/2022\/2024\/01\/16\/policia-civil-de-bebedouro-identifica-condutor-que-atropelou-casall\/#breadcrumb"},"inLanguage":"pt-BR","potentialAction":[{"@type":"ReadAction","target":["https:\/\/regiaonews.net.br\/2022\/2024\/01\/16\/policia-civil-de-bebedouro-identifica-condutor-que-atropelou-casall\/"]}]},{"@type":"ImageObject","inLanguage":"pt-BR","@id":"https:\/\/regiaonews.net.br\/2022\/2024\/01\/16\/policia-civil-de-bebedouro-identifica-condutor-que-atropelou-casall\/#primaryimage","url":"https:\/\/regiaonews.net.br\/2022\/wp-content\/uploads\/2024\/01\/IMG-20240115-WA0366.jpg","contentUrl":"https:\/\/regiaonews.net.br\/2022\/wp-content\/uploads\/2024\/01\/IMG-20240115-WA0366.jpg","width":392,"height":166},{"@type":"BreadcrumbList","@id":"https:\/\/regiaonews.net.br\/2022\/2024\/01\/16\/policia-civil-de-bebedouro-identifica-condutor-que-atropelou-casall\/#breadcrumb","itemListElement":[{"@type":"ListItem","position":1,"name":"In\u00edcio","item":"https:\/\/regiaonews.net.br\/2022\/"},{"@type":"ListItem","position":2,"name":"Policia Civil de Bebedouro identifica condutor que atropelou casal em moto"}]},{"@type":"WebSite","@id":"https:\/\/regiaonews.net.br\/2022\/#website","url":"https:\/\/regiaonews.net.br\/2022\/","name":"Regi\u00e3o News","description":"Site de Not\u00edcias de Barretos e regi\u00e3o","publisher":{"@id":"https:\/\/regiaonews.net.br\/2022\/#organization"},"potentialAction":[{"@type":"SearchAction","target":{"@type":"EntryPoint","urlTemplate":"https:\/\/regiaonews.net.br\/2022\/?s={search_term_string}"},"query-input":{"@type":"PropertyValueSpecification","valueRequired":true,"valueName":"search_term_string"}}],"inLanguage":"pt-BR"},{"@type":"Organization","@id":"https:\/\/regiaonews.net.br\/2022\/#organization","name":"Regi\u00e3o News","url":"https:\/\/regiaonews.net.br\/2022\/","logo":{"@type":"ImageObject","inLanguage":"pt-BR","@id":"https:\/\/regiaonews.net.br\/2022\/#\/schema\/logo\/image\/","url":"https:\/\/regiaonews.net.br\/2022\/wp-content\/uploads\/2026\/03\/regiao-13-anos-scaled.jpg","contentUrl":"https:\/\/regiaonews.net.br\/2022\/wp-content\/uploads\/2026\/03\/regiao-13-anos-scaled.jpg","width":2560,"height":635,"caption":"Regi\u00e3o News"},"image":{"@id":"https:\/\/regiaonews.net.br\/2022\/#\/schema\/logo\/image\/"}},{"@type":"Person","@id":"https:\/\/regiaonews.net.br\/2022\/#\/schema\/person\/2d205a608a5aa97ac279d7a5e6d89ad8","name":"Roberto","image":{"@type":"ImageObject","inLanguage":"pt-BR","@id":"https:\/\/secure.gravatar.com\/avatar\/42749d8b712ff9d59ca93dc150494e5b55a44134482993f5baeb97e61b7ecc89?s=96&d=mm&r=g","url":"https:\/\/secure.gravatar.com\/avatar\/42749d8b712ff9d59ca93dc150494e5b55a44134482993f5baeb97e61b7ecc89?s=96&d=mm&r=g","contentUrl":"https:\/\/secure.gravatar.com\/avatar\/42749d8b712ff9d59ca93dc150494e5b55a44134482993f5baeb97e61b7ecc89?s=96&d=mm&r=g","caption":"Roberto"},"url":"https:\/\/regiaonews.net.br\/2022\/author\/roberto\/"}]}},"publishpress_future_action":{"enabled":false,"date":"2026-05-04 01:45:10","action":"change-status","newStatus":"draft","terms":[],"taxonomy":"category","extraData":[]},"publishpress_future_workflow_manual_trigger":{"enabledWorkflows":[]},"_links":{"self":[{"href":"https:\/\/regiaonews.net.br\/2022\/wp-json\/wp\/v2\/posts\/100209","targetHints":{"allow":["GET"]}}],"collection":[{"href":"https:\/\/regiaonews.net.br\/2022\/wp-json\/wp\/v2\/posts"}],"about":[{"href":"https:\/\/regiaonews.net.br\/2022\/wp-json\/wp\/v2\/types\/post"}],"author":[{"embeddable":true,"href":"https:\/\/regiaonews.net.br\/2022\/wp-json\/wp\/v2\/users\/2"}],"replies":[{"embeddable":true,"href":"https:\/\/regiaonews.net.br\/2022\/wp-json\/wp\/v2\/comments?post=100209"}],"version-history":[{"count":2,"href":"https:\/\/regiaonews.net.br\/2022\/wp-json\/wp\/v2\/posts\/100209\/revisions"}],"predecessor-version":[{"id":100212,"href":"https:\/\/regiaonews.net.br\/2022\/wp-json\/wp\/v2\/posts\/100209\/revisions\/100212"}],"wp:featuredmedia":[{"embeddable":true,"href":"https:\/\/regiaonews.net.br\/2022\/wp-json\/wp\/v2\/media\/100210"}],"wp:attachment":[{"href":"https:\/\/regiaonews.net.br\/2022\/wp-json\/wp\/v2\/media?parent=100209"}],"wp:term":[{"taxonomy":"category","embeddable":true,"href":"https:\/\/regiaonews.net.br\/2022\/wp-json\/wp\/v2\/categories?post=100209"},{"taxonomy":"post_tag","embeddable":true,"href":"https:\/\/regiaonews.net.br\/2022\/wp-json\/wp\/v2\/tags?post=100209"}],"curies":[{"name":"wp","href":"https:\/\/api.w.org\/{rel}","templated":true}]}}