{"id":100206,"date":"2024-01-15T22:23:05","date_gmt":"2024-01-16T01:23:05","guid":{"rendered":"https:\/\/regiaonews.net.br\/2022\/?p=100206"},"modified":"2024-01-15T22:23:05","modified_gmt":"2024-01-16T01:23:05","slug":"fifa-coroa-melhores-do-mundo-e-gol-de-madruga-vence-o-premio-puskas","status":"publish","type":"post","link":"https:\/\/regiaonews.net.br\/2022\/2024\/01\/15\/fifa-coroa-melhores-do-mundo-e-gol-de-madruga-vence-o-premio-puskas\/","title":{"rendered":"Fifa coroa melhores do mundo e gol de madruga vence o pr\u00eamio Puskas"},"content":{"rendered":"<p>&nbsp;<\/p>\n<p>O pr\u00eamio Fifa The Best coroou a espanhola Aitana Bonmat\u00ed e o argentino Lionel Messi como os melhores jogadores do mundo no ano de 2023, em cerim\u00f4nia realizada nesta segunda-feira (15) em Londres (Inglaterra). Mas o Brasil teve participa\u00e7\u00e3o de destaque na premia\u00e7\u00e3o, com uma bonita homenagem \u00e0 Rainha Marta, que dar\u00e1 nome a um novo trof\u00e9u criado pela Fifa, o de gol mais bonito do mundo no futebol feminino.\ufffc\ufffc<\/p>\n<p>A meio-campista Aitana Bonmat\u00ed, do Barcelona (Espanha), conquistou o pr\u00eamio ap\u00f3s fazer uma grande Copa do Mundo na vitoriosa campanha da sele\u00e7\u00e3o da Espanha. J\u00e1 a premia\u00e7\u00e3o de Messi, que atualmente defende o Inter Miami (Estados Unidos), causou certa surpresa. O argentino, que teve como maiores desafios esportivos no ano de 2023 os jogos da sele\u00e7\u00e3o argentina pelas Eliminat\u00f3rias Sul-Americanas, deixou para tr\u00e1s na disputa o noruegu\u00eas Erling Haaland, que conquistou a tr\u00edplice coroa (Liga dos Campe\u00f5es, Campeonato Ingl\u00eas e Copa da Inglaterra) pelo Manchester City (Inglaterra), e o franc\u00eas Kylian Mbapp\u00e9, estrela em ascens\u00e3o do PSG e da sele\u00e7\u00e3o de seu pa\u00eds.<\/p>\n<p>Rainha Marta<\/p>\n<p>Ao contr\u00e1rio de outras premia\u00e7\u00f5es da Fifa, nas quais a escolha de futebol masculino foi o \u00e1pice da festa, o ponto alto nesta segunda foi a homenagem especial \u00e0 Marta. A jogadora de 37 anos de idade, que \u00e9 a maior artilheira da hist\u00f3ria da Copa do Mundo entre homens e mulheres (com 17 gols em seis Mundiais), dar\u00e1 nome a um novo pr\u00eamio criado pela Fifa, o de gol mais bonito do mundo no futebol feminino.<\/p>\n<p>\u201c\u00c9 sempre dif\u00edcil subir neste palco e n\u00e3o se emocionar. Tive a felicidade de receber o pr\u00eamio de melhor jogadora algumas vezes. Penso que \u00e9 muito mais f\u00e1cil falar se baseando no que foi feito no ano inteiro. Mas isso aqui \u00e9 muito mais especial, o que faz ser dif\u00edcil at\u00e9 encontrar palavras. Mas quero que, assim como estou enxergando nesta homenagem, todas as mulheres possam tamb\u00e9m enxergar um futuro promissor [\u2026]. Porque o que buscamos diariamente, atrav\u00e9s daquilo que Deus nos destinou a fazer, \u00e9 fazer com que o mundo seja melhor para todos, sem distin\u00e7\u00e3o. \u00c9 buscar igualdade, respeito\u201d, declarou a atacante da sele\u00e7\u00e3o brasileira e do Orlando Pride (Estados Unidos).<\/p>\n<p>Combate ao racismo<\/p>\n<p>O Brasil tamb\u00e9m se destacou gra\u00e7as a ato da sele\u00e7\u00e3o masculina de apoio ao atacante Vinicius J\u00fanior, que foi v\u00edtima de agress\u00f5es racistas na Espanha. Em partida amistosa contra a Guin\u00e9 disputada em junho de 2023, os jogadores da equipe canarinho disputaram uma partida pela primeira vez na hist\u00f3ria com o uniforme negro.<\/p>\n<p>Receberam o trof\u00e9u jogadores hist\u00f3ricos da sele\u00e7\u00e3o brasileira: Roque J\u00fanior, Cafu, Roberto Carlos, J\u00falio Cesar, Ronaldo Fen\u00f4meno e Belletti.<\/p>\n<p>Gol mais bonito<\/p>\n<p>Outro momento marcante da premia\u00e7\u00e3o foi a entrega do Pr\u00eamio Puskas, de gol mais bonito da temporada. Ele foi conquistado por um brasileiro, Guilherme Madruga. Ainda jogando pelo Botafogo-SP, em partida v\u00e1lida pela S\u00e9rie B, o volante acertou uma bicicleta de fora da \u00e1rea para marcar um gola\u00e7o contra o Novorizontino.<\/p>\n<p>\u201cEste \u00e9 um dia \u00fanico na minha vida. Com certeza ficar\u00e1 marcado na minha hist\u00f3ria e tamb\u00e9m na mem\u00f3ria de todos que me acompanham desde o come\u00e7o da minha trajet\u00f3ria\u201d, declarou o jogador.<\/p>\n<p>Melhor goleiro<\/p>\n<p>Quem tamb\u00e9m brilhou foi o goleiro da sele\u00e7\u00e3o brasileira Ederson. Ele garantiu o pr\u00eamio de melhor goleiro do mundo, ap\u00f3s viver uma temporada inesquec\u00edvel defendendo o Manchester City. \u201cPrimeiro, agrade\u00e7o a Deus por todas as b\u00ean\u00e7\u00e3os na minha vida, por todas as conquistas. Agradecer \u00e0 minha fam\u00edlia, que est\u00e1 aqui hoje. Minha esposa e meus filhos, que s\u00e3o muito importantes no meu dia a dia e trazem muitas alegrias a mim. Agradecer ao meu time pelo ano maravilhoso que tivemos, pelo trabalho incr\u00edvel. Em especial, agradecer ao grupo de goleiros, porque temos feito um trabalho incr\u00edvel\u201d.<\/p>\n<p>Outro destaque brasileiro foi o atacante Vinicius Junior, que foi escolhido para fazer parte da equipe do ano da Fifa.<\/p>\n<p>Outros vencedores:<\/p>\n<p>Melhor t\u00e9cnico de futebol masculino: Pep Guardiola (Manchester City)<br \/>\nMelhor t\u00e9cnica de futebol feminino: Sarina Wiegman (Inglaterra)<br \/>\nMelhor goleira do mundo: Mary Earps (Manchester United)<br \/>\nFifa Fan Award: Daniel &#8220;Toto&#8221; I\u00f1iguez, torcedor do Col\u00f3n de Santa F\u00e9 (Argentina)<\/p>\n<p>&nbsp;<\/p>\n<p>&nbsp;<\/p>\n<p>&nbsp;<\/p>\n<p>&nbsp;<\/p>\n<p>&nbsp;<\/p>\n","protected":false},"excerpt":{"rendered":"<p>&nbsp; O pr\u00eamio Fifa The Best coroou a espanhola Aitana<\/p>\n","protected":false},"author":2,"featured_media":100207,"comment_status":"open","ping_status":"open","sticky":false,"template":"","format":"standard","meta":{"footnotes":""},"categories":[21,39],"tags":[],"class_list":["post-100206","post","type-post","status-publish","format-standard","has-post-thumbnail","hentry","category-esporte","category-mundo"],"yoast_head":"<!-- This site is optimized with the Yoast SEO plugin v27.4 - https:\/\/yoast.com\/product\/yoast-seo-wordpress\/ -->\n<title>Fifa coroa melhores do mundo e gol de madruga vence o pr\u00eamio Puskas - Regi\u00e3o News<\/title>\n<meta name=\"robots\" content=\"index, follow, max-snippet:-1, max-image-preview:large, max-video-preview:-1\" \/>\n<link rel=\"canonical\" href=\"https:\/\/regiaonews.net.br\/2022\/2024\/01\/15\/fifa-coroa-melhores-do-mundo-e-gol-de-madruga-vence-o-premio-puskas\/\" \/>\n<meta property=\"og:locale\" content=\"pt_BR\" \/>\n<meta property=\"og:type\" content=\"article\" \/>\n<meta property=\"og:title\" content=\"Fifa coroa melhores do mundo e gol de madruga vence o pr\u00eamio Puskas - Regi\u00e3o News\" \/>\n<meta property=\"og:description\" content=\"&nbsp; O pr\u00eamio Fifa The Best coroou a espanhola Aitana\" \/>\n<meta property=\"og:url\" content=\"https:\/\/regiaonews.net.br\/2022\/2024\/01\/15\/fifa-coroa-melhores-do-mundo-e-gol-de-madruga-vence-o-premio-puskas\/\" \/>\n<meta property=\"og:site_name\" content=\"Regi\u00e3o News\" \/>\n<meta property=\"article:published_time\" content=\"2024-01-16T01:23:05+00:00\" \/>\n<meta property=\"og:image\" content=\"https:\/\/regiaonews.net.br\/2022\/wp-content\/uploads\/2024\/01\/Screenshot_20240115-222212_Gallery.jpg\" \/>\n\t<meta property=\"og:image:width\" content=\"1077\" \/>\n\t<meta property=\"og:image:height\" content=\"1090\" \/>\n\t<meta property=\"og:image:type\" content=\"image\/jpeg\" \/>\n<meta name=\"author\" content=\"Roberto\" \/>\n<meta name=\"twitter:card\" content=\"summary_large_image\" \/>\n<meta name=\"twitter:label1\" content=\"Escrito por\" \/>\n\t<meta name=\"twitter:data1\" content=\"Roberto\" \/>\n\t<meta name=\"twitter:label2\" content=\"Est. tempo de leitura\" \/>\n\t<meta name=\"twitter:data2\" content=\"4 minutos\" \/>\n<script type=\"application\/ld+json\" class=\"yoast-schema-graph\">{\"@context\":\"https:\\\/\\\/schema.org\",\"@graph\":[{\"@type\":\"Article\",\"@id\":\"https:\\\/\\\/regiaonews.net.br\\\/2022\\\/2024\\\/01\\\/15\\\/fifa-coroa-melhores-do-mundo-e-gol-de-madruga-vence-o-premio-puskas\\\/#article\",\"isPartOf\":{\"@id\":\"https:\\\/\\\/regiaonews.net.br\\\/2022\\\/2024\\\/01\\\/15\\\/fifa-coroa-melhores-do-mundo-e-gol-de-madruga-vence-o-premio-puskas\\\/\"},\"author\":{\"name\":\"Roberto\",\"@id\":\"https:\\\/\\\/regiaonews.net.br\\\/2022\\\/#\\\/schema\\\/person\\\/2d205a608a5aa97ac279d7a5e6d89ad8\"},\"headline\":\"Fifa coroa melhores do mundo e gol de madruga vence o pr\u00eamio Puskas\",\"datePublished\":\"2024-01-16T01:23:05+00:00\",\"mainEntityOfPage\":{\"@id\":\"https:\\\/\\\/regiaonews.net.br\\\/2022\\\/2024\\\/01\\\/15\\\/fifa-coroa-melhores-do-mundo-e-gol-de-madruga-vence-o-premio-puskas\\\/\"},\"wordCount\":760,\"commentCount\":0,\"publisher\":{\"@id\":\"https:\\\/\\\/regiaonews.net.br\\\/2022\\\/#organization\"},\"image\":{\"@id\":\"https:\\\/\\\/regiaonews.net.br\\\/2022\\\/2024\\\/01\\\/15\\\/fifa-coroa-melhores-do-mundo-e-gol-de-madruga-vence-o-premio-puskas\\\/#primaryimage\"},\"thumbnailUrl\":\"https:\\\/\\\/regiaonews.net.br\\\/2022\\\/wp-content\\\/uploads\\\/2024\\\/01\\\/Screenshot_20240115-222212_Gallery.jpg\",\"articleSection\":[\"Esporte\",\"Mundo\"],\"inLanguage\":\"pt-BR\",\"potentialAction\":[{\"@type\":\"CommentAction\",\"name\":\"Comment\",\"target\":[\"https:\\\/\\\/regiaonews.net.br\\\/2022\\\/2024\\\/01\\\/15\\\/fifa-coroa-melhores-do-mundo-e-gol-de-madruga-vence-o-premio-puskas\\\/#respond\"]}]},{\"@type\":\"WebPage\",\"@id\":\"https:\\\/\\\/regiaonews.net.br\\\/2022\\\/2024\\\/01\\\/15\\\/fifa-coroa-melhores-do-mundo-e-gol-de-madruga-vence-o-premio-puskas\\\/\",\"url\":\"https:\\\/\\\/regiaonews.net.br\\\/2022\\\/2024\\\/01\\\/15\\\/fifa-coroa-melhores-do-mundo-e-gol-de-madruga-vence-o-premio-puskas\\\/\",\"name\":\"Fifa coroa melhores do mundo e gol de madruga vence o pr\u00eamio Puskas - Regi\u00e3o News\",\"isPartOf\":{\"@id\":\"https:\\\/\\\/regiaonews.net.br\\\/2022\\\/#website\"},\"primaryImageOfPage\":{\"@id\":\"https:\\\/\\\/regiaonews.net.br\\\/2022\\\/2024\\\/01\\\/15\\\/fifa-coroa-melhores-do-mundo-e-gol-de-madruga-vence-o-premio-puskas\\\/#primaryimage\"},\"image\":{\"@id\":\"https:\\\/\\\/regiaonews.net.br\\\/2022\\\/2024\\\/01\\\/15\\\/fifa-coroa-melhores-do-mundo-e-gol-de-madruga-vence-o-premio-puskas\\\/#primaryimage\"},\"thumbnailUrl\":\"https:\\\/\\\/regiaonews.net.br\\\/2022\\\/wp-content\\\/uploads\\\/2024\\\/01\\\/Screenshot_20240115-222212_Gallery.jpg\",\"datePublished\":\"2024-01-16T01:23:05+00:00\",\"breadcrumb\":{\"@id\":\"https:\\\/\\\/regiaonews.net.br\\\/2022\\\/2024\\\/01\\\/15\\\/fifa-coroa-melhores-do-mundo-e-gol-de-madruga-vence-o-premio-puskas\\\/#breadcrumb\"},\"inLanguage\":\"pt-BR\",\"potentialAction\":[{\"@type\":\"ReadAction\",\"target\":[\"https:\\\/\\\/regiaonews.net.br\\\/2022\\\/2024\\\/01\\\/15\\\/fifa-coroa-melhores-do-mundo-e-gol-de-madruga-vence-o-premio-puskas\\\/\"]}]},{\"@type\":\"ImageObject\",\"inLanguage\":\"pt-BR\",\"@id\":\"https:\\\/\\\/regiaonews.net.br\\\/2022\\\/2024\\\/01\\\/15\\\/fifa-coroa-melhores-do-mundo-e-gol-de-madruga-vence-o-premio-puskas\\\/#primaryimage\",\"url\":\"https:\\\/\\\/regiaonews.net.br\\\/2022\\\/wp-content\\\/uploads\\\/2024\\\/01\\\/Screenshot_20240115-222212_Gallery.jpg\",\"contentUrl\":\"https:\\\/\\\/regiaonews.net.br\\\/2022\\\/wp-content\\\/uploads\\\/2024\\\/01\\\/Screenshot_20240115-222212_Gallery.jpg\",\"width\":1077,\"height\":1090},{\"@type\":\"BreadcrumbList\",\"@id\":\"https:\\\/\\\/regiaonews.net.br\\\/2022\\\/2024\\\/01\\\/15\\\/fifa-coroa-melhores-do-mundo-e-gol-de-madruga-vence-o-premio-puskas\\\/#breadcrumb\",\"itemListElement\":[{\"@type\":\"ListItem\",\"position\":1,\"name\":\"In\u00edcio\",\"item\":\"https:\\\/\\\/regiaonews.net.br\\\/2022\\\/\"},{\"@type\":\"ListItem\",\"position\":2,\"name\":\"Fifa coroa melhores do mundo e gol de madruga vence o pr\u00eamio Puskas\"}]},{\"@type\":\"WebSite\",\"@id\":\"https:\\\/\\\/regiaonews.net.br\\\/2022\\\/#website\",\"url\":\"https:\\\/\\\/regiaonews.net.br\\\/2022\\\/\",\"name\":\"Regi\u00e3o News\",\"description\":\"Site de Not\u00edcias de Barretos e regi\u00e3o\",\"publisher\":{\"@id\":\"https:\\\/\\\/regiaonews.net.br\\\/2022\\\/#organization\"},\"potentialAction\":[{\"@type\":\"SearchAction\",\"target\":{\"@type\":\"EntryPoint\",\"urlTemplate\":\"https:\\\/\\\/regiaonews.net.br\\\/2022\\\/?s={search_term_string}\"},\"query-input\":{\"@type\":\"PropertyValueSpecification\",\"valueRequired\":true,\"valueName\":\"search_term_string\"}}],\"inLanguage\":\"pt-BR\"},{\"@type\":\"Organization\",\"@id\":\"https:\\\/\\\/regiaonews.net.br\\\/2022\\\/#organization\",\"name\":\"Regi\u00e3o News\",\"url\":\"https:\\\/\\\/regiaonews.net.br\\\/2022\\\/\",\"logo\":{\"@type\":\"ImageObject\",\"inLanguage\":\"pt-BR\",\"@id\":\"https:\\\/\\\/regiaonews.net.br\\\/2022\\\/#\\\/schema\\\/logo\\\/image\\\/\",\"url\":\"https:\\\/\\\/regiaonews.net.br\\\/2022\\\/wp-content\\\/uploads\\\/2026\\\/03\\\/regiao-13-anos-scaled.jpg\",\"contentUrl\":\"https:\\\/\\\/regiaonews.net.br\\\/2022\\\/wp-content\\\/uploads\\\/2026\\\/03\\\/regiao-13-anos-scaled.jpg\",\"width\":2560,\"height\":635,\"caption\":\"Regi\u00e3o News\"},\"image\":{\"@id\":\"https:\\\/\\\/regiaonews.net.br\\\/2022\\\/#\\\/schema\\\/logo\\\/image\\\/\"}},{\"@type\":\"Person\",\"@id\":\"https:\\\/\\\/regiaonews.net.br\\\/2022\\\/#\\\/schema\\\/person\\\/2d205a608a5aa97ac279d7a5e6d89ad8\",\"name\":\"Roberto\",\"image\":{\"@type\":\"ImageObject\",\"inLanguage\":\"pt-BR\",\"@id\":\"https:\\\/\\\/secure.gravatar.com\\\/avatar\\\/42749d8b712ff9d59ca93dc150494e5b55a44134482993f5baeb97e61b7ecc89?s=96&d=mm&r=g\",\"url\":\"https:\\\/\\\/secure.gravatar.com\\\/avatar\\\/42749d8b712ff9d59ca93dc150494e5b55a44134482993f5baeb97e61b7ecc89?s=96&d=mm&r=g\",\"contentUrl\":\"https:\\\/\\\/secure.gravatar.com\\\/avatar\\\/42749d8b712ff9d59ca93dc150494e5b55a44134482993f5baeb97e61b7ecc89?s=96&d=mm&r=g\",\"caption\":\"Roberto\"},\"url\":\"https:\\\/\\\/regiaonews.net.br\\\/2022\\\/author\\\/roberto\\\/\"}]}<\/script>\n<!-- \/ Yoast SEO plugin. -->","yoast_head_json":{"title":"Fifa coroa melhores do mundo e gol de madruga vence o pr\u00eamio Puskas - Regi\u00e3o News","robots":{"index":"index","follow":"follow","max-snippet":"max-snippet:-1","max-image-preview":"max-image-preview:large","max-video-preview":"max-video-preview:-1"},"canonical":"https:\/\/regiaonews.net.br\/2022\/2024\/01\/15\/fifa-coroa-melhores-do-mundo-e-gol-de-madruga-vence-o-premio-puskas\/","og_locale":"pt_BR","og_type":"article","og_title":"Fifa coroa melhores do mundo e gol de madruga vence o pr\u00eamio Puskas - Regi\u00e3o News","og_description":"&nbsp; O pr\u00eamio Fifa The Best coroou a espanhola Aitana","og_url":"https:\/\/regiaonews.net.br\/2022\/2024\/01\/15\/fifa-coroa-melhores-do-mundo-e-gol-de-madruga-vence-o-premio-puskas\/","og_site_name":"Regi\u00e3o News","article_published_time":"2024-01-16T01:23:05+00:00","og_image":[{"width":1077,"height":1090,"url":"https:\/\/regiaonews.net.br\/2022\/wp-content\/uploads\/2024\/01\/Screenshot_20240115-222212_Gallery.jpg","type":"image\/jpeg"}],"author":"Roberto","twitter_card":"summary_large_image","twitter_misc":{"Escrito por":"Roberto","Est. tempo de leitura":"4 minutos"},"schema":{"@context":"https:\/\/schema.org","@graph":[{"@type":"Article","@id":"https:\/\/regiaonews.net.br\/2022\/2024\/01\/15\/fifa-coroa-melhores-do-mundo-e-gol-de-madruga-vence-o-premio-puskas\/#article","isPartOf":{"@id":"https:\/\/regiaonews.net.br\/2022\/2024\/01\/15\/fifa-coroa-melhores-do-mundo-e-gol-de-madruga-vence-o-premio-puskas\/"},"author":{"name":"Roberto","@id":"https:\/\/regiaonews.net.br\/2022\/#\/schema\/person\/2d205a608a5aa97ac279d7a5e6d89ad8"},"headline":"Fifa coroa melhores do mundo e gol de madruga vence o pr\u00eamio Puskas","datePublished":"2024-01-16T01:23:05+00:00","mainEntityOfPage":{"@id":"https:\/\/regiaonews.net.br\/2022\/2024\/01\/15\/fifa-coroa-melhores-do-mundo-e-gol-de-madruga-vence-o-premio-puskas\/"},"wordCount":760,"commentCount":0,"publisher":{"@id":"https:\/\/regiaonews.net.br\/2022\/#organization"},"image":{"@id":"https:\/\/regiaonews.net.br\/2022\/2024\/01\/15\/fifa-coroa-melhores-do-mundo-e-gol-de-madruga-vence-o-premio-puskas\/#primaryimage"},"thumbnailUrl":"https:\/\/regiaonews.net.br\/2022\/wp-content\/uploads\/2024\/01\/Screenshot_20240115-222212_Gallery.jpg","articleSection":["Esporte","Mundo"],"inLanguage":"pt-BR","potentialAction":[{"@type":"CommentAction","name":"Comment","target":["https:\/\/regiaonews.net.br\/2022\/2024\/01\/15\/fifa-coroa-melhores-do-mundo-e-gol-de-madruga-vence-o-premio-puskas\/#respond"]}]},{"@type":"WebPage","@id":"https:\/\/regiaonews.net.br\/2022\/2024\/01\/15\/fifa-coroa-melhores-do-mundo-e-gol-de-madruga-vence-o-premio-puskas\/","url":"https:\/\/regiaonews.net.br\/2022\/2024\/01\/15\/fifa-coroa-melhores-do-mundo-e-gol-de-madruga-vence-o-premio-puskas\/","name":"Fifa coroa melhores do mundo e gol de madruga vence o pr\u00eamio Puskas - Regi\u00e3o News","isPartOf":{"@id":"https:\/\/regiaonews.net.br\/2022\/#website"},"primaryImageOfPage":{"@id":"https:\/\/regiaonews.net.br\/2022\/2024\/01\/15\/fifa-coroa-melhores-do-mundo-e-gol-de-madruga-vence-o-premio-puskas\/#primaryimage"},"image":{"@id":"https:\/\/regiaonews.net.br\/2022\/2024\/01\/15\/fifa-coroa-melhores-do-mundo-e-gol-de-madruga-vence-o-premio-puskas\/#primaryimage"},"thumbnailUrl":"https:\/\/regiaonews.net.br\/2022\/wp-content\/uploads\/2024\/01\/Screenshot_20240115-222212_Gallery.jpg","datePublished":"2024-01-16T01:23:05+00:00","breadcrumb":{"@id":"https:\/\/regiaonews.net.br\/2022\/2024\/01\/15\/fifa-coroa-melhores-do-mundo-e-gol-de-madruga-vence-o-premio-puskas\/#breadcrumb"},"inLanguage":"pt-BR","potentialAction":[{"@type":"ReadAction","target":["https:\/\/regiaonews.net.br\/2022\/2024\/01\/15\/fifa-coroa-melhores-do-mundo-e-gol-de-madruga-vence-o-premio-puskas\/"]}]},{"@type":"ImageObject","inLanguage":"pt-BR","@id":"https:\/\/regiaonews.net.br\/2022\/2024\/01\/15\/fifa-coroa-melhores-do-mundo-e-gol-de-madruga-vence-o-premio-puskas\/#primaryimage","url":"https:\/\/regiaonews.net.br\/2022\/wp-content\/uploads\/2024\/01\/Screenshot_20240115-222212_Gallery.jpg","contentUrl":"https:\/\/regiaonews.net.br\/2022\/wp-content\/uploads\/2024\/01\/Screenshot_20240115-222212_Gallery.jpg","width":1077,"height":1090},{"@type":"BreadcrumbList","@id":"https:\/\/regiaonews.net.br\/2022\/2024\/01\/15\/fifa-coroa-melhores-do-mundo-e-gol-de-madruga-vence-o-premio-puskas\/#breadcrumb","itemListElement":[{"@type":"ListItem","position":1,"name":"In\u00edcio","item":"https:\/\/regiaonews.net.br\/2022\/"},{"@type":"ListItem","position":2,"name":"Fifa coroa melhores do mundo e gol de madruga vence o pr\u00eamio Puskas"}]},{"@type":"WebSite","@id":"https:\/\/regiaonews.net.br\/2022\/#website","url":"https:\/\/regiaonews.net.br\/2022\/","name":"Regi\u00e3o News","description":"Site de Not\u00edcias de Barretos e regi\u00e3o","publisher":{"@id":"https:\/\/regiaonews.net.br\/2022\/#organization"},"potentialAction":[{"@type":"SearchAction","target":{"@type":"EntryPoint","urlTemplate":"https:\/\/regiaonews.net.br\/2022\/?s={search_term_string}"},"query-input":{"@type":"PropertyValueSpecification","valueRequired":true,"valueName":"search_term_string"}}],"inLanguage":"pt-BR"},{"@type":"Organization","@id":"https:\/\/regiaonews.net.br\/2022\/#organization","name":"Regi\u00e3o News","url":"https:\/\/regiaonews.net.br\/2022\/","logo":{"@type":"ImageObject","inLanguage":"pt-BR","@id":"https:\/\/regiaonews.net.br\/2022\/#\/schema\/logo\/image\/","url":"https:\/\/regiaonews.net.br\/2022\/wp-content\/uploads\/2026\/03\/regiao-13-anos-scaled.jpg","contentUrl":"https:\/\/regiaonews.net.br\/2022\/wp-content\/uploads\/2026\/03\/regiao-13-anos-scaled.jpg","width":2560,"height":635,"caption":"Regi\u00e3o News"},"image":{"@id":"https:\/\/regiaonews.net.br\/2022\/#\/schema\/logo\/image\/"}},{"@type":"Person","@id":"https:\/\/regiaonews.net.br\/2022\/#\/schema\/person\/2d205a608a5aa97ac279d7a5e6d89ad8","name":"Roberto","image":{"@type":"ImageObject","inLanguage":"pt-BR","@id":"https:\/\/secure.gravatar.com\/avatar\/42749d8b712ff9d59ca93dc150494e5b55a44134482993f5baeb97e61b7ecc89?s=96&d=mm&r=g","url":"https:\/\/secure.gravatar.com\/avatar\/42749d8b712ff9d59ca93dc150494e5b55a44134482993f5baeb97e61b7ecc89?s=96&d=mm&r=g","contentUrl":"https:\/\/secure.gravatar.com\/avatar\/42749d8b712ff9d59ca93dc150494e5b55a44134482993f5baeb97e61b7ecc89?s=96&d=mm&r=g","caption":"Roberto"},"url":"https:\/\/regiaonews.net.br\/2022\/author\/roberto\/"}]}},"publishpress_future_action":{"enabled":false,"date":"2026-05-04 03:08:02","action":"change-status","newStatus":"draft","terms":[],"taxonomy":"category","extraData":[]},"publishpress_future_workflow_manual_trigger":{"enabledWorkflows":[]},"_links":{"self":[{"href":"https:\/\/regiaonews.net.br\/2022\/wp-json\/wp\/v2\/posts\/100206","targetHints":{"allow":["GET"]}}],"collection":[{"href":"https:\/\/regiaonews.net.br\/2022\/wp-json\/wp\/v2\/posts"}],"about":[{"href":"https:\/\/regiaonews.net.br\/2022\/wp-json\/wp\/v2\/types\/post"}],"author":[{"embeddable":true,"href":"https:\/\/regiaonews.net.br\/2022\/wp-json\/wp\/v2\/users\/2"}],"replies":[{"embeddable":true,"href":"https:\/\/regiaonews.net.br\/2022\/wp-json\/wp\/v2\/comments?post=100206"}],"version-history":[{"count":1,"href":"https:\/\/regiaonews.net.br\/2022\/wp-json\/wp\/v2\/posts\/100206\/revisions"}],"predecessor-version":[{"id":100208,"href":"https:\/\/regiaonews.net.br\/2022\/wp-json\/wp\/v2\/posts\/100206\/revisions\/100208"}],"wp:featuredmedia":[{"embeddable":true,"href":"https:\/\/regiaonews.net.br\/2022\/wp-json\/wp\/v2\/media\/100207"}],"wp:attachment":[{"href":"https:\/\/regiaonews.net.br\/2022\/wp-json\/wp\/v2\/media?parent=100206"}],"wp:term":[{"taxonomy":"category","embeddable":true,"href":"https:\/\/regiaonews.net.br\/2022\/wp-json\/wp\/v2\/categories?post=100206"},{"taxonomy":"post_tag","embeddable":true,"href":"https:\/\/regiaonews.net.br\/2022\/wp-json\/wp\/v2\/tags?post=100206"}],"curies":[{"name":"wp","href":"https:\/\/api.w.org\/{rel}","templated":true}]}}