{"id":100199,"date":"2024-01-15T18:51:06","date_gmt":"2024-01-15T21:51:06","guid":{"rendered":"https:\/\/regiaonews.net.br\/2022\/?p=100199"},"modified":"2024-01-15T18:51:25","modified_gmt":"2024-01-15T21:51:25","slug":"em-2023-mais-de-17-mil-foragidos-da-justica-foram-recapturados-com-programa-copom-captura","status":"publish","type":"post","link":"https:\/\/regiaonews.net.br\/2022\/2024\/01\/15\/em-2023-mais-de-17-mil-foragidos-da-justica-foram-recapturados-com-programa-copom-captura\/","title":{"rendered":"Em 2023, mais de 1,7 mil foragidos da Justi\u00e7a foram recapturados com programa COPOM captura"},"content":{"rendered":"<div class=\"row\">\n<div class=\"col-lg-12 mt-4 justify\">\n<h3 class=\"justify\"><span style=\"font-size: 16px;\">N\u00famero representa aumento de 136,3% de capturas em compara\u00e7\u00e3o com 2022<\/span><\/h3>\n<\/div>\n<div class=\"col-lg-12 mt-3 justify\">\n<div>\n<div>O Centro de Opera\u00e7\u00f5es da Pol\u00edcia Militar do Estado de S\u00e3o Paulo (COPOM) recapturou 1.796 foragidos da Justi\u00e7a em 2023, pelo Programa COPOM Captura. O n\u00famero \u00e9 136,3% a mais do que em 2022, quando 760 foram recapturados, no Estado.<\/div>\n<div><\/div>\n<div>O denominado \u201cPrograma COPOM Captura\u201d, \u00e9 um projeto onde os policiais militares do COPOM executam rotina de uso integrado dos sistemas inteligentes. Cruzam informa\u00e7\u00f5es para fornecer aos patrulheiros dados precisos, que possibilitam a captura de pessoas procuradas pela Justi\u00e7a ou foragidas.<\/div>\n<div><\/div>\n<div>&#8220;O aumento exponencial dos foragidos da Justi\u00e7a recapturados pelo Programa \u00e9 fruto de treinamentos constantes em ferramentas inteligentes aplicadas aos policiais do COPOM, otimizando o tempo nas pesquisas nos bancos de dados. Isso reflete em agilidade na transmiss\u00e3o de informa\u00e7\u00f5es valiosas, precisas e confi\u00e1veis ao policial que est\u00e1 no patrulhamento nas ruas&#8221;, explicou o coronel Carlos Henrique Lucena Folha, Chefe do COPOM.<\/div>\n<div><\/div>\n<div>Al\u00e9m do Programa COPOM Captura, outro \u00edndice que apresentou bons resultados em 2023 foi o de desengasgamentos de beb\u00eas por telefone. Passaram de 114 em 2022, para 127 no \u00faltimo ano, alta de 11,4%.<\/div>\n<div><\/div>\n<div>Os atendimentos de 190 e 193 tamb\u00e9m cresceram 10,3%, alterando de 10.700.000 para 11.800.000. Em 2023, foram 1.082 acionamentos via aplicativo (SOS Mulher) e 1.100.000 orienta\u00e7\u00f5es ao p\u00fablico. Ao todo, foram mais de 3,5 milh\u00f5es de ocorr\u00eancias cadastradas pelo COPOM.<\/div>\n<div><\/div>\n<div>&#8220;Em 2023, todos os indicadores operacionais do COPOM foram altamente positivos. \u00c9 importante tamb\u00e9m destacar o aumento do n\u00famero de chamados 190 e 193, o que tamb\u00e9m demonstra o grau de confian\u00e7a da popula\u00e7\u00e3o&#8221;, finalizou o coronel Lucena.<\/div>\n<\/div>\n<\/div>\n<div class=\"col-lg-12 mb-5 justify\"><\/div>\n<\/div>\n<div class=\"row mb-4\"><\/div>\n","protected":false},"excerpt":{"rendered":"<p>N\u00famero representa aumento de 136,3% de capturas em compara\u00e7\u00e3o com<\/p>\n","protected":false},"author":2,"featured_media":100200,"comment_status":"open","ping_status":"open","sticky":false,"template":"","format":"standard","meta":{"footnotes":""},"categories":[7,23],"tags":[],"class_list":["post-100199","post","type-post","status-publish","format-standard","has-post-thumbnail","hentry","category-estado-de-sao-paulo","category-policia"],"yoast_head":"<!-- This site is optimized with the Yoast SEO plugin v27.4 - https:\/\/yoast.com\/product\/yoast-seo-wordpress\/ -->\n<title>Em 2023, mais de 1,7 mil foragidos da Justi\u00e7a foram recapturados com programa COPOM captura - Regi\u00e3o News<\/title>\n<meta name=\"robots\" content=\"index, follow, max-snippet:-1, max-image-preview:large, max-video-preview:-1\" \/>\n<link rel=\"canonical\" href=\"https:\/\/regiaonews.net.br\/2022\/2024\/01\/15\/em-2023-mais-de-17-mil-foragidos-da-justica-foram-recapturados-com-programa-copom-captura\/\" \/>\n<meta property=\"og:locale\" content=\"pt_BR\" \/>\n<meta property=\"og:type\" content=\"article\" \/>\n<meta property=\"og:title\" content=\"Em 2023, mais de 1,7 mil foragidos da Justi\u00e7a foram recapturados com programa COPOM captura - Regi\u00e3o News\" \/>\n<meta property=\"og:description\" content=\"N\u00famero representa aumento de 136,3% de capturas em compara\u00e7\u00e3o com\" \/>\n<meta property=\"og:url\" content=\"https:\/\/regiaonews.net.br\/2022\/2024\/01\/15\/em-2023-mais-de-17-mil-foragidos-da-justica-foram-recapturados-com-programa-copom-captura\/\" \/>\n<meta property=\"og:site_name\" content=\"Regi\u00e3o News\" \/>\n<meta property=\"article:published_time\" content=\"2024-01-15T21:51:06+00:00\" \/>\n<meta property=\"article:modified_time\" content=\"2024-01-15T21:51:25+00:00\" \/>\n<meta property=\"og:image\" content=\"https:\/\/regiaonews.net.br\/2022\/wp-content\/uploads\/2024\/01\/00052745.jpeg\" \/>\n\t<meta property=\"og:image:width\" content=\"1280\" \/>\n\t<meta property=\"og:image:height\" content=\"853\" \/>\n\t<meta property=\"og:image:type\" content=\"image\/jpeg\" \/>\n<meta name=\"author\" content=\"Roberto\" \/>\n<meta name=\"twitter:card\" content=\"summary_large_image\" \/>\n<meta name=\"twitter:label1\" content=\"Escrito por\" \/>\n\t<meta name=\"twitter:data1\" content=\"Roberto\" \/>\n\t<meta name=\"twitter:label2\" content=\"Est. tempo de leitura\" \/>\n\t<meta name=\"twitter:data2\" content=\"2 minutos\" \/>\n<script type=\"application\/ld+json\" class=\"yoast-schema-graph\">{\"@context\":\"https:\\\/\\\/schema.org\",\"@graph\":[{\"@type\":\"Article\",\"@id\":\"https:\\\/\\\/regiaonews.net.br\\\/2022\\\/2024\\\/01\\\/15\\\/em-2023-mais-de-17-mil-foragidos-da-justica-foram-recapturados-com-programa-copom-captura\\\/#article\",\"isPartOf\":{\"@id\":\"https:\\\/\\\/regiaonews.net.br\\\/2022\\\/2024\\\/01\\\/15\\\/em-2023-mais-de-17-mil-foragidos-da-justica-foram-recapturados-com-programa-copom-captura\\\/\"},\"author\":{\"name\":\"Roberto\",\"@id\":\"https:\\\/\\\/regiaonews.net.br\\\/2022\\\/#\\\/schema\\\/person\\\/2d205a608a5aa97ac279d7a5e6d89ad8\"},\"headline\":\"Em 2023, mais de 1,7 mil foragidos da Justi\u00e7a foram recapturados com programa COPOM captura\",\"datePublished\":\"2024-01-15T21:51:06+00:00\",\"dateModified\":\"2024-01-15T21:51:25+00:00\",\"mainEntityOfPage\":{\"@id\":\"https:\\\/\\\/regiaonews.net.br\\\/2022\\\/2024\\\/01\\\/15\\\/em-2023-mais-de-17-mil-foragidos-da-justica-foram-recapturados-com-programa-copom-captura\\\/\"},\"wordCount\":277,\"commentCount\":0,\"publisher\":{\"@id\":\"https:\\\/\\\/regiaonews.net.br\\\/2022\\\/#organization\"},\"image\":{\"@id\":\"https:\\\/\\\/regiaonews.net.br\\\/2022\\\/2024\\\/01\\\/15\\\/em-2023-mais-de-17-mil-foragidos-da-justica-foram-recapturados-com-programa-copom-captura\\\/#primaryimage\"},\"thumbnailUrl\":\"https:\\\/\\\/regiaonews.net.br\\\/2022\\\/wp-content\\\/uploads\\\/2024\\\/01\\\/00052745.jpeg\",\"articleSection\":[\"Estado de S\u00e3o Paulo\",\"Policia\"],\"inLanguage\":\"pt-BR\",\"potentialAction\":[{\"@type\":\"CommentAction\",\"name\":\"Comment\",\"target\":[\"https:\\\/\\\/regiaonews.net.br\\\/2022\\\/2024\\\/01\\\/15\\\/em-2023-mais-de-17-mil-foragidos-da-justica-foram-recapturados-com-programa-copom-captura\\\/#respond\"]}]},{\"@type\":\"WebPage\",\"@id\":\"https:\\\/\\\/regiaonews.net.br\\\/2022\\\/2024\\\/01\\\/15\\\/em-2023-mais-de-17-mil-foragidos-da-justica-foram-recapturados-com-programa-copom-captura\\\/\",\"url\":\"https:\\\/\\\/regiaonews.net.br\\\/2022\\\/2024\\\/01\\\/15\\\/em-2023-mais-de-17-mil-foragidos-da-justica-foram-recapturados-com-programa-copom-captura\\\/\",\"name\":\"Em 2023, mais de 1,7 mil foragidos da Justi\u00e7a foram recapturados com programa COPOM captura - Regi\u00e3o News\",\"isPartOf\":{\"@id\":\"https:\\\/\\\/regiaonews.net.br\\\/2022\\\/#website\"},\"primaryImageOfPage\":{\"@id\":\"https:\\\/\\\/regiaonews.net.br\\\/2022\\\/2024\\\/01\\\/15\\\/em-2023-mais-de-17-mil-foragidos-da-justica-foram-recapturados-com-programa-copom-captura\\\/#primaryimage\"},\"image\":{\"@id\":\"https:\\\/\\\/regiaonews.net.br\\\/2022\\\/2024\\\/01\\\/15\\\/em-2023-mais-de-17-mil-foragidos-da-justica-foram-recapturados-com-programa-copom-captura\\\/#primaryimage\"},\"thumbnailUrl\":\"https:\\\/\\\/regiaonews.net.br\\\/2022\\\/wp-content\\\/uploads\\\/2024\\\/01\\\/00052745.jpeg\",\"datePublished\":\"2024-01-15T21:51:06+00:00\",\"dateModified\":\"2024-01-15T21:51:25+00:00\",\"breadcrumb\":{\"@id\":\"https:\\\/\\\/regiaonews.net.br\\\/2022\\\/2024\\\/01\\\/15\\\/em-2023-mais-de-17-mil-foragidos-da-justica-foram-recapturados-com-programa-copom-captura\\\/#breadcrumb\"},\"inLanguage\":\"pt-BR\",\"potentialAction\":[{\"@type\":\"ReadAction\",\"target\":[\"https:\\\/\\\/regiaonews.net.br\\\/2022\\\/2024\\\/01\\\/15\\\/em-2023-mais-de-17-mil-foragidos-da-justica-foram-recapturados-com-programa-copom-captura\\\/\"]}]},{\"@type\":\"ImageObject\",\"inLanguage\":\"pt-BR\",\"@id\":\"https:\\\/\\\/regiaonews.net.br\\\/2022\\\/2024\\\/01\\\/15\\\/em-2023-mais-de-17-mil-foragidos-da-justica-foram-recapturados-com-programa-copom-captura\\\/#primaryimage\",\"url\":\"https:\\\/\\\/regiaonews.net.br\\\/2022\\\/wp-content\\\/uploads\\\/2024\\\/01\\\/00052745.jpeg\",\"contentUrl\":\"https:\\\/\\\/regiaonews.net.br\\\/2022\\\/wp-content\\\/uploads\\\/2024\\\/01\\\/00052745.jpeg\",\"width\":1280,\"height\":853},{\"@type\":\"BreadcrumbList\",\"@id\":\"https:\\\/\\\/regiaonews.net.br\\\/2022\\\/2024\\\/01\\\/15\\\/em-2023-mais-de-17-mil-foragidos-da-justica-foram-recapturados-com-programa-copom-captura\\\/#breadcrumb\",\"itemListElement\":[{\"@type\":\"ListItem\",\"position\":1,\"name\":\"In\u00edcio\",\"item\":\"https:\\\/\\\/regiaonews.net.br\\\/2022\\\/\"},{\"@type\":\"ListItem\",\"position\":2,\"name\":\"Em 2023, mais de 1,7 mil foragidos da Justi\u00e7a foram recapturados com programa COPOM captura\"}]},{\"@type\":\"WebSite\",\"@id\":\"https:\\\/\\\/regiaonews.net.br\\\/2022\\\/#website\",\"url\":\"https:\\\/\\\/regiaonews.net.br\\\/2022\\\/\",\"name\":\"Regi\u00e3o News\",\"description\":\"Site de Not\u00edcias de Barretos e regi\u00e3o\",\"publisher\":{\"@id\":\"https:\\\/\\\/regiaonews.net.br\\\/2022\\\/#organization\"},\"potentialAction\":[{\"@type\":\"SearchAction\",\"target\":{\"@type\":\"EntryPoint\",\"urlTemplate\":\"https:\\\/\\\/regiaonews.net.br\\\/2022\\\/?s={search_term_string}\"},\"query-input\":{\"@type\":\"PropertyValueSpecification\",\"valueRequired\":true,\"valueName\":\"search_term_string\"}}],\"inLanguage\":\"pt-BR\"},{\"@type\":\"Organization\",\"@id\":\"https:\\\/\\\/regiaonews.net.br\\\/2022\\\/#organization\",\"name\":\"Regi\u00e3o News\",\"url\":\"https:\\\/\\\/regiaonews.net.br\\\/2022\\\/\",\"logo\":{\"@type\":\"ImageObject\",\"inLanguage\":\"pt-BR\",\"@id\":\"https:\\\/\\\/regiaonews.net.br\\\/2022\\\/#\\\/schema\\\/logo\\\/image\\\/\",\"url\":\"https:\\\/\\\/regiaonews.net.br\\\/2022\\\/wp-content\\\/uploads\\\/2026\\\/03\\\/regiao-13-anos-scaled.jpg\",\"contentUrl\":\"https:\\\/\\\/regiaonews.net.br\\\/2022\\\/wp-content\\\/uploads\\\/2026\\\/03\\\/regiao-13-anos-scaled.jpg\",\"width\":2560,\"height\":635,\"caption\":\"Regi\u00e3o News\"},\"image\":{\"@id\":\"https:\\\/\\\/regiaonews.net.br\\\/2022\\\/#\\\/schema\\\/logo\\\/image\\\/\"}},{\"@type\":\"Person\",\"@id\":\"https:\\\/\\\/regiaonews.net.br\\\/2022\\\/#\\\/schema\\\/person\\\/2d205a608a5aa97ac279d7a5e6d89ad8\",\"name\":\"Roberto\",\"image\":{\"@type\":\"ImageObject\",\"inLanguage\":\"pt-BR\",\"@id\":\"https:\\\/\\\/secure.gravatar.com\\\/avatar\\\/42749d8b712ff9d59ca93dc150494e5b55a44134482993f5baeb97e61b7ecc89?s=96&d=mm&r=g\",\"url\":\"https:\\\/\\\/secure.gravatar.com\\\/avatar\\\/42749d8b712ff9d59ca93dc150494e5b55a44134482993f5baeb97e61b7ecc89?s=96&d=mm&r=g\",\"contentUrl\":\"https:\\\/\\\/secure.gravatar.com\\\/avatar\\\/42749d8b712ff9d59ca93dc150494e5b55a44134482993f5baeb97e61b7ecc89?s=96&d=mm&r=g\",\"caption\":\"Roberto\"},\"url\":\"https:\\\/\\\/regiaonews.net.br\\\/2022\\\/author\\\/roberto\\\/\"}]}<\/script>\n<!-- \/ Yoast SEO plugin. -->","yoast_head_json":{"title":"Em 2023, mais de 1,7 mil foragidos da Justi\u00e7a foram recapturados com programa COPOM captura - Regi\u00e3o News","robots":{"index":"index","follow":"follow","max-snippet":"max-snippet:-1","max-image-preview":"max-image-preview:large","max-video-preview":"max-video-preview:-1"},"canonical":"https:\/\/regiaonews.net.br\/2022\/2024\/01\/15\/em-2023-mais-de-17-mil-foragidos-da-justica-foram-recapturados-com-programa-copom-captura\/","og_locale":"pt_BR","og_type":"article","og_title":"Em 2023, mais de 1,7 mil foragidos da Justi\u00e7a foram recapturados com programa COPOM captura - Regi\u00e3o News","og_description":"N\u00famero representa aumento de 136,3% de capturas em compara\u00e7\u00e3o com","og_url":"https:\/\/regiaonews.net.br\/2022\/2024\/01\/15\/em-2023-mais-de-17-mil-foragidos-da-justica-foram-recapturados-com-programa-copom-captura\/","og_site_name":"Regi\u00e3o News","article_published_time":"2024-01-15T21:51:06+00:00","article_modified_time":"2024-01-15T21:51:25+00:00","og_image":[{"width":1280,"height":853,"url":"https:\/\/regiaonews.net.br\/2022\/wp-content\/uploads\/2024\/01\/00052745.jpeg","type":"image\/jpeg"}],"author":"Roberto","twitter_card":"summary_large_image","twitter_misc":{"Escrito por":"Roberto","Est. tempo de leitura":"2 minutos"},"schema":{"@context":"https:\/\/schema.org","@graph":[{"@type":"Article","@id":"https:\/\/regiaonews.net.br\/2022\/2024\/01\/15\/em-2023-mais-de-17-mil-foragidos-da-justica-foram-recapturados-com-programa-copom-captura\/#article","isPartOf":{"@id":"https:\/\/regiaonews.net.br\/2022\/2024\/01\/15\/em-2023-mais-de-17-mil-foragidos-da-justica-foram-recapturados-com-programa-copom-captura\/"},"author":{"name":"Roberto","@id":"https:\/\/regiaonews.net.br\/2022\/#\/schema\/person\/2d205a608a5aa97ac279d7a5e6d89ad8"},"headline":"Em 2023, mais de 1,7 mil foragidos da Justi\u00e7a foram recapturados com programa COPOM captura","datePublished":"2024-01-15T21:51:06+00:00","dateModified":"2024-01-15T21:51:25+00:00","mainEntityOfPage":{"@id":"https:\/\/regiaonews.net.br\/2022\/2024\/01\/15\/em-2023-mais-de-17-mil-foragidos-da-justica-foram-recapturados-com-programa-copom-captura\/"},"wordCount":277,"commentCount":0,"publisher":{"@id":"https:\/\/regiaonews.net.br\/2022\/#organization"},"image":{"@id":"https:\/\/regiaonews.net.br\/2022\/2024\/01\/15\/em-2023-mais-de-17-mil-foragidos-da-justica-foram-recapturados-com-programa-copom-captura\/#primaryimage"},"thumbnailUrl":"https:\/\/regiaonews.net.br\/2022\/wp-content\/uploads\/2024\/01\/00052745.jpeg","articleSection":["Estado de S\u00e3o Paulo","Policia"],"inLanguage":"pt-BR","potentialAction":[{"@type":"CommentAction","name":"Comment","target":["https:\/\/regiaonews.net.br\/2022\/2024\/01\/15\/em-2023-mais-de-17-mil-foragidos-da-justica-foram-recapturados-com-programa-copom-captura\/#respond"]}]},{"@type":"WebPage","@id":"https:\/\/regiaonews.net.br\/2022\/2024\/01\/15\/em-2023-mais-de-17-mil-foragidos-da-justica-foram-recapturados-com-programa-copom-captura\/","url":"https:\/\/regiaonews.net.br\/2022\/2024\/01\/15\/em-2023-mais-de-17-mil-foragidos-da-justica-foram-recapturados-com-programa-copom-captura\/","name":"Em 2023, mais de 1,7 mil foragidos da Justi\u00e7a foram recapturados com programa COPOM captura - Regi\u00e3o News","isPartOf":{"@id":"https:\/\/regiaonews.net.br\/2022\/#website"},"primaryImageOfPage":{"@id":"https:\/\/regiaonews.net.br\/2022\/2024\/01\/15\/em-2023-mais-de-17-mil-foragidos-da-justica-foram-recapturados-com-programa-copom-captura\/#primaryimage"},"image":{"@id":"https:\/\/regiaonews.net.br\/2022\/2024\/01\/15\/em-2023-mais-de-17-mil-foragidos-da-justica-foram-recapturados-com-programa-copom-captura\/#primaryimage"},"thumbnailUrl":"https:\/\/regiaonews.net.br\/2022\/wp-content\/uploads\/2024\/01\/00052745.jpeg","datePublished":"2024-01-15T21:51:06+00:00","dateModified":"2024-01-15T21:51:25+00:00","breadcrumb":{"@id":"https:\/\/regiaonews.net.br\/2022\/2024\/01\/15\/em-2023-mais-de-17-mil-foragidos-da-justica-foram-recapturados-com-programa-copom-captura\/#breadcrumb"},"inLanguage":"pt-BR","potentialAction":[{"@type":"ReadAction","target":["https:\/\/regiaonews.net.br\/2022\/2024\/01\/15\/em-2023-mais-de-17-mil-foragidos-da-justica-foram-recapturados-com-programa-copom-captura\/"]}]},{"@type":"ImageObject","inLanguage":"pt-BR","@id":"https:\/\/regiaonews.net.br\/2022\/2024\/01\/15\/em-2023-mais-de-17-mil-foragidos-da-justica-foram-recapturados-com-programa-copom-captura\/#primaryimage","url":"https:\/\/regiaonews.net.br\/2022\/wp-content\/uploads\/2024\/01\/00052745.jpeg","contentUrl":"https:\/\/regiaonews.net.br\/2022\/wp-content\/uploads\/2024\/01\/00052745.jpeg","width":1280,"height":853},{"@type":"BreadcrumbList","@id":"https:\/\/regiaonews.net.br\/2022\/2024\/01\/15\/em-2023-mais-de-17-mil-foragidos-da-justica-foram-recapturados-com-programa-copom-captura\/#breadcrumb","itemListElement":[{"@type":"ListItem","position":1,"name":"In\u00edcio","item":"https:\/\/regiaonews.net.br\/2022\/"},{"@type":"ListItem","position":2,"name":"Em 2023, mais de 1,7 mil foragidos da Justi\u00e7a foram recapturados com programa COPOM captura"}]},{"@type":"WebSite","@id":"https:\/\/regiaonews.net.br\/2022\/#website","url":"https:\/\/regiaonews.net.br\/2022\/","name":"Regi\u00e3o News","description":"Site de Not\u00edcias de Barretos e regi\u00e3o","publisher":{"@id":"https:\/\/regiaonews.net.br\/2022\/#organization"},"potentialAction":[{"@type":"SearchAction","target":{"@type":"EntryPoint","urlTemplate":"https:\/\/regiaonews.net.br\/2022\/?s={search_term_string}"},"query-input":{"@type":"PropertyValueSpecification","valueRequired":true,"valueName":"search_term_string"}}],"inLanguage":"pt-BR"},{"@type":"Organization","@id":"https:\/\/regiaonews.net.br\/2022\/#organization","name":"Regi\u00e3o News","url":"https:\/\/regiaonews.net.br\/2022\/","logo":{"@type":"ImageObject","inLanguage":"pt-BR","@id":"https:\/\/regiaonews.net.br\/2022\/#\/schema\/logo\/image\/","url":"https:\/\/regiaonews.net.br\/2022\/wp-content\/uploads\/2026\/03\/regiao-13-anos-scaled.jpg","contentUrl":"https:\/\/regiaonews.net.br\/2022\/wp-content\/uploads\/2026\/03\/regiao-13-anos-scaled.jpg","width":2560,"height":635,"caption":"Regi\u00e3o News"},"image":{"@id":"https:\/\/regiaonews.net.br\/2022\/#\/schema\/logo\/image\/"}},{"@type":"Person","@id":"https:\/\/regiaonews.net.br\/2022\/#\/schema\/person\/2d205a608a5aa97ac279d7a5e6d89ad8","name":"Roberto","image":{"@type":"ImageObject","inLanguage":"pt-BR","@id":"https:\/\/secure.gravatar.com\/avatar\/42749d8b712ff9d59ca93dc150494e5b55a44134482993f5baeb97e61b7ecc89?s=96&d=mm&r=g","url":"https:\/\/secure.gravatar.com\/avatar\/42749d8b712ff9d59ca93dc150494e5b55a44134482993f5baeb97e61b7ecc89?s=96&d=mm&r=g","contentUrl":"https:\/\/secure.gravatar.com\/avatar\/42749d8b712ff9d59ca93dc150494e5b55a44134482993f5baeb97e61b7ecc89?s=96&d=mm&r=g","caption":"Roberto"},"url":"https:\/\/regiaonews.net.br\/2022\/author\/roberto\/"}]}},"publishpress_future_action":{"enabled":false,"date":"2026-05-04 01:36:11","action":"change-status","newStatus":"draft","terms":[],"taxonomy":"category","extraData":[]},"publishpress_future_workflow_manual_trigger":{"enabledWorkflows":[]},"_links":{"self":[{"href":"https:\/\/regiaonews.net.br\/2022\/wp-json\/wp\/v2\/posts\/100199","targetHints":{"allow":["GET"]}}],"collection":[{"href":"https:\/\/regiaonews.net.br\/2022\/wp-json\/wp\/v2\/posts"}],"about":[{"href":"https:\/\/regiaonews.net.br\/2022\/wp-json\/wp\/v2\/types\/post"}],"author":[{"embeddable":true,"href":"https:\/\/regiaonews.net.br\/2022\/wp-json\/wp\/v2\/users\/2"}],"replies":[{"embeddable":true,"href":"https:\/\/regiaonews.net.br\/2022\/wp-json\/wp\/v2\/comments?post=100199"}],"version-history":[{"count":2,"href":"https:\/\/regiaonews.net.br\/2022\/wp-json\/wp\/v2\/posts\/100199\/revisions"}],"predecessor-version":[{"id":100202,"href":"https:\/\/regiaonews.net.br\/2022\/wp-json\/wp\/v2\/posts\/100199\/revisions\/100202"}],"wp:featuredmedia":[{"embeddable":true,"href":"https:\/\/regiaonews.net.br\/2022\/wp-json\/wp\/v2\/media\/100200"}],"wp:attachment":[{"href":"https:\/\/regiaonews.net.br\/2022\/wp-json\/wp\/v2\/media?parent=100199"}],"wp:term":[{"taxonomy":"category","embeddable":true,"href":"https:\/\/regiaonews.net.br\/2022\/wp-json\/wp\/v2\/categories?post=100199"},{"taxonomy":"post_tag","embeddable":true,"href":"https:\/\/regiaonews.net.br\/2022\/wp-json\/wp\/v2\/tags?post=100199"}],"curies":[{"name":"wp","href":"https:\/\/api.w.org\/{rel}","templated":true}]}}