{"id":100195,"date":"2024-01-15T18:46:49","date_gmt":"2024-01-15T21:46:49","guid":{"rendered":"https:\/\/regiaonews.net.br\/2022\/?p=100195"},"modified":"2024-01-15T18:46:49","modified_gmt":"2024-01-15T21:46:49","slug":"dupla-e-presa-com-mais-de-9-mil-porcoes-de-drogas-que-abasteceriam-trafico-na-zona-sul","status":"publish","type":"post","link":"https:\/\/regiaonews.net.br\/2022\/2024\/01\/15\/dupla-e-presa-com-mais-de-9-mil-porcoes-de-drogas-que-abasteceriam-trafico-na-zona-sul\/","title":{"rendered":"Dupla \u00e9 presa com mais de 9 mil por\u00e7\u00f5es de drogas que abasteceriam tr\u00e1fico na zona sul"},"content":{"rendered":"<div class=\"row\">\n<div class=\"col-lg-12 mt-4 justify\">\n<h3 class=\"justify\"><\/h3>\n<\/div>\n<div class=\"col-lg-12 mt-2 justify\">\n<h5 class=\"justify\">Suspeitos foram flagrados transportando os entorpecentes; drogas eram escondidas em im\u00f3veis na zona leste<\/h5>\n<\/div>\n<div class=\"col-lg-12 mt-3 justify\">\n<div>\n<div>Dois homens, de 33 e 35 anos, foram presos em flagrante no s\u00e1bado (13) por tr\u00e1fico de drogas no bairro do Morumbi, na zona sul da capital. A dupla realizava o transporte de entorpecentes e escondia dentro de dois im\u00f3veis na regi\u00e3o da zona leste mais de 9 mil por\u00e7\u00f5es de drogas que seriam entregues na comunidade de Parais\u00f3polis. Na a\u00e7\u00e3o tamb\u00e9m foram apreendidas balan\u00e7as de precis\u00e3o, carregadores de muni\u00e7\u00e3o, m\u00e1quinas de corte e cadernos com anota\u00e7\u00f5es do tr\u00e1fico.<\/div>\n<div><\/div>\n<div>Ap\u00f3s um extenso trabalho de investiga\u00e7\u00e3o, policiais da Delegacia de Investiga\u00e7\u00f5es Sobre Entorpecentes (Dise) levantaram poss\u00edveis locais e ve\u00edculos que estariam envolvidos com o tr\u00e1fico de drogas. Com as informa\u00e7\u00f5es obtidas, duas equipes localizaram os carros suspeitos e realizaram acompanhamento. Em determinado momento os ve\u00edculos se separaram e um deles seguiu em dire\u00e7\u00e3o \u00e0 Avenida Morumbi, onde o motorista foi abordado.<\/div>\n<div><\/div>\n<div>Durante vistoria, foram encontrados dentro do carro 125 tijolos de coca\u00edna. O suspeito disse aos policiais que tinha sido contratado para realizar o transporte das drogas e que seria pago pelo servi\u00e7o. J\u00e1 o motorista do outro ve\u00edculo investigado foi abordado no rodoanel, na regi\u00e3o de Osasco.<\/div>\n<div><\/div>\n<div>A dupla foi conduzida pelos policiais at\u00e9 os locais que tamb\u00e9m estavam sendo monitorados. Um deles era uma garagem inabitada localizada pr\u00f3ximo da casa de um dos suspeitos no bairro Vila Paulo Silas, na zona leste, onde no dia anterior os policiais viram o mesmo ve\u00edculo apreendido estacionado. L\u00e1, foram encontrados mais tijolos de coca\u00edna, 11 carregadores de muni\u00e7\u00e3o, uma carabina calibre 30 e drogas embaladas para venda.<\/div>\n<div><\/div>\n<div>Em outro local da mesma regi\u00e3o, em uma resid\u00eancia no bairro Vila Cunha Bueno, foram encontrados tijolos de maconha, uma m\u00e1quina de corte el\u00e9trica, quatro balan\u00e7as de precis\u00e3o, cadernos com anota\u00e7\u00f5es do tr\u00e1fico e mais papelotes prontos para a venda.<\/div>\n<div><\/div>\n<div>No total, foram apreendidas 9 mil por\u00e7\u00f5es e 215 tijolos de coca\u00edna, e 41 por\u00e7\u00f5es e cinco tijolos de maconha, que pesaram 234 quilos. Os celulares e os ve\u00edculos dos suspeitos tamb\u00e9m foram recolhidos.<\/div>\n<div><\/div>\n<div>A dupla foi presa em flagrante e o caso registrado como tr\u00e1fico de drogas, associa\u00e7\u00e3o ao tr\u00e1fico, posse irregular de arma de fogo de uso permitido, localiza\u00e7\u00e3o e apreens\u00e3o de objeto e ve\u00edculo na 6\u00aa Delegacia da Dise, do Departamento Estadual de Preven\u00e7\u00e3o e Repress\u00e3o ao Narcotr\u00e1fico (Denarc).<\/div>\n<\/div>\n<\/div>\n<div class=\"col-lg-12 mb-5 justify\"><\/div>\n<\/div>\n<div class=\"row mb-4\"><\/div>\n","protected":false},"excerpt":{"rendered":"<p>Suspeitos foram flagrados transportando os entorpecentes; drogas eram escondidas em<\/p>\n","protected":false},"author":2,"featured_media":100196,"comment_status":"open","ping_status":"open","sticky":false,"template":"","format":"standard","meta":{"footnotes":""},"categories":[23,29],"tags":[],"class_list":["post-100195","post","type-post","status-publish","format-standard","has-post-thumbnail","hentry","category-policia","category-sao-paulo"],"yoast_head":"<!-- This site is optimized with the Yoast SEO plugin v27.4 - https:\/\/yoast.com\/product\/yoast-seo-wordpress\/ -->\n<title>Dupla \u00e9 presa com mais de 9 mil por\u00e7\u00f5es de drogas que abasteceriam tr\u00e1fico na zona sul - Regi\u00e3o News<\/title>\n<meta name=\"robots\" content=\"index, follow, max-snippet:-1, max-image-preview:large, max-video-preview:-1\" \/>\n<link rel=\"canonical\" href=\"https:\/\/regiaonews.net.br\/2022\/2024\/01\/15\/dupla-e-presa-com-mais-de-9-mil-porcoes-de-drogas-que-abasteceriam-trafico-na-zona-sul\/\" \/>\n<meta property=\"og:locale\" content=\"pt_BR\" \/>\n<meta property=\"og:type\" content=\"article\" \/>\n<meta property=\"og:title\" content=\"Dupla \u00e9 presa com mais de 9 mil por\u00e7\u00f5es de drogas que abasteceriam tr\u00e1fico na zona sul - Regi\u00e3o News\" \/>\n<meta property=\"og:description\" content=\"Suspeitos foram flagrados transportando os entorpecentes; drogas eram escondidas em\" \/>\n<meta property=\"og:url\" content=\"https:\/\/regiaonews.net.br\/2022\/2024\/01\/15\/dupla-e-presa-com-mais-de-9-mil-porcoes-de-drogas-que-abasteceriam-trafico-na-zona-sul\/\" \/>\n<meta property=\"og:site_name\" content=\"Regi\u00e3o News\" \/>\n<meta property=\"article:published_time\" content=\"2024-01-15T21:46:49+00:00\" \/>\n<meta property=\"og:image\" content=\"https:\/\/regiaonews.net.br\/2022\/wp-content\/uploads\/2024\/01\/00052742.jpg\" \/>\n\t<meta property=\"og:image:width\" content=\"1600\" \/>\n\t<meta property=\"og:image:height\" content=\"1200\" \/>\n\t<meta property=\"og:image:type\" content=\"image\/jpeg\" \/>\n<meta name=\"author\" content=\"Roberto\" \/>\n<meta name=\"twitter:card\" content=\"summary_large_image\" \/>\n<meta name=\"twitter:label1\" content=\"Escrito por\" \/>\n\t<meta name=\"twitter:data1\" content=\"Roberto\" \/>\n\t<meta name=\"twitter:label2\" content=\"Est. tempo de leitura\" \/>\n\t<meta name=\"twitter:data2\" content=\"3 minutos\" \/>\n<script type=\"application\/ld+json\" class=\"yoast-schema-graph\">{\"@context\":\"https:\\\/\\\/schema.org\",\"@graph\":[{\"@type\":\"Article\",\"@id\":\"https:\\\/\\\/regiaonews.net.br\\\/2022\\\/2024\\\/01\\\/15\\\/dupla-e-presa-com-mais-de-9-mil-porcoes-de-drogas-que-abasteceriam-trafico-na-zona-sul\\\/#article\",\"isPartOf\":{\"@id\":\"https:\\\/\\\/regiaonews.net.br\\\/2022\\\/2024\\\/01\\\/15\\\/dupla-e-presa-com-mais-de-9-mil-porcoes-de-drogas-que-abasteceriam-trafico-na-zona-sul\\\/\"},\"author\":{\"name\":\"Roberto\",\"@id\":\"https:\\\/\\\/regiaonews.net.br\\\/2022\\\/#\\\/schema\\\/person\\\/2d205a608a5aa97ac279d7a5e6d89ad8\"},\"headline\":\"Dupla \u00e9 presa com mais de 9 mil por\u00e7\u00f5es de drogas que abasteceriam tr\u00e1fico na zona sul\",\"datePublished\":\"2024-01-15T21:46:49+00:00\",\"mainEntityOfPage\":{\"@id\":\"https:\\\/\\\/regiaonews.net.br\\\/2022\\\/2024\\\/01\\\/15\\\/dupla-e-presa-com-mais-de-9-mil-porcoes-de-drogas-que-abasteceriam-trafico-na-zona-sul\\\/\"},\"wordCount\":450,\"commentCount\":0,\"publisher\":{\"@id\":\"https:\\\/\\\/regiaonews.net.br\\\/2022\\\/#organization\"},\"image\":{\"@id\":\"https:\\\/\\\/regiaonews.net.br\\\/2022\\\/2024\\\/01\\\/15\\\/dupla-e-presa-com-mais-de-9-mil-porcoes-de-drogas-que-abasteceriam-trafico-na-zona-sul\\\/#primaryimage\"},\"thumbnailUrl\":\"https:\\\/\\\/regiaonews.net.br\\\/2022\\\/wp-content\\\/uploads\\\/2024\\\/01\\\/00052742.jpg\",\"articleSection\":[\"Policia\",\"S\u00e3o Paulo\"],\"inLanguage\":\"pt-BR\",\"potentialAction\":[{\"@type\":\"CommentAction\",\"name\":\"Comment\",\"target\":[\"https:\\\/\\\/regiaonews.net.br\\\/2022\\\/2024\\\/01\\\/15\\\/dupla-e-presa-com-mais-de-9-mil-porcoes-de-drogas-que-abasteceriam-trafico-na-zona-sul\\\/#respond\"]}]},{\"@type\":\"WebPage\",\"@id\":\"https:\\\/\\\/regiaonews.net.br\\\/2022\\\/2024\\\/01\\\/15\\\/dupla-e-presa-com-mais-de-9-mil-porcoes-de-drogas-que-abasteceriam-trafico-na-zona-sul\\\/\",\"url\":\"https:\\\/\\\/regiaonews.net.br\\\/2022\\\/2024\\\/01\\\/15\\\/dupla-e-presa-com-mais-de-9-mil-porcoes-de-drogas-que-abasteceriam-trafico-na-zona-sul\\\/\",\"name\":\"Dupla \u00e9 presa com mais de 9 mil por\u00e7\u00f5es de drogas que abasteceriam tr\u00e1fico na zona sul - Regi\u00e3o News\",\"isPartOf\":{\"@id\":\"https:\\\/\\\/regiaonews.net.br\\\/2022\\\/#website\"},\"primaryImageOfPage\":{\"@id\":\"https:\\\/\\\/regiaonews.net.br\\\/2022\\\/2024\\\/01\\\/15\\\/dupla-e-presa-com-mais-de-9-mil-porcoes-de-drogas-que-abasteceriam-trafico-na-zona-sul\\\/#primaryimage\"},\"image\":{\"@id\":\"https:\\\/\\\/regiaonews.net.br\\\/2022\\\/2024\\\/01\\\/15\\\/dupla-e-presa-com-mais-de-9-mil-porcoes-de-drogas-que-abasteceriam-trafico-na-zona-sul\\\/#primaryimage\"},\"thumbnailUrl\":\"https:\\\/\\\/regiaonews.net.br\\\/2022\\\/wp-content\\\/uploads\\\/2024\\\/01\\\/00052742.jpg\",\"datePublished\":\"2024-01-15T21:46:49+00:00\",\"breadcrumb\":{\"@id\":\"https:\\\/\\\/regiaonews.net.br\\\/2022\\\/2024\\\/01\\\/15\\\/dupla-e-presa-com-mais-de-9-mil-porcoes-de-drogas-que-abasteceriam-trafico-na-zona-sul\\\/#breadcrumb\"},\"inLanguage\":\"pt-BR\",\"potentialAction\":[{\"@type\":\"ReadAction\",\"target\":[\"https:\\\/\\\/regiaonews.net.br\\\/2022\\\/2024\\\/01\\\/15\\\/dupla-e-presa-com-mais-de-9-mil-porcoes-de-drogas-que-abasteceriam-trafico-na-zona-sul\\\/\"]}]},{\"@type\":\"ImageObject\",\"inLanguage\":\"pt-BR\",\"@id\":\"https:\\\/\\\/regiaonews.net.br\\\/2022\\\/2024\\\/01\\\/15\\\/dupla-e-presa-com-mais-de-9-mil-porcoes-de-drogas-que-abasteceriam-trafico-na-zona-sul\\\/#primaryimage\",\"url\":\"https:\\\/\\\/regiaonews.net.br\\\/2022\\\/wp-content\\\/uploads\\\/2024\\\/01\\\/00052742.jpg\",\"contentUrl\":\"https:\\\/\\\/regiaonews.net.br\\\/2022\\\/wp-content\\\/uploads\\\/2024\\\/01\\\/00052742.jpg\",\"width\":1600,\"height\":1200},{\"@type\":\"BreadcrumbList\",\"@id\":\"https:\\\/\\\/regiaonews.net.br\\\/2022\\\/2024\\\/01\\\/15\\\/dupla-e-presa-com-mais-de-9-mil-porcoes-de-drogas-que-abasteceriam-trafico-na-zona-sul\\\/#breadcrumb\",\"itemListElement\":[{\"@type\":\"ListItem\",\"position\":1,\"name\":\"In\u00edcio\",\"item\":\"https:\\\/\\\/regiaonews.net.br\\\/2022\\\/\"},{\"@type\":\"ListItem\",\"position\":2,\"name\":\"Dupla \u00e9 presa com mais de 9 mil por\u00e7\u00f5es de drogas que abasteceriam tr\u00e1fico na zona sul\"}]},{\"@type\":\"WebSite\",\"@id\":\"https:\\\/\\\/regiaonews.net.br\\\/2022\\\/#website\",\"url\":\"https:\\\/\\\/regiaonews.net.br\\\/2022\\\/\",\"name\":\"Regi\u00e3o News\",\"description\":\"Site de Not\u00edcias de Barretos e regi\u00e3o\",\"publisher\":{\"@id\":\"https:\\\/\\\/regiaonews.net.br\\\/2022\\\/#organization\"},\"potentialAction\":[{\"@type\":\"SearchAction\",\"target\":{\"@type\":\"EntryPoint\",\"urlTemplate\":\"https:\\\/\\\/regiaonews.net.br\\\/2022\\\/?s={search_term_string}\"},\"query-input\":{\"@type\":\"PropertyValueSpecification\",\"valueRequired\":true,\"valueName\":\"search_term_string\"}}],\"inLanguage\":\"pt-BR\"},{\"@type\":\"Organization\",\"@id\":\"https:\\\/\\\/regiaonews.net.br\\\/2022\\\/#organization\",\"name\":\"Regi\u00e3o News\",\"url\":\"https:\\\/\\\/regiaonews.net.br\\\/2022\\\/\",\"logo\":{\"@type\":\"ImageObject\",\"inLanguage\":\"pt-BR\",\"@id\":\"https:\\\/\\\/regiaonews.net.br\\\/2022\\\/#\\\/schema\\\/logo\\\/image\\\/\",\"url\":\"https:\\\/\\\/regiaonews.net.br\\\/2022\\\/wp-content\\\/uploads\\\/2026\\\/03\\\/regiao-13-anos-scaled.jpg\",\"contentUrl\":\"https:\\\/\\\/regiaonews.net.br\\\/2022\\\/wp-content\\\/uploads\\\/2026\\\/03\\\/regiao-13-anos-scaled.jpg\",\"width\":2560,\"height\":635,\"caption\":\"Regi\u00e3o News\"},\"image\":{\"@id\":\"https:\\\/\\\/regiaonews.net.br\\\/2022\\\/#\\\/schema\\\/logo\\\/image\\\/\"}},{\"@type\":\"Person\",\"@id\":\"https:\\\/\\\/regiaonews.net.br\\\/2022\\\/#\\\/schema\\\/person\\\/2d205a608a5aa97ac279d7a5e6d89ad8\",\"name\":\"Roberto\",\"image\":{\"@type\":\"ImageObject\",\"inLanguage\":\"pt-BR\",\"@id\":\"https:\\\/\\\/secure.gravatar.com\\\/avatar\\\/42749d8b712ff9d59ca93dc150494e5b55a44134482993f5baeb97e61b7ecc89?s=96&d=mm&r=g\",\"url\":\"https:\\\/\\\/secure.gravatar.com\\\/avatar\\\/42749d8b712ff9d59ca93dc150494e5b55a44134482993f5baeb97e61b7ecc89?s=96&d=mm&r=g\",\"contentUrl\":\"https:\\\/\\\/secure.gravatar.com\\\/avatar\\\/42749d8b712ff9d59ca93dc150494e5b55a44134482993f5baeb97e61b7ecc89?s=96&d=mm&r=g\",\"caption\":\"Roberto\"},\"url\":\"https:\\\/\\\/regiaonews.net.br\\\/2022\\\/author\\\/roberto\\\/\"}]}<\/script>\n<!-- \/ Yoast SEO plugin. -->","yoast_head_json":{"title":"Dupla \u00e9 presa com mais de 9 mil por\u00e7\u00f5es de drogas que abasteceriam tr\u00e1fico na zona sul - Regi\u00e3o News","robots":{"index":"index","follow":"follow","max-snippet":"max-snippet:-1","max-image-preview":"max-image-preview:large","max-video-preview":"max-video-preview:-1"},"canonical":"https:\/\/regiaonews.net.br\/2022\/2024\/01\/15\/dupla-e-presa-com-mais-de-9-mil-porcoes-de-drogas-que-abasteceriam-trafico-na-zona-sul\/","og_locale":"pt_BR","og_type":"article","og_title":"Dupla \u00e9 presa com mais de 9 mil por\u00e7\u00f5es de drogas que abasteceriam tr\u00e1fico na zona sul - Regi\u00e3o News","og_description":"Suspeitos foram flagrados transportando os entorpecentes; drogas eram escondidas em","og_url":"https:\/\/regiaonews.net.br\/2022\/2024\/01\/15\/dupla-e-presa-com-mais-de-9-mil-porcoes-de-drogas-que-abasteceriam-trafico-na-zona-sul\/","og_site_name":"Regi\u00e3o News","article_published_time":"2024-01-15T21:46:49+00:00","og_image":[{"width":1600,"height":1200,"url":"https:\/\/regiaonews.net.br\/2022\/wp-content\/uploads\/2024\/01\/00052742.jpg","type":"image\/jpeg"}],"author":"Roberto","twitter_card":"summary_large_image","twitter_misc":{"Escrito por":"Roberto","Est. tempo de leitura":"3 minutos"},"schema":{"@context":"https:\/\/schema.org","@graph":[{"@type":"Article","@id":"https:\/\/regiaonews.net.br\/2022\/2024\/01\/15\/dupla-e-presa-com-mais-de-9-mil-porcoes-de-drogas-que-abasteceriam-trafico-na-zona-sul\/#article","isPartOf":{"@id":"https:\/\/regiaonews.net.br\/2022\/2024\/01\/15\/dupla-e-presa-com-mais-de-9-mil-porcoes-de-drogas-que-abasteceriam-trafico-na-zona-sul\/"},"author":{"name":"Roberto","@id":"https:\/\/regiaonews.net.br\/2022\/#\/schema\/person\/2d205a608a5aa97ac279d7a5e6d89ad8"},"headline":"Dupla \u00e9 presa com mais de 9 mil por\u00e7\u00f5es de drogas que abasteceriam tr\u00e1fico na zona sul","datePublished":"2024-01-15T21:46:49+00:00","mainEntityOfPage":{"@id":"https:\/\/regiaonews.net.br\/2022\/2024\/01\/15\/dupla-e-presa-com-mais-de-9-mil-porcoes-de-drogas-que-abasteceriam-trafico-na-zona-sul\/"},"wordCount":450,"commentCount":0,"publisher":{"@id":"https:\/\/regiaonews.net.br\/2022\/#organization"},"image":{"@id":"https:\/\/regiaonews.net.br\/2022\/2024\/01\/15\/dupla-e-presa-com-mais-de-9-mil-porcoes-de-drogas-que-abasteceriam-trafico-na-zona-sul\/#primaryimage"},"thumbnailUrl":"https:\/\/regiaonews.net.br\/2022\/wp-content\/uploads\/2024\/01\/00052742.jpg","articleSection":["Policia","S\u00e3o Paulo"],"inLanguage":"pt-BR","potentialAction":[{"@type":"CommentAction","name":"Comment","target":["https:\/\/regiaonews.net.br\/2022\/2024\/01\/15\/dupla-e-presa-com-mais-de-9-mil-porcoes-de-drogas-que-abasteceriam-trafico-na-zona-sul\/#respond"]}]},{"@type":"WebPage","@id":"https:\/\/regiaonews.net.br\/2022\/2024\/01\/15\/dupla-e-presa-com-mais-de-9-mil-porcoes-de-drogas-que-abasteceriam-trafico-na-zona-sul\/","url":"https:\/\/regiaonews.net.br\/2022\/2024\/01\/15\/dupla-e-presa-com-mais-de-9-mil-porcoes-de-drogas-que-abasteceriam-trafico-na-zona-sul\/","name":"Dupla \u00e9 presa com mais de 9 mil por\u00e7\u00f5es de drogas que abasteceriam tr\u00e1fico na zona sul - Regi\u00e3o News","isPartOf":{"@id":"https:\/\/regiaonews.net.br\/2022\/#website"},"primaryImageOfPage":{"@id":"https:\/\/regiaonews.net.br\/2022\/2024\/01\/15\/dupla-e-presa-com-mais-de-9-mil-porcoes-de-drogas-que-abasteceriam-trafico-na-zona-sul\/#primaryimage"},"image":{"@id":"https:\/\/regiaonews.net.br\/2022\/2024\/01\/15\/dupla-e-presa-com-mais-de-9-mil-porcoes-de-drogas-que-abasteceriam-trafico-na-zona-sul\/#primaryimage"},"thumbnailUrl":"https:\/\/regiaonews.net.br\/2022\/wp-content\/uploads\/2024\/01\/00052742.jpg","datePublished":"2024-01-15T21:46:49+00:00","breadcrumb":{"@id":"https:\/\/regiaonews.net.br\/2022\/2024\/01\/15\/dupla-e-presa-com-mais-de-9-mil-porcoes-de-drogas-que-abasteceriam-trafico-na-zona-sul\/#breadcrumb"},"inLanguage":"pt-BR","potentialAction":[{"@type":"ReadAction","target":["https:\/\/regiaonews.net.br\/2022\/2024\/01\/15\/dupla-e-presa-com-mais-de-9-mil-porcoes-de-drogas-que-abasteceriam-trafico-na-zona-sul\/"]}]},{"@type":"ImageObject","inLanguage":"pt-BR","@id":"https:\/\/regiaonews.net.br\/2022\/2024\/01\/15\/dupla-e-presa-com-mais-de-9-mil-porcoes-de-drogas-que-abasteceriam-trafico-na-zona-sul\/#primaryimage","url":"https:\/\/regiaonews.net.br\/2022\/wp-content\/uploads\/2024\/01\/00052742.jpg","contentUrl":"https:\/\/regiaonews.net.br\/2022\/wp-content\/uploads\/2024\/01\/00052742.jpg","width":1600,"height":1200},{"@type":"BreadcrumbList","@id":"https:\/\/regiaonews.net.br\/2022\/2024\/01\/15\/dupla-e-presa-com-mais-de-9-mil-porcoes-de-drogas-que-abasteceriam-trafico-na-zona-sul\/#breadcrumb","itemListElement":[{"@type":"ListItem","position":1,"name":"In\u00edcio","item":"https:\/\/regiaonews.net.br\/2022\/"},{"@type":"ListItem","position":2,"name":"Dupla \u00e9 presa com mais de 9 mil por\u00e7\u00f5es de drogas que abasteceriam tr\u00e1fico na zona sul"}]},{"@type":"WebSite","@id":"https:\/\/regiaonews.net.br\/2022\/#website","url":"https:\/\/regiaonews.net.br\/2022\/","name":"Regi\u00e3o News","description":"Site de Not\u00edcias de Barretos e regi\u00e3o","publisher":{"@id":"https:\/\/regiaonews.net.br\/2022\/#organization"},"potentialAction":[{"@type":"SearchAction","target":{"@type":"EntryPoint","urlTemplate":"https:\/\/regiaonews.net.br\/2022\/?s={search_term_string}"},"query-input":{"@type":"PropertyValueSpecification","valueRequired":true,"valueName":"search_term_string"}}],"inLanguage":"pt-BR"},{"@type":"Organization","@id":"https:\/\/regiaonews.net.br\/2022\/#organization","name":"Regi\u00e3o News","url":"https:\/\/regiaonews.net.br\/2022\/","logo":{"@type":"ImageObject","inLanguage":"pt-BR","@id":"https:\/\/regiaonews.net.br\/2022\/#\/schema\/logo\/image\/","url":"https:\/\/regiaonews.net.br\/2022\/wp-content\/uploads\/2026\/03\/regiao-13-anos-scaled.jpg","contentUrl":"https:\/\/regiaonews.net.br\/2022\/wp-content\/uploads\/2026\/03\/regiao-13-anos-scaled.jpg","width":2560,"height":635,"caption":"Regi\u00e3o News"},"image":{"@id":"https:\/\/regiaonews.net.br\/2022\/#\/schema\/logo\/image\/"}},{"@type":"Person","@id":"https:\/\/regiaonews.net.br\/2022\/#\/schema\/person\/2d205a608a5aa97ac279d7a5e6d89ad8","name":"Roberto","image":{"@type":"ImageObject","inLanguage":"pt-BR","@id":"https:\/\/secure.gravatar.com\/avatar\/42749d8b712ff9d59ca93dc150494e5b55a44134482993f5baeb97e61b7ecc89?s=96&d=mm&r=g","url":"https:\/\/secure.gravatar.com\/avatar\/42749d8b712ff9d59ca93dc150494e5b55a44134482993f5baeb97e61b7ecc89?s=96&d=mm&r=g","contentUrl":"https:\/\/secure.gravatar.com\/avatar\/42749d8b712ff9d59ca93dc150494e5b55a44134482993f5baeb97e61b7ecc89?s=96&d=mm&r=g","caption":"Roberto"},"url":"https:\/\/regiaonews.net.br\/2022\/author\/roberto\/"}]}},"publishpress_future_action":{"enabled":false,"date":"2026-05-04 01:37:03","action":"change-status","newStatus":"draft","terms":[],"taxonomy":"category","extraData":[]},"publishpress_future_workflow_manual_trigger":{"enabledWorkflows":[]},"_links":{"self":[{"href":"https:\/\/regiaonews.net.br\/2022\/wp-json\/wp\/v2\/posts\/100195","targetHints":{"allow":["GET"]}}],"collection":[{"href":"https:\/\/regiaonews.net.br\/2022\/wp-json\/wp\/v2\/posts"}],"about":[{"href":"https:\/\/regiaonews.net.br\/2022\/wp-json\/wp\/v2\/types\/post"}],"author":[{"embeddable":true,"href":"https:\/\/regiaonews.net.br\/2022\/wp-json\/wp\/v2\/users\/2"}],"replies":[{"embeddable":true,"href":"https:\/\/regiaonews.net.br\/2022\/wp-json\/wp\/v2\/comments?post=100195"}],"version-history":[{"count":1,"href":"https:\/\/regiaonews.net.br\/2022\/wp-json\/wp\/v2\/posts\/100195\/revisions"}],"predecessor-version":[{"id":100197,"href":"https:\/\/regiaonews.net.br\/2022\/wp-json\/wp\/v2\/posts\/100195\/revisions\/100197"}],"wp:featuredmedia":[{"embeddable":true,"href":"https:\/\/regiaonews.net.br\/2022\/wp-json\/wp\/v2\/media\/100196"}],"wp:attachment":[{"href":"https:\/\/regiaonews.net.br\/2022\/wp-json\/wp\/v2\/media?parent=100195"}],"wp:term":[{"taxonomy":"category","embeddable":true,"href":"https:\/\/regiaonews.net.br\/2022\/wp-json\/wp\/v2\/categories?post=100195"},{"taxonomy":"post_tag","embeddable":true,"href":"https:\/\/regiaonews.net.br\/2022\/wp-json\/wp\/v2\/tags?post=100195"}],"curies":[{"name":"wp","href":"https:\/\/api.w.org\/{rel}","templated":true}]}}