{"id":100185,"date":"2024-01-15T18:05:02","date_gmt":"2024-01-15T21:05:02","guid":{"rendered":"https:\/\/regiaonews.net.br\/2022\/?p=100185"},"modified":"2024-01-15T18:05:02","modified_gmt":"2024-01-15T21:05:02","slug":"entrega-dos-carnes-do-iptu-2024-tem-inicio-nesta-semana","status":"publish","type":"post","link":"https:\/\/regiaonews.net.br\/2022\/2024\/01\/15\/entrega-dos-carnes-do-iptu-2024-tem-inicio-nesta-semana\/","title":{"rendered":"Entrega dos carn\u00eas do IPTU 2024 tem in\u00edcio nesta semana"},"content":{"rendered":"<p>Primeira parcela ou cota \u00fanica do tributo vence em 29 de fevereiro<\/p>\n<p>A Prefeitura da Est\u00e2ncia Tur\u00edstica de Barretos, por meio da Secretaria Municipal de Finan\u00e7as, informa que a distribui\u00e7\u00e3o dos carn\u00eas do Imposto Predial e Territorial Urbano (IPTU) 2024 pelos Correios est\u00e1 prevista para iniciar nesta ter\u00e7a-feira, 16 de janeiro. Ao todo, 62.852 mil tal\u00f5es ser\u00e3o entregues nas resid\u00eancias dos contribuintes barretenses neste ano.<br \/>\nDe acordo com Jaqueline Pacheco Lad\u00e1rio, Chefe do Departamento da Receita, os Correios ter\u00e3o mais de um m\u00eas para realizar as entregas antes do vencimento da primeira parcela do tributo ou da cota \u00fanica com desconto, que ocorre no dia 29 de fevereiro. \u201cOs carn\u00eas chegaram \u00e0 ag\u00eancia na sexta-feira passada e j\u00e1 est\u00e3o sendo separados para a distribui\u00e7\u00e3o. Este tributo \u00e9 muito importante para a manuten\u00e7\u00e3o de diversos servi\u00e7os do munic\u00edpio e o pagamento em dia garante ao contribuinte uma s\u00e9rie de descontos. Por isso, fique atento \u00e0s condi\u00e7\u00f5es de pagamento e prazos\u201d, explicou.<br \/>\nCaso o contribuinte n\u00e3o receba o tal\u00e3o at\u00e9 uma semana antes do vencimento basta acessar o site da prefeitura pelo link https:\/\/cidadaoonline.barretos.sp.gov.br\/app\/pages\/pages-menu e imprimir o boleto, solicitar pelo whatsapp da Secretaria Municipal de Finan\u00e7as no (17) 98199-3558 ou comparecer ao Poupatempo, localizado no North Shopping Barretos. Neste ano, quem optou pelo carn\u00ea digital tamb\u00e9m receber\u00e1 a vers\u00e3o impressa.<\/p>\n<p>Formas de pagamento e descontos<br \/>\nNo pagamento da Cota \u00danica o contribuinte ter\u00e1 automaticamente 10% de desconto. Caso o im\u00f3vel esteja sem d\u00e9bitos junto \u00e0 D\u00edvida Ativa municipal, o valor do imposto poder\u00e1 ter mais 15% de desconto.<br \/>\nAl\u00e9m disso, aqueles im\u00f3veis que obtiveram descontos complementares por possu\u00edrem \u00e1rvore na cal\u00e7ada, numera\u00e7\u00e3o, hidr\u00f4metro e rel\u00f3gio de energia de f\u00e1cil visualiza\u00e7\u00e3o, lixeira, caixa de correios e ado\u00e7\u00e3o de animal na ABA (solicitados at\u00e9 31 de outubro de 2023) podem ter descontos de aproximadamente 25%.<br \/>\nPara o optante pelo parcelamento em 11 presta\u00e7\u00f5es tamb\u00e9m h\u00e1 benef\u00edcios para o pagamento em dia. Nesse caso, os contribuintes ter\u00e3o 5% de desconto em cada parcela paga at\u00e9 o vencimento (o valor com o benef\u00edcio j\u00e1 vem impresso no carn\u00ea). Tamb\u00e9m poder\u00e3o receber at\u00e9 10% de descontos complementares e 2,5% por ado\u00e7\u00e3o de animal na ABA, desde que tenham solicitado o benef\u00edcio no prazo estipulado, em 2023.<br \/>\nO pagamento pode ser realizado em qualquer ag\u00eancia banc\u00e1ria, aplicativos de celular\/tablet vinculados ao banco utilizando o carn\u00ea, boleto banc\u00e1rio enviado via e-mail para quem se cadastrou para receber o IPTU Digital, ou DDA (D\u00e9bito Direto Autorizado), se o im\u00f3vel estiver vinculado ao mesmo CPF do titular da conta banc\u00e1ria.<\/p>\n<p>D\u00favidas e atualiza\u00e7\u00e3o de endere\u00e7os<br \/>\nO contribuinte que tiver d\u00favidas referentes ao valor do tributo deve solicitar revis\u00e3o de valor venal por meio de Processo Administrativo. O pedido tem prazo de 20 dias ap\u00f3s a data do recebimento do carn\u00ea para ser protocolado no Poupatempo.<br \/>\nPara o exerc\u00edcio de 2024, o IPTU teve uma atualiza\u00e7\u00e3o de 4,82%, baseada no IPCA (\u00cdndice Nacional de Pre\u00e7os ao Consumidor Amplo) medido de novembro de 2022 a outubro de 2023.<br \/>\nNos casos de aquisi\u00e7\u00e3o de im\u00f3vel em que o nome do propriet\u00e1rio ou endere\u00e7o de correspond\u00eancia esteja desatualizado, o mun\u00edcipe deve comparecer ao Pa\u00e7o Municipal ou Poupatempo ou encaminhar o contrato pelo WhatsApp (17) 98199-3558 para atualiza\u00e7\u00e3o cadastral.<\/p>\n","protected":false},"excerpt":{"rendered":"<p>Primeira parcela ou cota \u00fanica do tributo vence em 29<\/p>\n","protected":false},"author":2,"featured_media":100186,"comment_status":"open","ping_status":"open","sticky":false,"template":"","format":"standard","meta":{"footnotes":""},"categories":[14,25],"tags":[],"class_list":["post-100185","post","type-post","status-publish","format-standard","has-post-thumbnail","hentry","category-barretos","category-cidades"],"yoast_head":"<!-- This site is optimized with the Yoast SEO plugin v27.4 - https:\/\/yoast.com\/product\/yoast-seo-wordpress\/ -->\n<title>Entrega dos carn\u00eas do IPTU 2024 tem in\u00edcio nesta semana - Regi\u00e3o News<\/title>\n<meta name=\"robots\" content=\"index, follow, max-snippet:-1, max-image-preview:large, max-video-preview:-1\" \/>\n<link rel=\"canonical\" href=\"https:\/\/regiaonews.net.br\/2022\/2024\/01\/15\/entrega-dos-carnes-do-iptu-2024-tem-inicio-nesta-semana\/\" \/>\n<meta property=\"og:locale\" content=\"pt_BR\" \/>\n<meta property=\"og:type\" content=\"article\" \/>\n<meta property=\"og:title\" content=\"Entrega dos carn\u00eas do IPTU 2024 tem in\u00edcio nesta semana - Regi\u00e3o News\" \/>\n<meta property=\"og:description\" content=\"Primeira parcela ou cota \u00fanica do tributo vence em 29\" \/>\n<meta property=\"og:url\" content=\"https:\/\/regiaonews.net.br\/2022\/2024\/01\/15\/entrega-dos-carnes-do-iptu-2024-tem-inicio-nesta-semana\/\" \/>\n<meta property=\"og:site_name\" content=\"Regi\u00e3o News\" \/>\n<meta property=\"article:published_time\" content=\"2024-01-15T21:05:02+00:00\" \/>\n<meta property=\"og:image\" content=\"https:\/\/regiaonews.net.br\/2022\/wp-content\/uploads\/2024\/01\/WhatsApp-Image-2024-01-15-at-16.24.26.jpeg\" \/>\n\t<meta property=\"og:image:width\" content=\"1024\" \/>\n\t<meta property=\"og:image:height\" content=\"768\" \/>\n\t<meta property=\"og:image:type\" content=\"image\/jpeg\" \/>\n<meta name=\"author\" content=\"Roberto\" \/>\n<meta name=\"twitter:card\" content=\"summary_large_image\" \/>\n<meta name=\"twitter:label1\" content=\"Escrito por\" \/>\n\t<meta name=\"twitter:data1\" content=\"Roberto\" \/>\n\t<meta name=\"twitter:label2\" content=\"Est. tempo de leitura\" \/>\n\t<meta name=\"twitter:data2\" content=\"4 minutos\" \/>\n<script type=\"application\/ld+json\" class=\"yoast-schema-graph\">{\"@context\":\"https:\\\/\\\/schema.org\",\"@graph\":[{\"@type\":\"Article\",\"@id\":\"https:\\\/\\\/regiaonews.net.br\\\/2022\\\/2024\\\/01\\\/15\\\/entrega-dos-carnes-do-iptu-2024-tem-inicio-nesta-semana\\\/#article\",\"isPartOf\":{\"@id\":\"https:\\\/\\\/regiaonews.net.br\\\/2022\\\/2024\\\/01\\\/15\\\/entrega-dos-carnes-do-iptu-2024-tem-inicio-nesta-semana\\\/\"},\"author\":{\"name\":\"Roberto\",\"@id\":\"https:\\\/\\\/regiaonews.net.br\\\/2022\\\/#\\\/schema\\\/person\\\/2d205a608a5aa97ac279d7a5e6d89ad8\"},\"headline\":\"Entrega dos carn\u00eas do IPTU 2024 tem in\u00edcio nesta semana\",\"datePublished\":\"2024-01-15T21:05:02+00:00\",\"mainEntityOfPage\":{\"@id\":\"https:\\\/\\\/regiaonews.net.br\\\/2022\\\/2024\\\/01\\\/15\\\/entrega-dos-carnes-do-iptu-2024-tem-inicio-nesta-semana\\\/\"},\"wordCount\":599,\"commentCount\":0,\"publisher\":{\"@id\":\"https:\\\/\\\/regiaonews.net.br\\\/2022\\\/#organization\"},\"image\":{\"@id\":\"https:\\\/\\\/regiaonews.net.br\\\/2022\\\/2024\\\/01\\\/15\\\/entrega-dos-carnes-do-iptu-2024-tem-inicio-nesta-semana\\\/#primaryimage\"},\"thumbnailUrl\":\"https:\\\/\\\/regiaonews.net.br\\\/2022\\\/wp-content\\\/uploads\\\/2024\\\/01\\\/WhatsApp-Image-2024-01-15-at-16.24.26.jpeg\",\"articleSection\":[\"Barretos\",\"Cidades\"],\"inLanguage\":\"pt-BR\",\"potentialAction\":[{\"@type\":\"CommentAction\",\"name\":\"Comment\",\"target\":[\"https:\\\/\\\/regiaonews.net.br\\\/2022\\\/2024\\\/01\\\/15\\\/entrega-dos-carnes-do-iptu-2024-tem-inicio-nesta-semana\\\/#respond\"]}]},{\"@type\":\"WebPage\",\"@id\":\"https:\\\/\\\/regiaonews.net.br\\\/2022\\\/2024\\\/01\\\/15\\\/entrega-dos-carnes-do-iptu-2024-tem-inicio-nesta-semana\\\/\",\"url\":\"https:\\\/\\\/regiaonews.net.br\\\/2022\\\/2024\\\/01\\\/15\\\/entrega-dos-carnes-do-iptu-2024-tem-inicio-nesta-semana\\\/\",\"name\":\"Entrega dos carn\u00eas do IPTU 2024 tem in\u00edcio nesta semana - Regi\u00e3o News\",\"isPartOf\":{\"@id\":\"https:\\\/\\\/regiaonews.net.br\\\/2022\\\/#website\"},\"primaryImageOfPage\":{\"@id\":\"https:\\\/\\\/regiaonews.net.br\\\/2022\\\/2024\\\/01\\\/15\\\/entrega-dos-carnes-do-iptu-2024-tem-inicio-nesta-semana\\\/#primaryimage\"},\"image\":{\"@id\":\"https:\\\/\\\/regiaonews.net.br\\\/2022\\\/2024\\\/01\\\/15\\\/entrega-dos-carnes-do-iptu-2024-tem-inicio-nesta-semana\\\/#primaryimage\"},\"thumbnailUrl\":\"https:\\\/\\\/regiaonews.net.br\\\/2022\\\/wp-content\\\/uploads\\\/2024\\\/01\\\/WhatsApp-Image-2024-01-15-at-16.24.26.jpeg\",\"datePublished\":\"2024-01-15T21:05:02+00:00\",\"breadcrumb\":{\"@id\":\"https:\\\/\\\/regiaonews.net.br\\\/2022\\\/2024\\\/01\\\/15\\\/entrega-dos-carnes-do-iptu-2024-tem-inicio-nesta-semana\\\/#breadcrumb\"},\"inLanguage\":\"pt-BR\",\"potentialAction\":[{\"@type\":\"ReadAction\",\"target\":[\"https:\\\/\\\/regiaonews.net.br\\\/2022\\\/2024\\\/01\\\/15\\\/entrega-dos-carnes-do-iptu-2024-tem-inicio-nesta-semana\\\/\"]}]},{\"@type\":\"ImageObject\",\"inLanguage\":\"pt-BR\",\"@id\":\"https:\\\/\\\/regiaonews.net.br\\\/2022\\\/2024\\\/01\\\/15\\\/entrega-dos-carnes-do-iptu-2024-tem-inicio-nesta-semana\\\/#primaryimage\",\"url\":\"https:\\\/\\\/regiaonews.net.br\\\/2022\\\/wp-content\\\/uploads\\\/2024\\\/01\\\/WhatsApp-Image-2024-01-15-at-16.24.26.jpeg\",\"contentUrl\":\"https:\\\/\\\/regiaonews.net.br\\\/2022\\\/wp-content\\\/uploads\\\/2024\\\/01\\\/WhatsApp-Image-2024-01-15-at-16.24.26.jpeg\",\"width\":1024,\"height\":768},{\"@type\":\"BreadcrumbList\",\"@id\":\"https:\\\/\\\/regiaonews.net.br\\\/2022\\\/2024\\\/01\\\/15\\\/entrega-dos-carnes-do-iptu-2024-tem-inicio-nesta-semana\\\/#breadcrumb\",\"itemListElement\":[{\"@type\":\"ListItem\",\"position\":1,\"name\":\"In\u00edcio\",\"item\":\"https:\\\/\\\/regiaonews.net.br\\\/2022\\\/\"},{\"@type\":\"ListItem\",\"position\":2,\"name\":\"Entrega dos carn\u00eas do IPTU 2024 tem in\u00edcio nesta semana\"}]},{\"@type\":\"WebSite\",\"@id\":\"https:\\\/\\\/regiaonews.net.br\\\/2022\\\/#website\",\"url\":\"https:\\\/\\\/regiaonews.net.br\\\/2022\\\/\",\"name\":\"Regi\u00e3o News\",\"description\":\"Site de Not\u00edcias de Barretos e regi\u00e3o\",\"publisher\":{\"@id\":\"https:\\\/\\\/regiaonews.net.br\\\/2022\\\/#organization\"},\"potentialAction\":[{\"@type\":\"SearchAction\",\"target\":{\"@type\":\"EntryPoint\",\"urlTemplate\":\"https:\\\/\\\/regiaonews.net.br\\\/2022\\\/?s={search_term_string}\"},\"query-input\":{\"@type\":\"PropertyValueSpecification\",\"valueRequired\":true,\"valueName\":\"search_term_string\"}}],\"inLanguage\":\"pt-BR\"},{\"@type\":\"Organization\",\"@id\":\"https:\\\/\\\/regiaonews.net.br\\\/2022\\\/#organization\",\"name\":\"Regi\u00e3o News\",\"url\":\"https:\\\/\\\/regiaonews.net.br\\\/2022\\\/\",\"logo\":{\"@type\":\"ImageObject\",\"inLanguage\":\"pt-BR\",\"@id\":\"https:\\\/\\\/regiaonews.net.br\\\/2022\\\/#\\\/schema\\\/logo\\\/image\\\/\",\"url\":\"https:\\\/\\\/regiaonews.net.br\\\/2022\\\/wp-content\\\/uploads\\\/2026\\\/03\\\/regiao-13-anos-scaled.jpg\",\"contentUrl\":\"https:\\\/\\\/regiaonews.net.br\\\/2022\\\/wp-content\\\/uploads\\\/2026\\\/03\\\/regiao-13-anos-scaled.jpg\",\"width\":2560,\"height\":635,\"caption\":\"Regi\u00e3o News\"},\"image\":{\"@id\":\"https:\\\/\\\/regiaonews.net.br\\\/2022\\\/#\\\/schema\\\/logo\\\/image\\\/\"}},{\"@type\":\"Person\",\"@id\":\"https:\\\/\\\/regiaonews.net.br\\\/2022\\\/#\\\/schema\\\/person\\\/2d205a608a5aa97ac279d7a5e6d89ad8\",\"name\":\"Roberto\",\"image\":{\"@type\":\"ImageObject\",\"inLanguage\":\"pt-BR\",\"@id\":\"https:\\\/\\\/secure.gravatar.com\\\/avatar\\\/42749d8b712ff9d59ca93dc150494e5b55a44134482993f5baeb97e61b7ecc89?s=96&d=mm&r=g\",\"url\":\"https:\\\/\\\/secure.gravatar.com\\\/avatar\\\/42749d8b712ff9d59ca93dc150494e5b55a44134482993f5baeb97e61b7ecc89?s=96&d=mm&r=g\",\"contentUrl\":\"https:\\\/\\\/secure.gravatar.com\\\/avatar\\\/42749d8b712ff9d59ca93dc150494e5b55a44134482993f5baeb97e61b7ecc89?s=96&d=mm&r=g\",\"caption\":\"Roberto\"},\"url\":\"https:\\\/\\\/regiaonews.net.br\\\/2022\\\/author\\\/roberto\\\/\"}]}<\/script>\n<!-- \/ Yoast SEO plugin. -->","yoast_head_json":{"title":"Entrega dos carn\u00eas do IPTU 2024 tem in\u00edcio nesta semana - Regi\u00e3o News","robots":{"index":"index","follow":"follow","max-snippet":"max-snippet:-1","max-image-preview":"max-image-preview:large","max-video-preview":"max-video-preview:-1"},"canonical":"https:\/\/regiaonews.net.br\/2022\/2024\/01\/15\/entrega-dos-carnes-do-iptu-2024-tem-inicio-nesta-semana\/","og_locale":"pt_BR","og_type":"article","og_title":"Entrega dos carn\u00eas do IPTU 2024 tem in\u00edcio nesta semana - Regi\u00e3o News","og_description":"Primeira parcela ou cota \u00fanica do tributo vence em 29","og_url":"https:\/\/regiaonews.net.br\/2022\/2024\/01\/15\/entrega-dos-carnes-do-iptu-2024-tem-inicio-nesta-semana\/","og_site_name":"Regi\u00e3o News","article_published_time":"2024-01-15T21:05:02+00:00","og_image":[{"width":1024,"height":768,"url":"https:\/\/regiaonews.net.br\/2022\/wp-content\/uploads\/2024\/01\/WhatsApp-Image-2024-01-15-at-16.24.26.jpeg","type":"image\/jpeg"}],"author":"Roberto","twitter_card":"summary_large_image","twitter_misc":{"Escrito por":"Roberto","Est. tempo de leitura":"4 minutos"},"schema":{"@context":"https:\/\/schema.org","@graph":[{"@type":"Article","@id":"https:\/\/regiaonews.net.br\/2022\/2024\/01\/15\/entrega-dos-carnes-do-iptu-2024-tem-inicio-nesta-semana\/#article","isPartOf":{"@id":"https:\/\/regiaonews.net.br\/2022\/2024\/01\/15\/entrega-dos-carnes-do-iptu-2024-tem-inicio-nesta-semana\/"},"author":{"name":"Roberto","@id":"https:\/\/regiaonews.net.br\/2022\/#\/schema\/person\/2d205a608a5aa97ac279d7a5e6d89ad8"},"headline":"Entrega dos carn\u00eas do IPTU 2024 tem in\u00edcio nesta semana","datePublished":"2024-01-15T21:05:02+00:00","mainEntityOfPage":{"@id":"https:\/\/regiaonews.net.br\/2022\/2024\/01\/15\/entrega-dos-carnes-do-iptu-2024-tem-inicio-nesta-semana\/"},"wordCount":599,"commentCount":0,"publisher":{"@id":"https:\/\/regiaonews.net.br\/2022\/#organization"},"image":{"@id":"https:\/\/regiaonews.net.br\/2022\/2024\/01\/15\/entrega-dos-carnes-do-iptu-2024-tem-inicio-nesta-semana\/#primaryimage"},"thumbnailUrl":"https:\/\/regiaonews.net.br\/2022\/wp-content\/uploads\/2024\/01\/WhatsApp-Image-2024-01-15-at-16.24.26.jpeg","articleSection":["Barretos","Cidades"],"inLanguage":"pt-BR","potentialAction":[{"@type":"CommentAction","name":"Comment","target":["https:\/\/regiaonews.net.br\/2022\/2024\/01\/15\/entrega-dos-carnes-do-iptu-2024-tem-inicio-nesta-semana\/#respond"]}]},{"@type":"WebPage","@id":"https:\/\/regiaonews.net.br\/2022\/2024\/01\/15\/entrega-dos-carnes-do-iptu-2024-tem-inicio-nesta-semana\/","url":"https:\/\/regiaonews.net.br\/2022\/2024\/01\/15\/entrega-dos-carnes-do-iptu-2024-tem-inicio-nesta-semana\/","name":"Entrega dos carn\u00eas do IPTU 2024 tem in\u00edcio nesta semana - Regi\u00e3o News","isPartOf":{"@id":"https:\/\/regiaonews.net.br\/2022\/#website"},"primaryImageOfPage":{"@id":"https:\/\/regiaonews.net.br\/2022\/2024\/01\/15\/entrega-dos-carnes-do-iptu-2024-tem-inicio-nesta-semana\/#primaryimage"},"image":{"@id":"https:\/\/regiaonews.net.br\/2022\/2024\/01\/15\/entrega-dos-carnes-do-iptu-2024-tem-inicio-nesta-semana\/#primaryimage"},"thumbnailUrl":"https:\/\/regiaonews.net.br\/2022\/wp-content\/uploads\/2024\/01\/WhatsApp-Image-2024-01-15-at-16.24.26.jpeg","datePublished":"2024-01-15T21:05:02+00:00","breadcrumb":{"@id":"https:\/\/regiaonews.net.br\/2022\/2024\/01\/15\/entrega-dos-carnes-do-iptu-2024-tem-inicio-nesta-semana\/#breadcrumb"},"inLanguage":"pt-BR","potentialAction":[{"@type":"ReadAction","target":["https:\/\/regiaonews.net.br\/2022\/2024\/01\/15\/entrega-dos-carnes-do-iptu-2024-tem-inicio-nesta-semana\/"]}]},{"@type":"ImageObject","inLanguage":"pt-BR","@id":"https:\/\/regiaonews.net.br\/2022\/2024\/01\/15\/entrega-dos-carnes-do-iptu-2024-tem-inicio-nesta-semana\/#primaryimage","url":"https:\/\/regiaonews.net.br\/2022\/wp-content\/uploads\/2024\/01\/WhatsApp-Image-2024-01-15-at-16.24.26.jpeg","contentUrl":"https:\/\/regiaonews.net.br\/2022\/wp-content\/uploads\/2024\/01\/WhatsApp-Image-2024-01-15-at-16.24.26.jpeg","width":1024,"height":768},{"@type":"BreadcrumbList","@id":"https:\/\/regiaonews.net.br\/2022\/2024\/01\/15\/entrega-dos-carnes-do-iptu-2024-tem-inicio-nesta-semana\/#breadcrumb","itemListElement":[{"@type":"ListItem","position":1,"name":"In\u00edcio","item":"https:\/\/regiaonews.net.br\/2022\/"},{"@type":"ListItem","position":2,"name":"Entrega dos carn\u00eas do IPTU 2024 tem in\u00edcio nesta semana"}]},{"@type":"WebSite","@id":"https:\/\/regiaonews.net.br\/2022\/#website","url":"https:\/\/regiaonews.net.br\/2022\/","name":"Regi\u00e3o News","description":"Site de Not\u00edcias de Barretos e regi\u00e3o","publisher":{"@id":"https:\/\/regiaonews.net.br\/2022\/#organization"},"potentialAction":[{"@type":"SearchAction","target":{"@type":"EntryPoint","urlTemplate":"https:\/\/regiaonews.net.br\/2022\/?s={search_term_string}"},"query-input":{"@type":"PropertyValueSpecification","valueRequired":true,"valueName":"search_term_string"}}],"inLanguage":"pt-BR"},{"@type":"Organization","@id":"https:\/\/regiaonews.net.br\/2022\/#organization","name":"Regi\u00e3o News","url":"https:\/\/regiaonews.net.br\/2022\/","logo":{"@type":"ImageObject","inLanguage":"pt-BR","@id":"https:\/\/regiaonews.net.br\/2022\/#\/schema\/logo\/image\/","url":"https:\/\/regiaonews.net.br\/2022\/wp-content\/uploads\/2026\/03\/regiao-13-anos-scaled.jpg","contentUrl":"https:\/\/regiaonews.net.br\/2022\/wp-content\/uploads\/2026\/03\/regiao-13-anos-scaled.jpg","width":2560,"height":635,"caption":"Regi\u00e3o News"},"image":{"@id":"https:\/\/regiaonews.net.br\/2022\/#\/schema\/logo\/image\/"}},{"@type":"Person","@id":"https:\/\/regiaonews.net.br\/2022\/#\/schema\/person\/2d205a608a5aa97ac279d7a5e6d89ad8","name":"Roberto","image":{"@type":"ImageObject","inLanguage":"pt-BR","@id":"https:\/\/secure.gravatar.com\/avatar\/42749d8b712ff9d59ca93dc150494e5b55a44134482993f5baeb97e61b7ecc89?s=96&d=mm&r=g","url":"https:\/\/secure.gravatar.com\/avatar\/42749d8b712ff9d59ca93dc150494e5b55a44134482993f5baeb97e61b7ecc89?s=96&d=mm&r=g","contentUrl":"https:\/\/secure.gravatar.com\/avatar\/42749d8b712ff9d59ca93dc150494e5b55a44134482993f5baeb97e61b7ecc89?s=96&d=mm&r=g","caption":"Roberto"},"url":"https:\/\/regiaonews.net.br\/2022\/author\/roberto\/"}]}},"publishpress_future_action":{"enabled":false,"date":"2026-05-04 03:17:36","action":"change-status","newStatus":"draft","terms":[],"taxonomy":"category","extraData":[]},"publishpress_future_workflow_manual_trigger":{"enabledWorkflows":[]},"_links":{"self":[{"href":"https:\/\/regiaonews.net.br\/2022\/wp-json\/wp\/v2\/posts\/100185","targetHints":{"allow":["GET"]}}],"collection":[{"href":"https:\/\/regiaonews.net.br\/2022\/wp-json\/wp\/v2\/posts"}],"about":[{"href":"https:\/\/regiaonews.net.br\/2022\/wp-json\/wp\/v2\/types\/post"}],"author":[{"embeddable":true,"href":"https:\/\/regiaonews.net.br\/2022\/wp-json\/wp\/v2\/users\/2"}],"replies":[{"embeddable":true,"href":"https:\/\/regiaonews.net.br\/2022\/wp-json\/wp\/v2\/comments?post=100185"}],"version-history":[{"count":1,"href":"https:\/\/regiaonews.net.br\/2022\/wp-json\/wp\/v2\/posts\/100185\/revisions"}],"predecessor-version":[{"id":100187,"href":"https:\/\/regiaonews.net.br\/2022\/wp-json\/wp\/v2\/posts\/100185\/revisions\/100187"}],"wp:featuredmedia":[{"embeddable":true,"href":"https:\/\/regiaonews.net.br\/2022\/wp-json\/wp\/v2\/media\/100186"}],"wp:attachment":[{"href":"https:\/\/regiaonews.net.br\/2022\/wp-json\/wp\/v2\/media?parent=100185"}],"wp:term":[{"taxonomy":"category","embeddable":true,"href":"https:\/\/regiaonews.net.br\/2022\/wp-json\/wp\/v2\/categories?post=100185"},{"taxonomy":"post_tag","embeddable":true,"href":"https:\/\/regiaonews.net.br\/2022\/wp-json\/wp\/v2\/tags?post=100185"}],"curies":[{"name":"wp","href":"https:\/\/api.w.org\/{rel}","templated":true}]}}