{"id":100173,"date":"2024-01-15T12:43:36","date_gmt":"2024-01-15T15:43:36","guid":{"rendered":"https:\/\/regiaonews.net.br\/2022\/?p=100173"},"modified":"2024-01-15T12:43:36","modified_gmt":"2024-01-15T15:43:36","slug":"acib-e-sincomercio-lancam-pesquisas-empresario-e-empresaria-do-ano-e-destaques-do-comercio-2024","status":"publish","type":"post","link":"https:\/\/regiaonews.net.br\/2022\/2024\/01\/15\/acib-e-sincomercio-lancam-pesquisas-empresario-e-empresaria-do-ano-e-destaques-do-comercio-2024\/","title":{"rendered":"ACIB e Sincomercio lan\u00e7am Pesquisas Empres\u00e1rio e Empres\u00e1ria do Ano e Destaques do Comercio 2024"},"content":{"rendered":"<p>Encontro tamb\u00e9m anunciou a data do Jantar de homenagens deste ano e um show surpresa para a ocasi\u00e3o<br \/>\nA Associa\u00e7\u00e3o Comercial e Industrial de Barretos- ACIB e o Sindicato do Com\u00e9rcio Varejista \u2013 Sincomercio lan\u00e7aram as pesquisas Destaques do Com\u00e9rcio e Empres\u00e1rio e Empres\u00e1ria do Ano 2024 na manh\u00e3 desta segunda- feira, 15 de janeiro, durante coletiva, realizada na sede da ACIB. As pesquisas deste ano ser\u00e3o realizadas em vers\u00e3o on-line e f\u00edsica, com vota\u00e7\u00e3o at\u00e9 o dia 15 de mar\u00e7o\/2024 e divulga\u00e7\u00e3o dos resultados marcada para o dia 27 de mar\u00e7o. Durante o encontro tamb\u00e9m foi anunciada a data do jantar de homenagens para o dia 6 de julho deste ano.<br \/>\nParticiparam da coletiva o presidente do Sincomerio, Roberto Arutim, o diretor da ACIB e presidente da C\u00e2mara dos dirigentes Lojistas \u2013 CDL, Andr\u00e9 Peroni \u00c2ngelo, e os diretores da ACIB, Jo\u00e3o Carolos Ribeiro e Marcelo miziara.<br \/>\nPara responder as pesquisas \u00e9 preciso acessar o link dispon\u00edvel nas redes sociais e no site da ACIB: http:\/\/pesquisa.acibarretos.com.br\/.<br \/>\nA pesquisa Destaques do Com\u00e9rcio est\u00e1 estruturada em cerca de 220 categorias que cobrem a variedade das especialidades das lojas dentro de cada segmento de atua\u00e7\u00e3o no com\u00e9rcio e ind\u00fastria, e permite ainda o levantamento do perfil dos eleitores, que poder\u00e1 contribuir com os lojistas associados.<br \/>\nA pesquisa Empres\u00e1rio e Empres\u00e1rio do ano est\u00e1 dispon\u00edvel pelo mesmo link e material f\u00edsico e permite, mais uma vez, escolher duas personalidades que se destacaram no setor no ano de 2024.O material tem lista com nomes sugeridos randomizada, mudando a ordem das categorias cada vez que ela for aberta.<br \/>\nEste ano a pesquisa segue com a data 2024, suprimindo 2023, a fim de normalizar uma lacuna provocada nos anos de pandemia da COVID -19, conforme explica o presidente do Sincomercio, Roberto Arutim \u201cVamos nomear as pesquisas com o ano em que s\u00e3o realizadas, assim fica mais f\u00e1cil o entendimento e melhora a visibilidade\u201d, disse.<br \/>\nRealizadas em 2024 em dois formatos, on-line e f\u00edsico, as pesquisam visam atender uma demanda dos associados da ACIB e ao mesmo tempo permitir um maior acesso ao p\u00fablico em geral, possibilitando que as pessoas respondam onde, quando e em quem quiserem, conforme explica o diretor da ACIB, Andr\u00e9 Peroni \u00c2ngelo \u201cAs pesquisas que come\u00e7am hoje e tem como data final dia 15 de mar\u00e7o s\u00e3o as \u00fanicas pesquisas da ACIB e v\u00e3o apontar as empresas e empres\u00e1rios mais lembrados de Barretos. A realiza\u00e7\u00e3o em dois formatos vai garantir uma maior acesso tanto aos associados quanto \u00e0 popula\u00e7\u00e3o em geral. \u201d disse,<\/p>\n<p>Jantar Empres\u00e1rio e Empres\u00e1ria do Ano e Destaques do Com\u00e9rcio 2024<br \/>\nConsiderada a noite de gala do com\u00e9rcio e ind\u00fastria de Barretos, a noite est\u00e1 marcada para o dia 6 de julho\/2024 no Espa\u00e7o Berrant\u00e3o.<br \/>\nA cerim\u00f4nia \u00e9 esperada e vai homenagear as personalidades e empresas apontadas na pesquisa com entrega de trof\u00e9us, jantar e show, conforme explicou o presidente do Sincomercio, Roberto Arutim \u201c\u00c9 um evento muito aguardado porque nele temos as homenagens \u00e0s empresas e empres\u00e1rios mais lembrados. As entidades do com\u00e9rcio tem esse evento como o nosso Oscar do com\u00e9rcio e ind\u00fastria de Barretos e nada mais que justo. As pesquisas s\u00e3o verdadeiras, tem credibilidade e nos d\u00e3o, \u00e0s entidades do com\u00e9rcio, a responsabilidade de a cada ano ficarem melhor, tanto a pesquisa quanto a entrega do trof\u00e9u\u201d, disse.<br \/>\nArutim ainda anunciou uma surpresa para o jantar, que ser\u00e1 revelada em breve \u201cEstamos preparando um show surpresa com uma banda de grande renome. O show deste ano ser\u00e1 inesquec\u00edvel\u201d, anunciou.<\/p>\n<p>Funcionamento das Pesquisas:<br \/>\nDestaques do Com\u00e9rcio<br \/>\nSer\u00e1 solicitado o cadastro somente no primeiro acesso e, ap\u00f3s concedida a permiss\u00e3o, o votante poder\u00e1 votar em quais categorias optar, no entanto ser\u00e1 permitido SOMENTE um \u00fanico voto e cada categoria.<br \/>\nPara facilitar o preenchimento o votante pode interromper e reiniciar a vota\u00e7\u00e3o em outro momento, quanto tempo quantas vezes quiser.<\/p>\n<p>Empres\u00e1ria e Empres\u00e1rio do ano<br \/>\nNessa pesquisa, como ocorria em anos anteriores s\u00e3o sugeridos alguns nomes para serem homenageados. Este ano, na vers\u00e3o on-line, \u00e9 poss\u00edvel a sugest\u00e3o de umoutro nome que n\u00e3o esteja presente na lista. Nesse caso ser\u00e1 apresentada uma lista de exclus\u00e3o, com os nomes de homenageados em anos anteriores, para que n\u00e3o sejam indicados novamente.<\/p>\n<p>Reda\u00e7\u00e3o: Glaucia Chiarelli MTB\/ SP 72458<\/p>\n<p>Foto 1:Marcelo Miziara \u2013 diretor da ACIB, Bruno Aur\u00e9lio- gerente de vendas ACIB, Glaucia Chiarelli \u2013 jornalista, Roberto Arutim \u2013 presidente do Sincomercio, Jo\u00e3o Carlos Ribeiro- diretor da ACIB.<br \/>\nFotos 2, 3 e 4: Marcelo Miziara \u2013 diretor da ACIB, Roberto Arutim \u2013 presidente do Sincomercio, Jo\u00e3o Carlos Ribeiro- diretor\u00a0da\u00a0ACIB.<\/p>\n","protected":false},"excerpt":{"rendered":"<p>Encontro tamb\u00e9m anunciou a data do Jantar de homenagens deste<\/p>\n","protected":false},"author":2,"featured_media":100174,"comment_status":"open","ping_status":"open","sticky":false,"template":"","format":"standard","meta":{"footnotes":""},"categories":[14,3],"tags":[],"class_list":["post-100173","post","type-post","status-publish","format-standard","has-post-thumbnail","hentry","category-barretos","category-geral"],"yoast_head":"<!-- This site is optimized with the Yoast SEO plugin v27.4 - https:\/\/yoast.com\/product\/yoast-seo-wordpress\/ -->\n<title>ACIB e Sincomercio lan\u00e7am Pesquisas Empres\u00e1rio e Empres\u00e1ria do Ano e Destaques do Comercio 2024 - Regi\u00e3o News<\/title>\n<meta name=\"robots\" content=\"index, follow, max-snippet:-1, max-image-preview:large, max-video-preview:-1\" \/>\n<link rel=\"canonical\" href=\"https:\/\/regiaonews.net.br\/2022\/2024\/01\/15\/acib-e-sincomercio-lancam-pesquisas-empresario-e-empresaria-do-ano-e-destaques-do-comercio-2024\/\" \/>\n<meta property=\"og:locale\" content=\"pt_BR\" \/>\n<meta property=\"og:type\" content=\"article\" \/>\n<meta property=\"og:title\" content=\"ACIB e Sincomercio lan\u00e7am Pesquisas Empres\u00e1rio e Empres\u00e1ria do Ano e Destaques do Comercio 2024 - Regi\u00e3o News\" \/>\n<meta property=\"og:description\" content=\"Encontro tamb\u00e9m anunciou a data do Jantar de homenagens deste\" \/>\n<meta property=\"og:url\" content=\"https:\/\/regiaonews.net.br\/2022\/2024\/01\/15\/acib-e-sincomercio-lancam-pesquisas-empresario-e-empresaria-do-ano-e-destaques-do-comercio-2024\/\" \/>\n<meta property=\"og:site_name\" content=\"Regi\u00e3o News\" \/>\n<meta property=\"article:published_time\" content=\"2024-01-15T15:43:36+00:00\" \/>\n<meta property=\"og:image\" content=\"https:\/\/regiaonews.net.br\/2022\/wp-content\/uploads\/2024\/01\/Imagem-do-WhatsApp-de-2024-01-15-as-11.14.25_c38035d8.jpg\" \/>\n\t<meta property=\"og:image:width\" content=\"1600\" \/>\n\t<meta property=\"og:image:height\" content=\"912\" \/>\n\t<meta property=\"og:image:type\" content=\"image\/jpeg\" \/>\n<meta name=\"author\" content=\"Roberto\" \/>\n<meta name=\"twitter:card\" content=\"summary_large_image\" \/>\n<meta name=\"twitter:label1\" content=\"Escrito por\" \/>\n\t<meta name=\"twitter:data1\" content=\"Roberto\" \/>\n\t<meta name=\"twitter:label2\" content=\"Est. tempo de leitura\" \/>\n\t<meta name=\"twitter:data2\" content=\"5 minutos\" \/>\n<script type=\"application\/ld+json\" class=\"yoast-schema-graph\">{\"@context\":\"https:\\\/\\\/schema.org\",\"@graph\":[{\"@type\":\"Article\",\"@id\":\"https:\\\/\\\/regiaonews.net.br\\\/2022\\\/2024\\\/01\\\/15\\\/acib-e-sincomercio-lancam-pesquisas-empresario-e-empresaria-do-ano-e-destaques-do-comercio-2024\\\/#article\",\"isPartOf\":{\"@id\":\"https:\\\/\\\/regiaonews.net.br\\\/2022\\\/2024\\\/01\\\/15\\\/acib-e-sincomercio-lancam-pesquisas-empresario-e-empresaria-do-ano-e-destaques-do-comercio-2024\\\/\"},\"author\":{\"name\":\"Roberto\",\"@id\":\"https:\\\/\\\/regiaonews.net.br\\\/2022\\\/#\\\/schema\\\/person\\\/2d205a608a5aa97ac279d7a5e6d89ad8\"},\"headline\":\"ACIB e Sincomercio lan\u00e7am Pesquisas Empres\u00e1rio e Empres\u00e1ria do Ano e Destaques do Comercio 2024\",\"datePublished\":\"2024-01-15T15:43:36+00:00\",\"mainEntityOfPage\":{\"@id\":\"https:\\\/\\\/regiaonews.net.br\\\/2022\\\/2024\\\/01\\\/15\\\/acib-e-sincomercio-lancam-pesquisas-empresario-e-empresaria-do-ano-e-destaques-do-comercio-2024\\\/\"},\"wordCount\":823,\"commentCount\":0,\"publisher\":{\"@id\":\"https:\\\/\\\/regiaonews.net.br\\\/2022\\\/#organization\"},\"image\":{\"@id\":\"https:\\\/\\\/regiaonews.net.br\\\/2022\\\/2024\\\/01\\\/15\\\/acib-e-sincomercio-lancam-pesquisas-empresario-e-empresaria-do-ano-e-destaques-do-comercio-2024\\\/#primaryimage\"},\"thumbnailUrl\":\"https:\\\/\\\/regiaonews.net.br\\\/2022\\\/wp-content\\\/uploads\\\/2024\\\/01\\\/Imagem-do-WhatsApp-de-2024-01-15-as-11.14.25_c38035d8.jpg\",\"articleSection\":[\"Barretos\",\"Geral\"],\"inLanguage\":\"pt-BR\",\"potentialAction\":[{\"@type\":\"CommentAction\",\"name\":\"Comment\",\"target\":[\"https:\\\/\\\/regiaonews.net.br\\\/2022\\\/2024\\\/01\\\/15\\\/acib-e-sincomercio-lancam-pesquisas-empresario-e-empresaria-do-ano-e-destaques-do-comercio-2024\\\/#respond\"]}]},{\"@type\":\"WebPage\",\"@id\":\"https:\\\/\\\/regiaonews.net.br\\\/2022\\\/2024\\\/01\\\/15\\\/acib-e-sincomercio-lancam-pesquisas-empresario-e-empresaria-do-ano-e-destaques-do-comercio-2024\\\/\",\"url\":\"https:\\\/\\\/regiaonews.net.br\\\/2022\\\/2024\\\/01\\\/15\\\/acib-e-sincomercio-lancam-pesquisas-empresario-e-empresaria-do-ano-e-destaques-do-comercio-2024\\\/\",\"name\":\"ACIB e Sincomercio lan\u00e7am Pesquisas Empres\u00e1rio e Empres\u00e1ria do Ano e Destaques do Comercio 2024 - Regi\u00e3o News\",\"isPartOf\":{\"@id\":\"https:\\\/\\\/regiaonews.net.br\\\/2022\\\/#website\"},\"primaryImageOfPage\":{\"@id\":\"https:\\\/\\\/regiaonews.net.br\\\/2022\\\/2024\\\/01\\\/15\\\/acib-e-sincomercio-lancam-pesquisas-empresario-e-empresaria-do-ano-e-destaques-do-comercio-2024\\\/#primaryimage\"},\"image\":{\"@id\":\"https:\\\/\\\/regiaonews.net.br\\\/2022\\\/2024\\\/01\\\/15\\\/acib-e-sincomercio-lancam-pesquisas-empresario-e-empresaria-do-ano-e-destaques-do-comercio-2024\\\/#primaryimage\"},\"thumbnailUrl\":\"https:\\\/\\\/regiaonews.net.br\\\/2022\\\/wp-content\\\/uploads\\\/2024\\\/01\\\/Imagem-do-WhatsApp-de-2024-01-15-as-11.14.25_c38035d8.jpg\",\"datePublished\":\"2024-01-15T15:43:36+00:00\",\"breadcrumb\":{\"@id\":\"https:\\\/\\\/regiaonews.net.br\\\/2022\\\/2024\\\/01\\\/15\\\/acib-e-sincomercio-lancam-pesquisas-empresario-e-empresaria-do-ano-e-destaques-do-comercio-2024\\\/#breadcrumb\"},\"inLanguage\":\"pt-BR\",\"potentialAction\":[{\"@type\":\"ReadAction\",\"target\":[\"https:\\\/\\\/regiaonews.net.br\\\/2022\\\/2024\\\/01\\\/15\\\/acib-e-sincomercio-lancam-pesquisas-empresario-e-empresaria-do-ano-e-destaques-do-comercio-2024\\\/\"]}]},{\"@type\":\"ImageObject\",\"inLanguage\":\"pt-BR\",\"@id\":\"https:\\\/\\\/regiaonews.net.br\\\/2022\\\/2024\\\/01\\\/15\\\/acib-e-sincomercio-lancam-pesquisas-empresario-e-empresaria-do-ano-e-destaques-do-comercio-2024\\\/#primaryimage\",\"url\":\"https:\\\/\\\/regiaonews.net.br\\\/2022\\\/wp-content\\\/uploads\\\/2024\\\/01\\\/Imagem-do-WhatsApp-de-2024-01-15-as-11.14.25_c38035d8.jpg\",\"contentUrl\":\"https:\\\/\\\/regiaonews.net.br\\\/2022\\\/wp-content\\\/uploads\\\/2024\\\/01\\\/Imagem-do-WhatsApp-de-2024-01-15-as-11.14.25_c38035d8.jpg\",\"width\":1600,\"height\":912},{\"@type\":\"BreadcrumbList\",\"@id\":\"https:\\\/\\\/regiaonews.net.br\\\/2022\\\/2024\\\/01\\\/15\\\/acib-e-sincomercio-lancam-pesquisas-empresario-e-empresaria-do-ano-e-destaques-do-comercio-2024\\\/#breadcrumb\",\"itemListElement\":[{\"@type\":\"ListItem\",\"position\":1,\"name\":\"In\u00edcio\",\"item\":\"https:\\\/\\\/regiaonews.net.br\\\/2022\\\/\"},{\"@type\":\"ListItem\",\"position\":2,\"name\":\"ACIB e Sincomercio lan\u00e7am Pesquisas Empres\u00e1rio e Empres\u00e1ria do Ano e Destaques do Comercio 2024\"}]},{\"@type\":\"WebSite\",\"@id\":\"https:\\\/\\\/regiaonews.net.br\\\/2022\\\/#website\",\"url\":\"https:\\\/\\\/regiaonews.net.br\\\/2022\\\/\",\"name\":\"Regi\u00e3o News\",\"description\":\"Site de Not\u00edcias de Barretos e regi\u00e3o\",\"publisher\":{\"@id\":\"https:\\\/\\\/regiaonews.net.br\\\/2022\\\/#organization\"},\"potentialAction\":[{\"@type\":\"SearchAction\",\"target\":{\"@type\":\"EntryPoint\",\"urlTemplate\":\"https:\\\/\\\/regiaonews.net.br\\\/2022\\\/?s={search_term_string}\"},\"query-input\":{\"@type\":\"PropertyValueSpecification\",\"valueRequired\":true,\"valueName\":\"search_term_string\"}}],\"inLanguage\":\"pt-BR\"},{\"@type\":\"Organization\",\"@id\":\"https:\\\/\\\/regiaonews.net.br\\\/2022\\\/#organization\",\"name\":\"Regi\u00e3o News\",\"url\":\"https:\\\/\\\/regiaonews.net.br\\\/2022\\\/\",\"logo\":{\"@type\":\"ImageObject\",\"inLanguage\":\"pt-BR\",\"@id\":\"https:\\\/\\\/regiaonews.net.br\\\/2022\\\/#\\\/schema\\\/logo\\\/image\\\/\",\"url\":\"https:\\\/\\\/regiaonews.net.br\\\/2022\\\/wp-content\\\/uploads\\\/2026\\\/03\\\/regiao-13-anos-scaled.jpg\",\"contentUrl\":\"https:\\\/\\\/regiaonews.net.br\\\/2022\\\/wp-content\\\/uploads\\\/2026\\\/03\\\/regiao-13-anos-scaled.jpg\",\"width\":2560,\"height\":635,\"caption\":\"Regi\u00e3o News\"},\"image\":{\"@id\":\"https:\\\/\\\/regiaonews.net.br\\\/2022\\\/#\\\/schema\\\/logo\\\/image\\\/\"}},{\"@type\":\"Person\",\"@id\":\"https:\\\/\\\/regiaonews.net.br\\\/2022\\\/#\\\/schema\\\/person\\\/2d205a608a5aa97ac279d7a5e6d89ad8\",\"name\":\"Roberto\",\"image\":{\"@type\":\"ImageObject\",\"inLanguage\":\"pt-BR\",\"@id\":\"https:\\\/\\\/secure.gravatar.com\\\/avatar\\\/42749d8b712ff9d59ca93dc150494e5b55a44134482993f5baeb97e61b7ecc89?s=96&d=mm&r=g\",\"url\":\"https:\\\/\\\/secure.gravatar.com\\\/avatar\\\/42749d8b712ff9d59ca93dc150494e5b55a44134482993f5baeb97e61b7ecc89?s=96&d=mm&r=g\",\"contentUrl\":\"https:\\\/\\\/secure.gravatar.com\\\/avatar\\\/42749d8b712ff9d59ca93dc150494e5b55a44134482993f5baeb97e61b7ecc89?s=96&d=mm&r=g\",\"caption\":\"Roberto\"},\"url\":\"https:\\\/\\\/regiaonews.net.br\\\/2022\\\/author\\\/roberto\\\/\"}]}<\/script>\n<!-- \/ Yoast SEO plugin. -->","yoast_head_json":{"title":"ACIB e Sincomercio lan\u00e7am Pesquisas Empres\u00e1rio e Empres\u00e1ria do Ano e Destaques do Comercio 2024 - Regi\u00e3o News","robots":{"index":"index","follow":"follow","max-snippet":"max-snippet:-1","max-image-preview":"max-image-preview:large","max-video-preview":"max-video-preview:-1"},"canonical":"https:\/\/regiaonews.net.br\/2022\/2024\/01\/15\/acib-e-sincomercio-lancam-pesquisas-empresario-e-empresaria-do-ano-e-destaques-do-comercio-2024\/","og_locale":"pt_BR","og_type":"article","og_title":"ACIB e Sincomercio lan\u00e7am Pesquisas Empres\u00e1rio e Empres\u00e1ria do Ano e Destaques do Comercio 2024 - Regi\u00e3o News","og_description":"Encontro tamb\u00e9m anunciou a data do Jantar de homenagens deste","og_url":"https:\/\/regiaonews.net.br\/2022\/2024\/01\/15\/acib-e-sincomercio-lancam-pesquisas-empresario-e-empresaria-do-ano-e-destaques-do-comercio-2024\/","og_site_name":"Regi\u00e3o News","article_published_time":"2024-01-15T15:43:36+00:00","og_image":[{"width":1600,"height":912,"url":"https:\/\/regiaonews.net.br\/2022\/wp-content\/uploads\/2024\/01\/Imagem-do-WhatsApp-de-2024-01-15-as-11.14.25_c38035d8.jpg","type":"image\/jpeg"}],"author":"Roberto","twitter_card":"summary_large_image","twitter_misc":{"Escrito por":"Roberto","Est. tempo de leitura":"5 minutos"},"schema":{"@context":"https:\/\/schema.org","@graph":[{"@type":"Article","@id":"https:\/\/regiaonews.net.br\/2022\/2024\/01\/15\/acib-e-sincomercio-lancam-pesquisas-empresario-e-empresaria-do-ano-e-destaques-do-comercio-2024\/#article","isPartOf":{"@id":"https:\/\/regiaonews.net.br\/2022\/2024\/01\/15\/acib-e-sincomercio-lancam-pesquisas-empresario-e-empresaria-do-ano-e-destaques-do-comercio-2024\/"},"author":{"name":"Roberto","@id":"https:\/\/regiaonews.net.br\/2022\/#\/schema\/person\/2d205a608a5aa97ac279d7a5e6d89ad8"},"headline":"ACIB e Sincomercio lan\u00e7am Pesquisas Empres\u00e1rio e Empres\u00e1ria do Ano e Destaques do Comercio 2024","datePublished":"2024-01-15T15:43:36+00:00","mainEntityOfPage":{"@id":"https:\/\/regiaonews.net.br\/2022\/2024\/01\/15\/acib-e-sincomercio-lancam-pesquisas-empresario-e-empresaria-do-ano-e-destaques-do-comercio-2024\/"},"wordCount":823,"commentCount":0,"publisher":{"@id":"https:\/\/regiaonews.net.br\/2022\/#organization"},"image":{"@id":"https:\/\/regiaonews.net.br\/2022\/2024\/01\/15\/acib-e-sincomercio-lancam-pesquisas-empresario-e-empresaria-do-ano-e-destaques-do-comercio-2024\/#primaryimage"},"thumbnailUrl":"https:\/\/regiaonews.net.br\/2022\/wp-content\/uploads\/2024\/01\/Imagem-do-WhatsApp-de-2024-01-15-as-11.14.25_c38035d8.jpg","articleSection":["Barretos","Geral"],"inLanguage":"pt-BR","potentialAction":[{"@type":"CommentAction","name":"Comment","target":["https:\/\/regiaonews.net.br\/2022\/2024\/01\/15\/acib-e-sincomercio-lancam-pesquisas-empresario-e-empresaria-do-ano-e-destaques-do-comercio-2024\/#respond"]}]},{"@type":"WebPage","@id":"https:\/\/regiaonews.net.br\/2022\/2024\/01\/15\/acib-e-sincomercio-lancam-pesquisas-empresario-e-empresaria-do-ano-e-destaques-do-comercio-2024\/","url":"https:\/\/regiaonews.net.br\/2022\/2024\/01\/15\/acib-e-sincomercio-lancam-pesquisas-empresario-e-empresaria-do-ano-e-destaques-do-comercio-2024\/","name":"ACIB e Sincomercio lan\u00e7am Pesquisas Empres\u00e1rio e Empres\u00e1ria do Ano e Destaques do Comercio 2024 - Regi\u00e3o News","isPartOf":{"@id":"https:\/\/regiaonews.net.br\/2022\/#website"},"primaryImageOfPage":{"@id":"https:\/\/regiaonews.net.br\/2022\/2024\/01\/15\/acib-e-sincomercio-lancam-pesquisas-empresario-e-empresaria-do-ano-e-destaques-do-comercio-2024\/#primaryimage"},"image":{"@id":"https:\/\/regiaonews.net.br\/2022\/2024\/01\/15\/acib-e-sincomercio-lancam-pesquisas-empresario-e-empresaria-do-ano-e-destaques-do-comercio-2024\/#primaryimage"},"thumbnailUrl":"https:\/\/regiaonews.net.br\/2022\/wp-content\/uploads\/2024\/01\/Imagem-do-WhatsApp-de-2024-01-15-as-11.14.25_c38035d8.jpg","datePublished":"2024-01-15T15:43:36+00:00","breadcrumb":{"@id":"https:\/\/regiaonews.net.br\/2022\/2024\/01\/15\/acib-e-sincomercio-lancam-pesquisas-empresario-e-empresaria-do-ano-e-destaques-do-comercio-2024\/#breadcrumb"},"inLanguage":"pt-BR","potentialAction":[{"@type":"ReadAction","target":["https:\/\/regiaonews.net.br\/2022\/2024\/01\/15\/acib-e-sincomercio-lancam-pesquisas-empresario-e-empresaria-do-ano-e-destaques-do-comercio-2024\/"]}]},{"@type":"ImageObject","inLanguage":"pt-BR","@id":"https:\/\/regiaonews.net.br\/2022\/2024\/01\/15\/acib-e-sincomercio-lancam-pesquisas-empresario-e-empresaria-do-ano-e-destaques-do-comercio-2024\/#primaryimage","url":"https:\/\/regiaonews.net.br\/2022\/wp-content\/uploads\/2024\/01\/Imagem-do-WhatsApp-de-2024-01-15-as-11.14.25_c38035d8.jpg","contentUrl":"https:\/\/regiaonews.net.br\/2022\/wp-content\/uploads\/2024\/01\/Imagem-do-WhatsApp-de-2024-01-15-as-11.14.25_c38035d8.jpg","width":1600,"height":912},{"@type":"BreadcrumbList","@id":"https:\/\/regiaonews.net.br\/2022\/2024\/01\/15\/acib-e-sincomercio-lancam-pesquisas-empresario-e-empresaria-do-ano-e-destaques-do-comercio-2024\/#breadcrumb","itemListElement":[{"@type":"ListItem","position":1,"name":"In\u00edcio","item":"https:\/\/regiaonews.net.br\/2022\/"},{"@type":"ListItem","position":2,"name":"ACIB e Sincomercio lan\u00e7am Pesquisas Empres\u00e1rio e Empres\u00e1ria do Ano e Destaques do Comercio 2024"}]},{"@type":"WebSite","@id":"https:\/\/regiaonews.net.br\/2022\/#website","url":"https:\/\/regiaonews.net.br\/2022\/","name":"Regi\u00e3o News","description":"Site de Not\u00edcias de Barretos e regi\u00e3o","publisher":{"@id":"https:\/\/regiaonews.net.br\/2022\/#organization"},"potentialAction":[{"@type":"SearchAction","target":{"@type":"EntryPoint","urlTemplate":"https:\/\/regiaonews.net.br\/2022\/?s={search_term_string}"},"query-input":{"@type":"PropertyValueSpecification","valueRequired":true,"valueName":"search_term_string"}}],"inLanguage":"pt-BR"},{"@type":"Organization","@id":"https:\/\/regiaonews.net.br\/2022\/#organization","name":"Regi\u00e3o News","url":"https:\/\/regiaonews.net.br\/2022\/","logo":{"@type":"ImageObject","inLanguage":"pt-BR","@id":"https:\/\/regiaonews.net.br\/2022\/#\/schema\/logo\/image\/","url":"https:\/\/regiaonews.net.br\/2022\/wp-content\/uploads\/2026\/03\/regiao-13-anos-scaled.jpg","contentUrl":"https:\/\/regiaonews.net.br\/2022\/wp-content\/uploads\/2026\/03\/regiao-13-anos-scaled.jpg","width":2560,"height":635,"caption":"Regi\u00e3o News"},"image":{"@id":"https:\/\/regiaonews.net.br\/2022\/#\/schema\/logo\/image\/"}},{"@type":"Person","@id":"https:\/\/regiaonews.net.br\/2022\/#\/schema\/person\/2d205a608a5aa97ac279d7a5e6d89ad8","name":"Roberto","image":{"@type":"ImageObject","inLanguage":"pt-BR","@id":"https:\/\/secure.gravatar.com\/avatar\/42749d8b712ff9d59ca93dc150494e5b55a44134482993f5baeb97e61b7ecc89?s=96&d=mm&r=g","url":"https:\/\/secure.gravatar.com\/avatar\/42749d8b712ff9d59ca93dc150494e5b55a44134482993f5baeb97e61b7ecc89?s=96&d=mm&r=g","contentUrl":"https:\/\/secure.gravatar.com\/avatar\/42749d8b712ff9d59ca93dc150494e5b55a44134482993f5baeb97e61b7ecc89?s=96&d=mm&r=g","caption":"Roberto"},"url":"https:\/\/regiaonews.net.br\/2022\/author\/roberto\/"}]}},"publishpress_future_action":{"enabled":false,"date":"2026-05-04 07:47:54","action":"change-status","newStatus":"draft","terms":[],"taxonomy":"category","extraData":[]},"publishpress_future_workflow_manual_trigger":{"enabledWorkflows":[]},"_links":{"self":[{"href":"https:\/\/regiaonews.net.br\/2022\/wp-json\/wp\/v2\/posts\/100173","targetHints":{"allow":["GET"]}}],"collection":[{"href":"https:\/\/regiaonews.net.br\/2022\/wp-json\/wp\/v2\/posts"}],"about":[{"href":"https:\/\/regiaonews.net.br\/2022\/wp-json\/wp\/v2\/types\/post"}],"author":[{"embeddable":true,"href":"https:\/\/regiaonews.net.br\/2022\/wp-json\/wp\/v2\/users\/2"}],"replies":[{"embeddable":true,"href":"https:\/\/regiaonews.net.br\/2022\/wp-json\/wp\/v2\/comments?post=100173"}],"version-history":[{"count":1,"href":"https:\/\/regiaonews.net.br\/2022\/wp-json\/wp\/v2\/posts\/100173\/revisions"}],"predecessor-version":[{"id":100175,"href":"https:\/\/regiaonews.net.br\/2022\/wp-json\/wp\/v2\/posts\/100173\/revisions\/100175"}],"wp:featuredmedia":[{"embeddable":true,"href":"https:\/\/regiaonews.net.br\/2022\/wp-json\/wp\/v2\/media\/100174"}],"wp:attachment":[{"href":"https:\/\/regiaonews.net.br\/2022\/wp-json\/wp\/v2\/media?parent=100173"}],"wp:term":[{"taxonomy":"category","embeddable":true,"href":"https:\/\/regiaonews.net.br\/2022\/wp-json\/wp\/v2\/categories?post=100173"},{"taxonomy":"post_tag","embeddable":true,"href":"https:\/\/regiaonews.net.br\/2022\/wp-json\/wp\/v2\/tags?post=100173"}],"curies":[{"name":"wp","href":"https:\/\/api.w.org\/{rel}","templated":true}]}}