{"id":100123,"date":"2024-01-12T16:48:10","date_gmt":"2024-01-12T19:48:10","guid":{"rendered":"https:\/\/regiaonews.net.br\/2022\/?p=100123"},"modified":"2024-01-12T16:48:10","modified_gmt":"2024-01-12T19:48:10","slug":"novos-conselheiros-tutelares-assumem-a-missao-na-gestao-2024-2027","status":"publish","type":"post","link":"https:\/\/regiaonews.net.br\/2022\/2024\/01\/12\/novos-conselheiros-tutelares-assumem-a-missao-na-gestao-2024-2027\/","title":{"rendered":"Novos conselheiros tutelares assumem a miss\u00e3o na gest\u00e3o 2024-2027"},"content":{"rendered":"<h3 style=\"text-align: center;\">O quadri\u00eanio do Conselho Tutelar segue a miss\u00e3o de zelar pelos direitos das crian\u00e7as e adolescentes.<\/h3>\n<p>Na quarta-feira, dia 10 de janeiro, aconteceu a cerim\u00f4nia de posse dos 5 conselheiros tutelares eleitos em Guaraci. S\u00e3o eles: Thamires Aparecida de Souza, Tereza Alves Pereira Martins, Mara\u00edsa Borges Alves Ribeiro Canuto, Jos\u00e9 Carlos Maciel e Marta Morais Ferreira Ambrosio.<br \/>\nA elei\u00e7\u00e3o aconteceu de forma democr\u00e1tica e dos 17 candidatos habilitados, foram eleitos 5 conselheiros que tem como miss\u00e3o zelar pelos direitos das crian\u00e7as e adolescentes seguindo o ECA \u2013 Estatuto da Crian\u00e7a e Adolescente.<\/p>\n<p>Na cerim\u00f4nia de posse, participaram o prefeito Renato Azeda, o diretor de Assist\u00eancia Social Jo\u00e3o Maria. Os conselheiros tutelares fizeram um juramento sobre o estatuto da crian\u00e7a e do adolescente. Tamb\u00e9m foi falado sobre a principal miss\u00e3o do Conselho Tutelar que \u00e9 a garantia de que as crian\u00e7as e os adolescentes tenham todos os seus direitos respeitados e a prote\u00e7\u00e3o da inf\u00e2ncia e da adolesc\u00eancia.<\/p>\n<p>\u201cSabemos que as atribui\u00e7\u00f5es de voc\u00eas s\u00e3o muitas e importantes. Respeitar os direitos das crian\u00e7as e dos adolescentes sempre foi prioridade para a nossa cidade.\u201d, disse o prefeito Renato Azeda que enfatizou sobre os trabalhos realizados pela gest\u00e3o para garantir uma inf\u00e2ncia e juventude mais digna para todos de Guaraci.<\/p>\n<p>De 2024 a 2027, os 5 conselheiros eleitos s\u00e3o os respons\u00e1veis pelo Conselho Tutelar e ser\u00e3o grandes parceiros na realiza\u00e7\u00e3o dos trabalhos afim de amparar sempre as nossas crian\u00e7as e adolescentes, buscando respeitar os direitos e trazer uma melhor qualidade\u00a0de\u00a0vida.<\/p>\n","protected":false},"excerpt":{"rendered":"<p>O quadri\u00eanio do Conselho Tutelar segue a miss\u00e3o de zelar<\/p>\n","protected":false},"author":2,"featured_media":100124,"comment_status":"open","ping_status":"open","sticky":false,"template":"","format":"standard","meta":{"footnotes":""},"categories":[14,3],"tags":[],"class_list":["post-100123","post","type-post","status-publish","format-standard","has-post-thumbnail","hentry","category-barretos","category-geral"],"yoast_head":"<!-- This site is optimized with the Yoast SEO plugin v27.4 - https:\/\/yoast.com\/product\/yoast-seo-wordpress\/ -->\n<title>Novos conselheiros tutelares assumem a miss\u00e3o na gest\u00e3o 2024-2027 - Regi\u00e3o News<\/title>\n<meta name=\"robots\" content=\"index, follow, max-snippet:-1, max-image-preview:large, max-video-preview:-1\" \/>\n<link rel=\"canonical\" href=\"https:\/\/regiaonews.net.br\/2022\/2024\/01\/12\/novos-conselheiros-tutelares-assumem-a-missao-na-gestao-2024-2027\/\" \/>\n<meta property=\"og:locale\" content=\"pt_BR\" \/>\n<meta property=\"og:type\" content=\"article\" \/>\n<meta property=\"og:title\" content=\"Novos conselheiros tutelares assumem a miss\u00e3o na gest\u00e3o 2024-2027 - Regi\u00e3o News\" \/>\n<meta property=\"og:description\" content=\"O quadri\u00eanio do Conselho Tutelar segue a miss\u00e3o de zelar\" \/>\n<meta property=\"og:url\" content=\"https:\/\/regiaonews.net.br\/2022\/2024\/01\/12\/novos-conselheiros-tutelares-assumem-a-missao-na-gestao-2024-2027\/\" \/>\n<meta property=\"og:site_name\" content=\"Regi\u00e3o News\" \/>\n<meta property=\"article:published_time\" content=\"2024-01-12T19:48:10+00:00\" \/>\n<meta property=\"og:image\" content=\"https:\/\/regiaonews.net.br\/2022\/wp-content\/uploads\/2024\/01\/Imagem-do-WhatsApp-de-2024-01-12-as-15.08.24_399ed4c4.jpg\" \/>\n\t<meta property=\"og:image:width\" content=\"768\" \/>\n\t<meta property=\"og:image:height\" content=\"1024\" \/>\n\t<meta property=\"og:image:type\" content=\"image\/jpeg\" \/>\n<meta name=\"author\" content=\"Roberto\" \/>\n<meta name=\"twitter:card\" content=\"summary_large_image\" \/>\n<meta name=\"twitter:label1\" content=\"Escrito por\" \/>\n\t<meta name=\"twitter:data1\" content=\"Roberto\" \/>\n\t<meta name=\"twitter:label2\" content=\"Est. tempo de leitura\" \/>\n\t<meta name=\"twitter:data2\" content=\"2 minutos\" \/>\n<script type=\"application\/ld+json\" class=\"yoast-schema-graph\">{\"@context\":\"https:\\\/\\\/schema.org\",\"@graph\":[{\"@type\":\"Article\",\"@id\":\"https:\\\/\\\/regiaonews.net.br\\\/2022\\\/2024\\\/01\\\/12\\\/novos-conselheiros-tutelares-assumem-a-missao-na-gestao-2024-2027\\\/#article\",\"isPartOf\":{\"@id\":\"https:\\\/\\\/regiaonews.net.br\\\/2022\\\/2024\\\/01\\\/12\\\/novos-conselheiros-tutelares-assumem-a-missao-na-gestao-2024-2027\\\/\"},\"author\":{\"name\":\"Roberto\",\"@id\":\"https:\\\/\\\/regiaonews.net.br\\\/2022\\\/#\\\/schema\\\/person\\\/2d205a608a5aa97ac279d7a5e6d89ad8\"},\"headline\":\"Novos conselheiros tutelares assumem a miss\u00e3o na gest\u00e3o 2024-2027\",\"datePublished\":\"2024-01-12T19:48:10+00:00\",\"mainEntityOfPage\":{\"@id\":\"https:\\\/\\\/regiaonews.net.br\\\/2022\\\/2024\\\/01\\\/12\\\/novos-conselheiros-tutelares-assumem-a-missao-na-gestao-2024-2027\\\/\"},\"wordCount\":283,\"commentCount\":0,\"publisher\":{\"@id\":\"https:\\\/\\\/regiaonews.net.br\\\/2022\\\/#organization\"},\"image\":{\"@id\":\"https:\\\/\\\/regiaonews.net.br\\\/2022\\\/2024\\\/01\\\/12\\\/novos-conselheiros-tutelares-assumem-a-missao-na-gestao-2024-2027\\\/#primaryimage\"},\"thumbnailUrl\":\"https:\\\/\\\/regiaonews.net.br\\\/2022\\\/wp-content\\\/uploads\\\/2024\\\/01\\\/Imagem-do-WhatsApp-de-2024-01-12-as-15.08.24_399ed4c4.jpg\",\"articleSection\":[\"Barretos\",\"Geral\"],\"inLanguage\":\"pt-BR\",\"potentialAction\":[{\"@type\":\"CommentAction\",\"name\":\"Comment\",\"target\":[\"https:\\\/\\\/regiaonews.net.br\\\/2022\\\/2024\\\/01\\\/12\\\/novos-conselheiros-tutelares-assumem-a-missao-na-gestao-2024-2027\\\/#respond\"]}]},{\"@type\":\"WebPage\",\"@id\":\"https:\\\/\\\/regiaonews.net.br\\\/2022\\\/2024\\\/01\\\/12\\\/novos-conselheiros-tutelares-assumem-a-missao-na-gestao-2024-2027\\\/\",\"url\":\"https:\\\/\\\/regiaonews.net.br\\\/2022\\\/2024\\\/01\\\/12\\\/novos-conselheiros-tutelares-assumem-a-missao-na-gestao-2024-2027\\\/\",\"name\":\"Novos conselheiros tutelares assumem a miss\u00e3o na gest\u00e3o 2024-2027 - Regi\u00e3o News\",\"isPartOf\":{\"@id\":\"https:\\\/\\\/regiaonews.net.br\\\/2022\\\/#website\"},\"primaryImageOfPage\":{\"@id\":\"https:\\\/\\\/regiaonews.net.br\\\/2022\\\/2024\\\/01\\\/12\\\/novos-conselheiros-tutelares-assumem-a-missao-na-gestao-2024-2027\\\/#primaryimage\"},\"image\":{\"@id\":\"https:\\\/\\\/regiaonews.net.br\\\/2022\\\/2024\\\/01\\\/12\\\/novos-conselheiros-tutelares-assumem-a-missao-na-gestao-2024-2027\\\/#primaryimage\"},\"thumbnailUrl\":\"https:\\\/\\\/regiaonews.net.br\\\/2022\\\/wp-content\\\/uploads\\\/2024\\\/01\\\/Imagem-do-WhatsApp-de-2024-01-12-as-15.08.24_399ed4c4.jpg\",\"datePublished\":\"2024-01-12T19:48:10+00:00\",\"breadcrumb\":{\"@id\":\"https:\\\/\\\/regiaonews.net.br\\\/2022\\\/2024\\\/01\\\/12\\\/novos-conselheiros-tutelares-assumem-a-missao-na-gestao-2024-2027\\\/#breadcrumb\"},\"inLanguage\":\"pt-BR\",\"potentialAction\":[{\"@type\":\"ReadAction\",\"target\":[\"https:\\\/\\\/regiaonews.net.br\\\/2022\\\/2024\\\/01\\\/12\\\/novos-conselheiros-tutelares-assumem-a-missao-na-gestao-2024-2027\\\/\"]}]},{\"@type\":\"ImageObject\",\"inLanguage\":\"pt-BR\",\"@id\":\"https:\\\/\\\/regiaonews.net.br\\\/2022\\\/2024\\\/01\\\/12\\\/novos-conselheiros-tutelares-assumem-a-missao-na-gestao-2024-2027\\\/#primaryimage\",\"url\":\"https:\\\/\\\/regiaonews.net.br\\\/2022\\\/wp-content\\\/uploads\\\/2024\\\/01\\\/Imagem-do-WhatsApp-de-2024-01-12-as-15.08.24_399ed4c4.jpg\",\"contentUrl\":\"https:\\\/\\\/regiaonews.net.br\\\/2022\\\/wp-content\\\/uploads\\\/2024\\\/01\\\/Imagem-do-WhatsApp-de-2024-01-12-as-15.08.24_399ed4c4.jpg\",\"width\":768,\"height\":1024},{\"@type\":\"BreadcrumbList\",\"@id\":\"https:\\\/\\\/regiaonews.net.br\\\/2022\\\/2024\\\/01\\\/12\\\/novos-conselheiros-tutelares-assumem-a-missao-na-gestao-2024-2027\\\/#breadcrumb\",\"itemListElement\":[{\"@type\":\"ListItem\",\"position\":1,\"name\":\"In\u00edcio\",\"item\":\"https:\\\/\\\/regiaonews.net.br\\\/2022\\\/\"},{\"@type\":\"ListItem\",\"position\":2,\"name\":\"Novos conselheiros tutelares assumem a miss\u00e3o na gest\u00e3o 2024-2027\"}]},{\"@type\":\"WebSite\",\"@id\":\"https:\\\/\\\/regiaonews.net.br\\\/2022\\\/#website\",\"url\":\"https:\\\/\\\/regiaonews.net.br\\\/2022\\\/\",\"name\":\"Regi\u00e3o News\",\"description\":\"Site de Not\u00edcias de Barretos e regi\u00e3o\",\"publisher\":{\"@id\":\"https:\\\/\\\/regiaonews.net.br\\\/2022\\\/#organization\"},\"potentialAction\":[{\"@type\":\"SearchAction\",\"target\":{\"@type\":\"EntryPoint\",\"urlTemplate\":\"https:\\\/\\\/regiaonews.net.br\\\/2022\\\/?s={search_term_string}\"},\"query-input\":{\"@type\":\"PropertyValueSpecification\",\"valueRequired\":true,\"valueName\":\"search_term_string\"}}],\"inLanguage\":\"pt-BR\"},{\"@type\":\"Organization\",\"@id\":\"https:\\\/\\\/regiaonews.net.br\\\/2022\\\/#organization\",\"name\":\"Regi\u00e3o News\",\"url\":\"https:\\\/\\\/regiaonews.net.br\\\/2022\\\/\",\"logo\":{\"@type\":\"ImageObject\",\"inLanguage\":\"pt-BR\",\"@id\":\"https:\\\/\\\/regiaonews.net.br\\\/2022\\\/#\\\/schema\\\/logo\\\/image\\\/\",\"url\":\"https:\\\/\\\/regiaonews.net.br\\\/2022\\\/wp-content\\\/uploads\\\/2026\\\/03\\\/regiao-13-anos-scaled.jpg\",\"contentUrl\":\"https:\\\/\\\/regiaonews.net.br\\\/2022\\\/wp-content\\\/uploads\\\/2026\\\/03\\\/regiao-13-anos-scaled.jpg\",\"width\":2560,\"height\":635,\"caption\":\"Regi\u00e3o News\"},\"image\":{\"@id\":\"https:\\\/\\\/regiaonews.net.br\\\/2022\\\/#\\\/schema\\\/logo\\\/image\\\/\"}},{\"@type\":\"Person\",\"@id\":\"https:\\\/\\\/regiaonews.net.br\\\/2022\\\/#\\\/schema\\\/person\\\/2d205a608a5aa97ac279d7a5e6d89ad8\",\"name\":\"Roberto\",\"image\":{\"@type\":\"ImageObject\",\"inLanguage\":\"pt-BR\",\"@id\":\"https:\\\/\\\/secure.gravatar.com\\\/avatar\\\/42749d8b712ff9d59ca93dc150494e5b55a44134482993f5baeb97e61b7ecc89?s=96&d=mm&r=g\",\"url\":\"https:\\\/\\\/secure.gravatar.com\\\/avatar\\\/42749d8b712ff9d59ca93dc150494e5b55a44134482993f5baeb97e61b7ecc89?s=96&d=mm&r=g\",\"contentUrl\":\"https:\\\/\\\/secure.gravatar.com\\\/avatar\\\/42749d8b712ff9d59ca93dc150494e5b55a44134482993f5baeb97e61b7ecc89?s=96&d=mm&r=g\",\"caption\":\"Roberto\"},\"url\":\"https:\\\/\\\/regiaonews.net.br\\\/2022\\\/author\\\/roberto\\\/\"}]}<\/script>\n<!-- \/ Yoast SEO plugin. -->","yoast_head_json":{"title":"Novos conselheiros tutelares assumem a miss\u00e3o na gest\u00e3o 2024-2027 - Regi\u00e3o News","robots":{"index":"index","follow":"follow","max-snippet":"max-snippet:-1","max-image-preview":"max-image-preview:large","max-video-preview":"max-video-preview:-1"},"canonical":"https:\/\/regiaonews.net.br\/2022\/2024\/01\/12\/novos-conselheiros-tutelares-assumem-a-missao-na-gestao-2024-2027\/","og_locale":"pt_BR","og_type":"article","og_title":"Novos conselheiros tutelares assumem a miss\u00e3o na gest\u00e3o 2024-2027 - Regi\u00e3o News","og_description":"O quadri\u00eanio do Conselho Tutelar segue a miss\u00e3o de zelar","og_url":"https:\/\/regiaonews.net.br\/2022\/2024\/01\/12\/novos-conselheiros-tutelares-assumem-a-missao-na-gestao-2024-2027\/","og_site_name":"Regi\u00e3o News","article_published_time":"2024-01-12T19:48:10+00:00","og_image":[{"width":768,"height":1024,"url":"https:\/\/regiaonews.net.br\/2022\/wp-content\/uploads\/2024\/01\/Imagem-do-WhatsApp-de-2024-01-12-as-15.08.24_399ed4c4.jpg","type":"image\/jpeg"}],"author":"Roberto","twitter_card":"summary_large_image","twitter_misc":{"Escrito por":"Roberto","Est. tempo de leitura":"2 minutos"},"schema":{"@context":"https:\/\/schema.org","@graph":[{"@type":"Article","@id":"https:\/\/regiaonews.net.br\/2022\/2024\/01\/12\/novos-conselheiros-tutelares-assumem-a-missao-na-gestao-2024-2027\/#article","isPartOf":{"@id":"https:\/\/regiaonews.net.br\/2022\/2024\/01\/12\/novos-conselheiros-tutelares-assumem-a-missao-na-gestao-2024-2027\/"},"author":{"name":"Roberto","@id":"https:\/\/regiaonews.net.br\/2022\/#\/schema\/person\/2d205a608a5aa97ac279d7a5e6d89ad8"},"headline":"Novos conselheiros tutelares assumem a miss\u00e3o na gest\u00e3o 2024-2027","datePublished":"2024-01-12T19:48:10+00:00","mainEntityOfPage":{"@id":"https:\/\/regiaonews.net.br\/2022\/2024\/01\/12\/novos-conselheiros-tutelares-assumem-a-missao-na-gestao-2024-2027\/"},"wordCount":283,"commentCount":0,"publisher":{"@id":"https:\/\/regiaonews.net.br\/2022\/#organization"},"image":{"@id":"https:\/\/regiaonews.net.br\/2022\/2024\/01\/12\/novos-conselheiros-tutelares-assumem-a-missao-na-gestao-2024-2027\/#primaryimage"},"thumbnailUrl":"https:\/\/regiaonews.net.br\/2022\/wp-content\/uploads\/2024\/01\/Imagem-do-WhatsApp-de-2024-01-12-as-15.08.24_399ed4c4.jpg","articleSection":["Barretos","Geral"],"inLanguage":"pt-BR","potentialAction":[{"@type":"CommentAction","name":"Comment","target":["https:\/\/regiaonews.net.br\/2022\/2024\/01\/12\/novos-conselheiros-tutelares-assumem-a-missao-na-gestao-2024-2027\/#respond"]}]},{"@type":"WebPage","@id":"https:\/\/regiaonews.net.br\/2022\/2024\/01\/12\/novos-conselheiros-tutelares-assumem-a-missao-na-gestao-2024-2027\/","url":"https:\/\/regiaonews.net.br\/2022\/2024\/01\/12\/novos-conselheiros-tutelares-assumem-a-missao-na-gestao-2024-2027\/","name":"Novos conselheiros tutelares assumem a miss\u00e3o na gest\u00e3o 2024-2027 - Regi\u00e3o News","isPartOf":{"@id":"https:\/\/regiaonews.net.br\/2022\/#website"},"primaryImageOfPage":{"@id":"https:\/\/regiaonews.net.br\/2022\/2024\/01\/12\/novos-conselheiros-tutelares-assumem-a-missao-na-gestao-2024-2027\/#primaryimage"},"image":{"@id":"https:\/\/regiaonews.net.br\/2022\/2024\/01\/12\/novos-conselheiros-tutelares-assumem-a-missao-na-gestao-2024-2027\/#primaryimage"},"thumbnailUrl":"https:\/\/regiaonews.net.br\/2022\/wp-content\/uploads\/2024\/01\/Imagem-do-WhatsApp-de-2024-01-12-as-15.08.24_399ed4c4.jpg","datePublished":"2024-01-12T19:48:10+00:00","breadcrumb":{"@id":"https:\/\/regiaonews.net.br\/2022\/2024\/01\/12\/novos-conselheiros-tutelares-assumem-a-missao-na-gestao-2024-2027\/#breadcrumb"},"inLanguage":"pt-BR","potentialAction":[{"@type":"ReadAction","target":["https:\/\/regiaonews.net.br\/2022\/2024\/01\/12\/novos-conselheiros-tutelares-assumem-a-missao-na-gestao-2024-2027\/"]}]},{"@type":"ImageObject","inLanguage":"pt-BR","@id":"https:\/\/regiaonews.net.br\/2022\/2024\/01\/12\/novos-conselheiros-tutelares-assumem-a-missao-na-gestao-2024-2027\/#primaryimage","url":"https:\/\/regiaonews.net.br\/2022\/wp-content\/uploads\/2024\/01\/Imagem-do-WhatsApp-de-2024-01-12-as-15.08.24_399ed4c4.jpg","contentUrl":"https:\/\/regiaonews.net.br\/2022\/wp-content\/uploads\/2024\/01\/Imagem-do-WhatsApp-de-2024-01-12-as-15.08.24_399ed4c4.jpg","width":768,"height":1024},{"@type":"BreadcrumbList","@id":"https:\/\/regiaonews.net.br\/2022\/2024\/01\/12\/novos-conselheiros-tutelares-assumem-a-missao-na-gestao-2024-2027\/#breadcrumb","itemListElement":[{"@type":"ListItem","position":1,"name":"In\u00edcio","item":"https:\/\/regiaonews.net.br\/2022\/"},{"@type":"ListItem","position":2,"name":"Novos conselheiros tutelares assumem a miss\u00e3o na gest\u00e3o 2024-2027"}]},{"@type":"WebSite","@id":"https:\/\/regiaonews.net.br\/2022\/#website","url":"https:\/\/regiaonews.net.br\/2022\/","name":"Regi\u00e3o News","description":"Site de Not\u00edcias de Barretos e regi\u00e3o","publisher":{"@id":"https:\/\/regiaonews.net.br\/2022\/#organization"},"potentialAction":[{"@type":"SearchAction","target":{"@type":"EntryPoint","urlTemplate":"https:\/\/regiaonews.net.br\/2022\/?s={search_term_string}"},"query-input":{"@type":"PropertyValueSpecification","valueRequired":true,"valueName":"search_term_string"}}],"inLanguage":"pt-BR"},{"@type":"Organization","@id":"https:\/\/regiaonews.net.br\/2022\/#organization","name":"Regi\u00e3o News","url":"https:\/\/regiaonews.net.br\/2022\/","logo":{"@type":"ImageObject","inLanguage":"pt-BR","@id":"https:\/\/regiaonews.net.br\/2022\/#\/schema\/logo\/image\/","url":"https:\/\/regiaonews.net.br\/2022\/wp-content\/uploads\/2026\/03\/regiao-13-anos-scaled.jpg","contentUrl":"https:\/\/regiaonews.net.br\/2022\/wp-content\/uploads\/2026\/03\/regiao-13-anos-scaled.jpg","width":2560,"height":635,"caption":"Regi\u00e3o News"},"image":{"@id":"https:\/\/regiaonews.net.br\/2022\/#\/schema\/logo\/image\/"}},{"@type":"Person","@id":"https:\/\/regiaonews.net.br\/2022\/#\/schema\/person\/2d205a608a5aa97ac279d7a5e6d89ad8","name":"Roberto","image":{"@type":"ImageObject","inLanguage":"pt-BR","@id":"https:\/\/secure.gravatar.com\/avatar\/42749d8b712ff9d59ca93dc150494e5b55a44134482993f5baeb97e61b7ecc89?s=96&d=mm&r=g","url":"https:\/\/secure.gravatar.com\/avatar\/42749d8b712ff9d59ca93dc150494e5b55a44134482993f5baeb97e61b7ecc89?s=96&d=mm&r=g","contentUrl":"https:\/\/secure.gravatar.com\/avatar\/42749d8b712ff9d59ca93dc150494e5b55a44134482993f5baeb97e61b7ecc89?s=96&d=mm&r=g","caption":"Roberto"},"url":"https:\/\/regiaonews.net.br\/2022\/author\/roberto\/"}]}},"publishpress_future_action":{"enabled":false,"date":"2026-05-04 04:09:57","action":"change-status","newStatus":"draft","terms":[],"taxonomy":"category","extraData":[]},"publishpress_future_workflow_manual_trigger":{"enabledWorkflows":[]},"_links":{"self":[{"href":"https:\/\/regiaonews.net.br\/2022\/wp-json\/wp\/v2\/posts\/100123","targetHints":{"allow":["GET"]}}],"collection":[{"href":"https:\/\/regiaonews.net.br\/2022\/wp-json\/wp\/v2\/posts"}],"about":[{"href":"https:\/\/regiaonews.net.br\/2022\/wp-json\/wp\/v2\/types\/post"}],"author":[{"embeddable":true,"href":"https:\/\/regiaonews.net.br\/2022\/wp-json\/wp\/v2\/users\/2"}],"replies":[{"embeddable":true,"href":"https:\/\/regiaonews.net.br\/2022\/wp-json\/wp\/v2\/comments?post=100123"}],"version-history":[{"count":1,"href":"https:\/\/regiaonews.net.br\/2022\/wp-json\/wp\/v2\/posts\/100123\/revisions"}],"predecessor-version":[{"id":100125,"href":"https:\/\/regiaonews.net.br\/2022\/wp-json\/wp\/v2\/posts\/100123\/revisions\/100125"}],"wp:featuredmedia":[{"embeddable":true,"href":"https:\/\/regiaonews.net.br\/2022\/wp-json\/wp\/v2\/media\/100124"}],"wp:attachment":[{"href":"https:\/\/regiaonews.net.br\/2022\/wp-json\/wp\/v2\/media?parent=100123"}],"wp:term":[{"taxonomy":"category","embeddable":true,"href":"https:\/\/regiaonews.net.br\/2022\/wp-json\/wp\/v2\/categories?post=100123"},{"taxonomy":"post_tag","embeddable":true,"href":"https:\/\/regiaonews.net.br\/2022\/wp-json\/wp\/v2\/tags?post=100123"}],"curies":[{"name":"wp","href":"https:\/\/api.w.org\/{rel}","templated":true}]}}