{"id":100115,"date":"2024-01-12T13:48:48","date_gmt":"2024-01-12T16:48:48","guid":{"rendered":"https:\/\/regiaonews.net.br\/2022\/?p=100115"},"modified":"2024-01-12T13:48:48","modified_gmt":"2024-01-12T16:48:48","slug":"pm-localiza-helicoptero-que-desapareceu-a-caminho-do-litoral-norte-de-sp","status":"publish","type":"post","link":"https:\/\/regiaonews.net.br\/2022\/2024\/01\/12\/pm-localiza-helicoptero-que-desapareceu-a-caminho-do-litoral-norte-de-sp\/","title":{"rendered":"PM localiza helic\u00f3ptero que desapareceu a caminho do litoral norte de SP"},"content":{"rendered":"<div class=\"col-lg-12 mt-4 justify\"><\/div>\n<div class=\"col-lg-12 justify\">\n<h3 style=\"text-align: center;\">Destro\u00e7os da aeronave foram encontrados em \u00e1rea de mata fechada no munic\u00edpio de Paraibuna.<\/h3>\n<\/div>\n<div class=\"col-lg-12 mt-3 justify\">\n<div>\n<div>A Pol\u00edcia Militar de S\u00e3o Paulo localizou na manh\u00e3 desta sexta-feira (12) o helic\u00f3ptero que estava desaparecido desde 31 de dezembro. A aeronave foi encontrada no 12\u00ba dia de buscas pela equipe do Comando de Avia\u00e7\u00e3o da PM a bordo do \u00c1guia 24, em Paraibuna, em uma \u00e1rea de mata fechada.<\/div>\n<div><\/div>\n<div>Ap\u00f3s localizar a aeronave, policiais militares a bordo de outro helic\u00f3ptero, o \u00c1guia 12, conseguiram descer de rapel para chegar at\u00e9 os destro\u00e7os. Infelizmente, n\u00e3o houve sobreviventes. &#8220;Est\u00e3o todos mortos. A gente queria dar uma not\u00edcia diferente, mas, infelizmente, n\u00e3o foi poss\u00edvel. Os quatro ocupantes est\u00e3o nos destro\u00e7os da aeronave&#8221;, disse o coronel Ronaldo Barreto de Oliveira, comandante da Avia\u00e7\u00e3o da PM.<\/div>\n<div><\/div>\n<div>As v\u00edtimas ser\u00e3o levadas para o IML, que far\u00e1 os exames necrosc\u00f3picos para determinar a causa das mortes.<\/div>\n<div><\/div>\n<div><b>Buscas<\/b><\/div>\n<div><\/div>\n<div>O helic\u00f3ptero desapareceu em 31 de dezembro, ap\u00f3s deixar a capital com destino a Ilhabela, no litoral norte. Desde ent\u00e3o as pol\u00edcias Militar e Civil auxiliaram a For\u00e7a A\u00e9rea Brasileira nas buscas.<\/div>\n<div><\/div>\n<div>Ap\u00f3s mais de 60 horas de voo por uma \u00e1rea de milhares de quil\u00f4metros quadrados que cobriu os munic\u00edpios de Paraibuna, Natividade da Serra, Reden\u00e7\u00e3o da Serra, Serra do mar de Caraguatatuba e S\u00e3o Luiz do Paraitinga, o Comando de Avia\u00e7\u00e3o da PM e Pol\u00edcia Civil se reuniram ontem para tra\u00e7ar um novo plano de buscas.<\/div>\n<div><\/div>\n<div>Com base na triangula\u00e7\u00e3o do sinal de antenas de celulares, foi definido uma nova abordagem. Em vez de fazer voos mais r\u00e1pidos, para cobrir uma \u00e1rea maior, foi acertado que as equipes fariam voos em velocidade e altura menores, em uma \u00e1rea delimitada.<\/div>\n<div><\/div>\n<div>A regi\u00e3o foi separada por quadrantes e, na manh\u00e3 desta sexta, quando os policiais sobrevoaram as primeiras regi\u00f5es, encontraram os destro\u00e7os na mata.<\/div>\n<div><\/div>\n<div>Oficiais da For\u00e7a A\u00e9rea Brasileira e t\u00e9cnicos do Seripa IV, \u00f3rg\u00e3o respons\u00e1vel por fazer a investiga\u00e7\u00e3o do acidente, tamb\u00e9m v\u00e3o ao local da queda.<\/div>\n<\/div>\n<\/div>\n","protected":false},"excerpt":{"rendered":"<p>Destro\u00e7os da aeronave foram encontrados em \u00e1rea de mata fechada<\/p>\n","protected":false},"author":2,"featured_media":100116,"comment_status":"open","ping_status":"open","sticky":false,"template":"","format":"standard","meta":{"footnotes":""},"categories":[1],"tags":[],"class_list":["post-100115","post","type-post","status-publish","format-standard","has-post-thumbnail","hentry","category-indefinido"],"yoast_head":"<!-- This site is optimized with the Yoast SEO plugin v27.4 - https:\/\/yoast.com\/product\/yoast-seo-wordpress\/ -->\n<title>PM localiza helic\u00f3ptero que desapareceu a caminho do litoral norte de SP - Regi\u00e3o News<\/title>\n<meta name=\"robots\" content=\"index, follow, max-snippet:-1, max-image-preview:large, max-video-preview:-1\" \/>\n<link rel=\"canonical\" href=\"https:\/\/regiaonews.net.br\/2022\/2024\/01\/12\/pm-localiza-helicoptero-que-desapareceu-a-caminho-do-litoral-norte-de-sp\/\" \/>\n<meta property=\"og:locale\" content=\"pt_BR\" \/>\n<meta property=\"og:type\" content=\"article\" \/>\n<meta property=\"og:title\" content=\"PM localiza helic\u00f3ptero que desapareceu a caminho do litoral norte de SP - Regi\u00e3o News\" \/>\n<meta property=\"og:description\" content=\"Destro\u00e7os da aeronave foram encontrados em \u00e1rea de mata fechada\" \/>\n<meta property=\"og:url\" content=\"https:\/\/regiaonews.net.br\/2022\/2024\/01\/12\/pm-localiza-helicoptero-que-desapareceu-a-caminho-do-litoral-norte-de-sp\/\" \/>\n<meta property=\"og:site_name\" content=\"Regi\u00e3o News\" \/>\n<meta property=\"article:published_time\" content=\"2024-01-12T16:48:48+00:00\" \/>\n<meta property=\"og:image\" content=\"https:\/\/regiaonews.net.br\/2022\/wp-content\/uploads\/2024\/01\/00052725-scaled.jpeg\" \/>\n\t<meta property=\"og:image:width\" content=\"1920\" \/>\n\t<meta property=\"og:image:height\" content=\"2560\" \/>\n\t<meta property=\"og:image:type\" content=\"image\/jpeg\" \/>\n<meta name=\"author\" content=\"Roberto\" \/>\n<meta name=\"twitter:card\" content=\"summary_large_image\" \/>\n<meta name=\"twitter:label1\" content=\"Escrito por\" \/>\n\t<meta name=\"twitter:data1\" content=\"Roberto\" \/>\n\t<meta name=\"twitter:label2\" content=\"Est. tempo de leitura\" \/>\n\t<meta name=\"twitter:data2\" content=\"2 minutos\" \/>\n<script type=\"application\/ld+json\" class=\"yoast-schema-graph\">{\"@context\":\"https:\\\/\\\/schema.org\",\"@graph\":[{\"@type\":\"Article\",\"@id\":\"https:\\\/\\\/regiaonews.net.br\\\/2022\\\/2024\\\/01\\\/12\\\/pm-localiza-helicoptero-que-desapareceu-a-caminho-do-litoral-norte-de-sp\\\/#article\",\"isPartOf\":{\"@id\":\"https:\\\/\\\/regiaonews.net.br\\\/2022\\\/2024\\\/01\\\/12\\\/pm-localiza-helicoptero-que-desapareceu-a-caminho-do-litoral-norte-de-sp\\\/\"},\"author\":{\"name\":\"Roberto\",\"@id\":\"https:\\\/\\\/regiaonews.net.br\\\/2022\\\/#\\\/schema\\\/person\\\/2d205a608a5aa97ac279d7a5e6d89ad8\"},\"headline\":\"PM localiza helic\u00f3ptero que desapareceu a caminho do litoral norte de SP\",\"datePublished\":\"2024-01-12T16:48:48+00:00\",\"mainEntityOfPage\":{\"@id\":\"https:\\\/\\\/regiaonews.net.br\\\/2022\\\/2024\\\/01\\\/12\\\/pm-localiza-helicoptero-que-desapareceu-a-caminho-do-litoral-norte-de-sp\\\/\"},\"wordCount\":377,\"commentCount\":0,\"publisher\":{\"@id\":\"https:\\\/\\\/regiaonews.net.br\\\/2022\\\/#organization\"},\"image\":{\"@id\":\"https:\\\/\\\/regiaonews.net.br\\\/2022\\\/2024\\\/01\\\/12\\\/pm-localiza-helicoptero-que-desapareceu-a-caminho-do-litoral-norte-de-sp\\\/#primaryimage\"},\"thumbnailUrl\":\"https:\\\/\\\/regiaonews.net.br\\\/2022\\\/wp-content\\\/uploads\\\/2024\\\/01\\\/00052725-scaled.jpeg\",\"articleSection\":[\"Indefinido\"],\"inLanguage\":\"pt-BR\",\"potentialAction\":[{\"@type\":\"CommentAction\",\"name\":\"Comment\",\"target\":[\"https:\\\/\\\/regiaonews.net.br\\\/2022\\\/2024\\\/01\\\/12\\\/pm-localiza-helicoptero-que-desapareceu-a-caminho-do-litoral-norte-de-sp\\\/#respond\"]}]},{\"@type\":\"WebPage\",\"@id\":\"https:\\\/\\\/regiaonews.net.br\\\/2022\\\/2024\\\/01\\\/12\\\/pm-localiza-helicoptero-que-desapareceu-a-caminho-do-litoral-norte-de-sp\\\/\",\"url\":\"https:\\\/\\\/regiaonews.net.br\\\/2022\\\/2024\\\/01\\\/12\\\/pm-localiza-helicoptero-que-desapareceu-a-caminho-do-litoral-norte-de-sp\\\/\",\"name\":\"PM localiza helic\u00f3ptero que desapareceu a caminho do litoral norte de SP - Regi\u00e3o News\",\"isPartOf\":{\"@id\":\"https:\\\/\\\/regiaonews.net.br\\\/2022\\\/#website\"},\"primaryImageOfPage\":{\"@id\":\"https:\\\/\\\/regiaonews.net.br\\\/2022\\\/2024\\\/01\\\/12\\\/pm-localiza-helicoptero-que-desapareceu-a-caminho-do-litoral-norte-de-sp\\\/#primaryimage\"},\"image\":{\"@id\":\"https:\\\/\\\/regiaonews.net.br\\\/2022\\\/2024\\\/01\\\/12\\\/pm-localiza-helicoptero-que-desapareceu-a-caminho-do-litoral-norte-de-sp\\\/#primaryimage\"},\"thumbnailUrl\":\"https:\\\/\\\/regiaonews.net.br\\\/2022\\\/wp-content\\\/uploads\\\/2024\\\/01\\\/00052725-scaled.jpeg\",\"datePublished\":\"2024-01-12T16:48:48+00:00\",\"breadcrumb\":{\"@id\":\"https:\\\/\\\/regiaonews.net.br\\\/2022\\\/2024\\\/01\\\/12\\\/pm-localiza-helicoptero-que-desapareceu-a-caminho-do-litoral-norte-de-sp\\\/#breadcrumb\"},\"inLanguage\":\"pt-BR\",\"potentialAction\":[{\"@type\":\"ReadAction\",\"target\":[\"https:\\\/\\\/regiaonews.net.br\\\/2022\\\/2024\\\/01\\\/12\\\/pm-localiza-helicoptero-que-desapareceu-a-caminho-do-litoral-norte-de-sp\\\/\"]}]},{\"@type\":\"ImageObject\",\"inLanguage\":\"pt-BR\",\"@id\":\"https:\\\/\\\/regiaonews.net.br\\\/2022\\\/2024\\\/01\\\/12\\\/pm-localiza-helicoptero-que-desapareceu-a-caminho-do-litoral-norte-de-sp\\\/#primaryimage\",\"url\":\"https:\\\/\\\/regiaonews.net.br\\\/2022\\\/wp-content\\\/uploads\\\/2024\\\/01\\\/00052725-scaled.jpeg\",\"contentUrl\":\"https:\\\/\\\/regiaonews.net.br\\\/2022\\\/wp-content\\\/uploads\\\/2024\\\/01\\\/00052725-scaled.jpeg\",\"width\":1920,\"height\":2560},{\"@type\":\"BreadcrumbList\",\"@id\":\"https:\\\/\\\/regiaonews.net.br\\\/2022\\\/2024\\\/01\\\/12\\\/pm-localiza-helicoptero-que-desapareceu-a-caminho-do-litoral-norte-de-sp\\\/#breadcrumb\",\"itemListElement\":[{\"@type\":\"ListItem\",\"position\":1,\"name\":\"In\u00edcio\",\"item\":\"https:\\\/\\\/regiaonews.net.br\\\/2022\\\/\"},{\"@type\":\"ListItem\",\"position\":2,\"name\":\"PM localiza helic\u00f3ptero que desapareceu a caminho do litoral norte de SP\"}]},{\"@type\":\"WebSite\",\"@id\":\"https:\\\/\\\/regiaonews.net.br\\\/2022\\\/#website\",\"url\":\"https:\\\/\\\/regiaonews.net.br\\\/2022\\\/\",\"name\":\"Regi\u00e3o News\",\"description\":\"Site de Not\u00edcias de Barretos e regi\u00e3o\",\"publisher\":{\"@id\":\"https:\\\/\\\/regiaonews.net.br\\\/2022\\\/#organization\"},\"potentialAction\":[{\"@type\":\"SearchAction\",\"target\":{\"@type\":\"EntryPoint\",\"urlTemplate\":\"https:\\\/\\\/regiaonews.net.br\\\/2022\\\/?s={search_term_string}\"},\"query-input\":{\"@type\":\"PropertyValueSpecification\",\"valueRequired\":true,\"valueName\":\"search_term_string\"}}],\"inLanguage\":\"pt-BR\"},{\"@type\":\"Organization\",\"@id\":\"https:\\\/\\\/regiaonews.net.br\\\/2022\\\/#organization\",\"name\":\"Regi\u00e3o News\",\"url\":\"https:\\\/\\\/regiaonews.net.br\\\/2022\\\/\",\"logo\":{\"@type\":\"ImageObject\",\"inLanguage\":\"pt-BR\",\"@id\":\"https:\\\/\\\/regiaonews.net.br\\\/2022\\\/#\\\/schema\\\/logo\\\/image\\\/\",\"url\":\"https:\\\/\\\/regiaonews.net.br\\\/2022\\\/wp-content\\\/uploads\\\/2026\\\/03\\\/regiao-13-anos-scaled.jpg\",\"contentUrl\":\"https:\\\/\\\/regiaonews.net.br\\\/2022\\\/wp-content\\\/uploads\\\/2026\\\/03\\\/regiao-13-anos-scaled.jpg\",\"width\":2560,\"height\":635,\"caption\":\"Regi\u00e3o News\"},\"image\":{\"@id\":\"https:\\\/\\\/regiaonews.net.br\\\/2022\\\/#\\\/schema\\\/logo\\\/image\\\/\"}},{\"@type\":\"Person\",\"@id\":\"https:\\\/\\\/regiaonews.net.br\\\/2022\\\/#\\\/schema\\\/person\\\/2d205a608a5aa97ac279d7a5e6d89ad8\",\"name\":\"Roberto\",\"image\":{\"@type\":\"ImageObject\",\"inLanguage\":\"pt-BR\",\"@id\":\"https:\\\/\\\/secure.gravatar.com\\\/avatar\\\/42749d8b712ff9d59ca93dc150494e5b55a44134482993f5baeb97e61b7ecc89?s=96&d=mm&r=g\",\"url\":\"https:\\\/\\\/secure.gravatar.com\\\/avatar\\\/42749d8b712ff9d59ca93dc150494e5b55a44134482993f5baeb97e61b7ecc89?s=96&d=mm&r=g\",\"contentUrl\":\"https:\\\/\\\/secure.gravatar.com\\\/avatar\\\/42749d8b712ff9d59ca93dc150494e5b55a44134482993f5baeb97e61b7ecc89?s=96&d=mm&r=g\",\"caption\":\"Roberto\"},\"url\":\"https:\\\/\\\/regiaonews.net.br\\\/2022\\\/author\\\/roberto\\\/\"}]}<\/script>\n<!-- \/ Yoast SEO plugin. -->","yoast_head_json":{"title":"PM localiza helic\u00f3ptero que desapareceu a caminho do litoral norte de SP - Regi\u00e3o News","robots":{"index":"index","follow":"follow","max-snippet":"max-snippet:-1","max-image-preview":"max-image-preview:large","max-video-preview":"max-video-preview:-1"},"canonical":"https:\/\/regiaonews.net.br\/2022\/2024\/01\/12\/pm-localiza-helicoptero-que-desapareceu-a-caminho-do-litoral-norte-de-sp\/","og_locale":"pt_BR","og_type":"article","og_title":"PM localiza helic\u00f3ptero que desapareceu a caminho do litoral norte de SP - Regi\u00e3o News","og_description":"Destro\u00e7os da aeronave foram encontrados em \u00e1rea de mata fechada","og_url":"https:\/\/regiaonews.net.br\/2022\/2024\/01\/12\/pm-localiza-helicoptero-que-desapareceu-a-caminho-do-litoral-norte-de-sp\/","og_site_name":"Regi\u00e3o News","article_published_time":"2024-01-12T16:48:48+00:00","og_image":[{"width":1920,"height":2560,"url":"https:\/\/regiaonews.net.br\/2022\/wp-content\/uploads\/2024\/01\/00052725-scaled.jpeg","type":"image\/jpeg"}],"author":"Roberto","twitter_card":"summary_large_image","twitter_misc":{"Escrito por":"Roberto","Est. tempo de leitura":"2 minutos"},"schema":{"@context":"https:\/\/schema.org","@graph":[{"@type":"Article","@id":"https:\/\/regiaonews.net.br\/2022\/2024\/01\/12\/pm-localiza-helicoptero-que-desapareceu-a-caminho-do-litoral-norte-de-sp\/#article","isPartOf":{"@id":"https:\/\/regiaonews.net.br\/2022\/2024\/01\/12\/pm-localiza-helicoptero-que-desapareceu-a-caminho-do-litoral-norte-de-sp\/"},"author":{"name":"Roberto","@id":"https:\/\/regiaonews.net.br\/2022\/#\/schema\/person\/2d205a608a5aa97ac279d7a5e6d89ad8"},"headline":"PM localiza helic\u00f3ptero que desapareceu a caminho do litoral norte de SP","datePublished":"2024-01-12T16:48:48+00:00","mainEntityOfPage":{"@id":"https:\/\/regiaonews.net.br\/2022\/2024\/01\/12\/pm-localiza-helicoptero-que-desapareceu-a-caminho-do-litoral-norte-de-sp\/"},"wordCount":377,"commentCount":0,"publisher":{"@id":"https:\/\/regiaonews.net.br\/2022\/#organization"},"image":{"@id":"https:\/\/regiaonews.net.br\/2022\/2024\/01\/12\/pm-localiza-helicoptero-que-desapareceu-a-caminho-do-litoral-norte-de-sp\/#primaryimage"},"thumbnailUrl":"https:\/\/regiaonews.net.br\/2022\/wp-content\/uploads\/2024\/01\/00052725-scaled.jpeg","articleSection":["Indefinido"],"inLanguage":"pt-BR","potentialAction":[{"@type":"CommentAction","name":"Comment","target":["https:\/\/regiaonews.net.br\/2022\/2024\/01\/12\/pm-localiza-helicoptero-que-desapareceu-a-caminho-do-litoral-norte-de-sp\/#respond"]}]},{"@type":"WebPage","@id":"https:\/\/regiaonews.net.br\/2022\/2024\/01\/12\/pm-localiza-helicoptero-que-desapareceu-a-caminho-do-litoral-norte-de-sp\/","url":"https:\/\/regiaonews.net.br\/2022\/2024\/01\/12\/pm-localiza-helicoptero-que-desapareceu-a-caminho-do-litoral-norte-de-sp\/","name":"PM localiza helic\u00f3ptero que desapareceu a caminho do litoral norte de SP - Regi\u00e3o News","isPartOf":{"@id":"https:\/\/regiaonews.net.br\/2022\/#website"},"primaryImageOfPage":{"@id":"https:\/\/regiaonews.net.br\/2022\/2024\/01\/12\/pm-localiza-helicoptero-que-desapareceu-a-caminho-do-litoral-norte-de-sp\/#primaryimage"},"image":{"@id":"https:\/\/regiaonews.net.br\/2022\/2024\/01\/12\/pm-localiza-helicoptero-que-desapareceu-a-caminho-do-litoral-norte-de-sp\/#primaryimage"},"thumbnailUrl":"https:\/\/regiaonews.net.br\/2022\/wp-content\/uploads\/2024\/01\/00052725-scaled.jpeg","datePublished":"2024-01-12T16:48:48+00:00","breadcrumb":{"@id":"https:\/\/regiaonews.net.br\/2022\/2024\/01\/12\/pm-localiza-helicoptero-que-desapareceu-a-caminho-do-litoral-norte-de-sp\/#breadcrumb"},"inLanguage":"pt-BR","potentialAction":[{"@type":"ReadAction","target":["https:\/\/regiaonews.net.br\/2022\/2024\/01\/12\/pm-localiza-helicoptero-que-desapareceu-a-caminho-do-litoral-norte-de-sp\/"]}]},{"@type":"ImageObject","inLanguage":"pt-BR","@id":"https:\/\/regiaonews.net.br\/2022\/2024\/01\/12\/pm-localiza-helicoptero-que-desapareceu-a-caminho-do-litoral-norte-de-sp\/#primaryimage","url":"https:\/\/regiaonews.net.br\/2022\/wp-content\/uploads\/2024\/01\/00052725-scaled.jpeg","contentUrl":"https:\/\/regiaonews.net.br\/2022\/wp-content\/uploads\/2024\/01\/00052725-scaled.jpeg","width":1920,"height":2560},{"@type":"BreadcrumbList","@id":"https:\/\/regiaonews.net.br\/2022\/2024\/01\/12\/pm-localiza-helicoptero-que-desapareceu-a-caminho-do-litoral-norte-de-sp\/#breadcrumb","itemListElement":[{"@type":"ListItem","position":1,"name":"In\u00edcio","item":"https:\/\/regiaonews.net.br\/2022\/"},{"@type":"ListItem","position":2,"name":"PM localiza helic\u00f3ptero que desapareceu a caminho do litoral norte de SP"}]},{"@type":"WebSite","@id":"https:\/\/regiaonews.net.br\/2022\/#website","url":"https:\/\/regiaonews.net.br\/2022\/","name":"Regi\u00e3o News","description":"Site de Not\u00edcias de Barretos e regi\u00e3o","publisher":{"@id":"https:\/\/regiaonews.net.br\/2022\/#organization"},"potentialAction":[{"@type":"SearchAction","target":{"@type":"EntryPoint","urlTemplate":"https:\/\/regiaonews.net.br\/2022\/?s={search_term_string}"},"query-input":{"@type":"PropertyValueSpecification","valueRequired":true,"valueName":"search_term_string"}}],"inLanguage":"pt-BR"},{"@type":"Organization","@id":"https:\/\/regiaonews.net.br\/2022\/#organization","name":"Regi\u00e3o News","url":"https:\/\/regiaonews.net.br\/2022\/","logo":{"@type":"ImageObject","inLanguage":"pt-BR","@id":"https:\/\/regiaonews.net.br\/2022\/#\/schema\/logo\/image\/","url":"https:\/\/regiaonews.net.br\/2022\/wp-content\/uploads\/2026\/03\/regiao-13-anos-scaled.jpg","contentUrl":"https:\/\/regiaonews.net.br\/2022\/wp-content\/uploads\/2026\/03\/regiao-13-anos-scaled.jpg","width":2560,"height":635,"caption":"Regi\u00e3o News"},"image":{"@id":"https:\/\/regiaonews.net.br\/2022\/#\/schema\/logo\/image\/"}},{"@type":"Person","@id":"https:\/\/regiaonews.net.br\/2022\/#\/schema\/person\/2d205a608a5aa97ac279d7a5e6d89ad8","name":"Roberto","image":{"@type":"ImageObject","inLanguage":"pt-BR","@id":"https:\/\/secure.gravatar.com\/avatar\/42749d8b712ff9d59ca93dc150494e5b55a44134482993f5baeb97e61b7ecc89?s=96&d=mm&r=g","url":"https:\/\/secure.gravatar.com\/avatar\/42749d8b712ff9d59ca93dc150494e5b55a44134482993f5baeb97e61b7ecc89?s=96&d=mm&r=g","contentUrl":"https:\/\/secure.gravatar.com\/avatar\/42749d8b712ff9d59ca93dc150494e5b55a44134482993f5baeb97e61b7ecc89?s=96&d=mm&r=g","caption":"Roberto"},"url":"https:\/\/regiaonews.net.br\/2022\/author\/roberto\/"}]}},"publishpress_future_action":{"enabled":false,"date":"2026-05-04 02:59:10","action":"change-status","newStatus":"draft","terms":[],"taxonomy":"category","extraData":[]},"publishpress_future_workflow_manual_trigger":{"enabledWorkflows":[]},"_links":{"self":[{"href":"https:\/\/regiaonews.net.br\/2022\/wp-json\/wp\/v2\/posts\/100115","targetHints":{"allow":["GET"]}}],"collection":[{"href":"https:\/\/regiaonews.net.br\/2022\/wp-json\/wp\/v2\/posts"}],"about":[{"href":"https:\/\/regiaonews.net.br\/2022\/wp-json\/wp\/v2\/types\/post"}],"author":[{"embeddable":true,"href":"https:\/\/regiaonews.net.br\/2022\/wp-json\/wp\/v2\/users\/2"}],"replies":[{"embeddable":true,"href":"https:\/\/regiaonews.net.br\/2022\/wp-json\/wp\/v2\/comments?post=100115"}],"version-history":[{"count":1,"href":"https:\/\/regiaonews.net.br\/2022\/wp-json\/wp\/v2\/posts\/100115\/revisions"}],"predecessor-version":[{"id":100117,"href":"https:\/\/regiaonews.net.br\/2022\/wp-json\/wp\/v2\/posts\/100115\/revisions\/100117"}],"wp:featuredmedia":[{"embeddable":true,"href":"https:\/\/regiaonews.net.br\/2022\/wp-json\/wp\/v2\/media\/100116"}],"wp:attachment":[{"href":"https:\/\/regiaonews.net.br\/2022\/wp-json\/wp\/v2\/media?parent=100115"}],"wp:term":[{"taxonomy":"category","embeddable":true,"href":"https:\/\/regiaonews.net.br\/2022\/wp-json\/wp\/v2\/categories?post=100115"},{"taxonomy":"post_tag","embeddable":true,"href":"https:\/\/regiaonews.net.br\/2022\/wp-json\/wp\/v2\/tags?post=100115"}],"curies":[{"name":"wp","href":"https:\/\/api.w.org\/{rel}","templated":true}]}}