{"id":100085,"date":"2024-01-11T20:39:08","date_gmt":"2024-01-11T23:39:08","guid":{"rendered":"https:\/\/regiaonews.net.br\/2022\/?p=100085"},"modified":"2024-01-11T20:39:08","modified_gmt":"2024-01-11T23:39:08","slug":"tornozeleiras-programa-de-sao-paulo-se-consolida-na-protecao-das-mulheres","status":"publish","type":"post","link":"https:\/\/regiaonews.net.br\/2022\/2024\/01\/11\/tornozeleiras-programa-de-sao-paulo-se-consolida-na-protecao-das-mulheres\/","title":{"rendered":"Tornozeleiras: programa de S\u00e3o Paulo se consolida na prote\u00e7\u00e3o das mulheres"},"content":{"rendered":"<div class=\"row\">\n<div class=\"col-lg-12 mt-2 justify\">\n<h5 class=\"justify\">Ferramenta de monitoramento completa quatro meses e deve ser ampliada ao longo do ano<\/h5>\n<\/div>\n<div class=\"col-lg-12 mt-3 justify\">\n<div>\n<div>Dias antes do Natal, um aut\u00f4nomo de 31 anos, monitorado com tornozeleira eletr\u00f4nica, tentou se aproximar da casa da ex-companheira. A v\u00edtima possu\u00eda uma medida protetiva de urg\u00eancia, por\u00e9m, o infrator desrespeitou a ordem judicial. Ao entrar na \u00e1rea de exclus\u00e3o, o alarme indicando a viola\u00e7\u00e3o soou no Centro de Opera\u00e7\u00f5es da Pol\u00edcia Militar.<\/div>\n<div><\/div>\n<div>Imediatamente, uma viatura da \u00e1rea foi deslocada para o local. Em patrulhamento, o homem foi localizado, detido e encaminhado \u00e0 delegacia. Mesmo com o alerta vibrat\u00f3rio da tornozeleira, o infrator permaneceu no local, desrespeitando a determina\u00e7\u00e3o judicial.<\/div>\n<div><\/div>\n<div>A a\u00e7\u00e3o r\u00e1pida, desde o acionamento da viatura at\u00e9 a deten\u00e7\u00e3o do indiv\u00edduo, impediu que ele tentasse qualquer tipo de contato com a v\u00edtima.<\/div>\n<div><\/div>\n<div>Essa a\u00e7\u00e3o foi poss\u00edvel gra\u00e7as ao projeto piloto com foco na prote\u00e7\u00e3o das mulheres v\u00edtimas de viol\u00eancia dom\u00e9stica e familiar implantado em S\u00e3o Paulo pela Secretaria da Seguran\u00e7a P\u00fablica (SSP) h\u00e1 quatro meses.<\/div>\n<div><\/div>\n<div>O programa, que prev\u00ea que agressores soltos em audi\u00eancia de cust\u00f3dia sejam monitorados com uso de tornozeleira eletr\u00f4nica, se estabeleceu como mais uma ferramenta de vigil\u00e2ncia de acusados e de prote\u00e7\u00e3o da sociedade.<\/div>\n<div><\/div>\n<div>Desde o in\u00edcio do projeto, 144 detidos receberam tornozeleira eletr\u00f4nica ap\u00f3s delibera\u00e7\u00e3o do Poder Judici\u00e1rio em audi\u00eancias de cust\u00f3dia. Do total, 65 foram por viol\u00eancia dom\u00e9stica. Os demais monitorados com os equipamentos foram por crimes como tr\u00e1fico de drogas, furtos e recepta\u00e7\u00e3o.<\/div>\n<div><\/div>\n<div>\u201cEsse projeto foi um grande acerto para que, de fato, o agressor detido por viol\u00eancia dom\u00e9stica e solto em audi\u00eancia de cust\u00f3dia seja monitorado e, em caso de descumprimento das medidas impostas, possa ser preso por uma equipe da Pol\u00edcia Militar. Dessa forma, evitamos que ele se aproxime da v\u00edtima\u201d, comentou o secret\u00e1rio da Seguran\u00e7a P\u00fablica, Guilherme Derrite.<\/div>\n<div><\/div>\n<div>O monitoramento dos agressores \u00e9 realizado pelo Centro de Opera\u00e7\u00f5es da Pol\u00edcia Militar em tempo real. Em caso de invas\u00e3o da \u00e1rea de exclus\u00e3o, ou seja, na tentativa do agressor se aproximar novamente da mulher, a viatura mais pr\u00f3xima do local \u00e9 imediatamente acionada. Ao mesmo tempo, um operador entra em contato com a v\u00edtima at\u00e9 que o infrator seja detido pela equipe e conduzido at\u00e9 a delegacia.<\/div>\n<div><\/div>\n<div><b>Amplia\u00e7\u00e3o do programa para todo o Estado<\/b><\/div>\n<div><\/div>\n<div>Por proporcionar um ganho real de seguran\u00e7a \u00e0 popula\u00e7\u00e3o, os planos \u00e9 que o monitoramento seja estendido para todo Estado at\u00e9 o fim deste ano, conforme previs\u00e3o da SSP. O objetivo \u00e9 que a vigil\u00e2ncia de agressores aconte\u00e7a de forma permanente em outras regi\u00f5es de S\u00e3o Paulo.<\/div>\n<div><\/div>\n<div>Para que esse plano seja colocado em pr\u00e1tica, a SSP est\u00e1 em processo de elabora\u00e7\u00e3o de edital para a compra de tornozeleiras eletr\u00f4nicas para expans\u00e3o do programa. Al\u00e9m disso, a Secretaria de Administra\u00e7\u00e3o Penitenci\u00e1ria (SAP), renovou a contrata\u00e7\u00e3o dos servi\u00e7os de 8 mil dispositivos que tamb\u00e9m poder\u00e3o ser usados.<\/div>\n<\/div>\n<\/div>\n<div class=\"col-lg-12 mb-5 justify\"><\/div>\n<\/div>\n<div class=\"row mb-4\"><\/div>\n","protected":false},"excerpt":{"rendered":"<p>Ferramenta de monitoramento completa quatro meses e deve ser ampliada<\/p>\n","protected":false},"author":2,"featured_media":100086,"comment_status":"open","ping_status":"open","sticky":false,"template":"","format":"standard","meta":{"footnotes":""},"categories":[23,29],"tags":[],"class_list":["post-100085","post","type-post","status-publish","format-standard","has-post-thumbnail","hentry","category-policia","category-sao-paulo"],"yoast_head":"<!-- This site is optimized with the Yoast SEO plugin v27.4 - https:\/\/yoast.com\/product\/yoast-seo-wordpress\/ -->\n<title>Tornozeleiras: programa de S\u00e3o Paulo se consolida na prote\u00e7\u00e3o das mulheres - Regi\u00e3o News<\/title>\n<meta name=\"robots\" content=\"index, follow, max-snippet:-1, max-image-preview:large, max-video-preview:-1\" \/>\n<link rel=\"canonical\" href=\"https:\/\/regiaonews.net.br\/2022\/2024\/01\/11\/tornozeleiras-programa-de-sao-paulo-se-consolida-na-protecao-das-mulheres\/\" \/>\n<meta property=\"og:locale\" content=\"pt_BR\" \/>\n<meta property=\"og:type\" content=\"article\" \/>\n<meta property=\"og:title\" content=\"Tornozeleiras: programa de S\u00e3o Paulo se consolida na prote\u00e7\u00e3o das mulheres - Regi\u00e3o News\" \/>\n<meta property=\"og:description\" content=\"Ferramenta de monitoramento completa quatro meses e deve ser ampliada\" \/>\n<meta property=\"og:url\" content=\"https:\/\/regiaonews.net.br\/2022\/2024\/01\/11\/tornozeleiras-programa-de-sao-paulo-se-consolida-na-protecao-das-mulheres\/\" \/>\n<meta property=\"og:site_name\" content=\"Regi\u00e3o News\" \/>\n<meta property=\"article:published_time\" content=\"2024-01-11T23:39:08+00:00\" \/>\n<meta property=\"og:image\" content=\"https:\/\/regiaonews.net.br\/2022\/wp-content\/uploads\/2024\/01\/00052708.jpeg\" \/>\n\t<meta property=\"og:image:width\" content=\"1280\" \/>\n\t<meta property=\"og:image:height\" content=\"960\" \/>\n\t<meta property=\"og:image:type\" content=\"image\/jpeg\" \/>\n<meta name=\"author\" content=\"Roberto\" \/>\n<meta name=\"twitter:card\" content=\"summary_large_image\" \/>\n<meta name=\"twitter:label1\" content=\"Escrito por\" \/>\n\t<meta name=\"twitter:data1\" content=\"Roberto\" \/>\n\t<meta name=\"twitter:label2\" content=\"Est. tempo de leitura\" \/>\n\t<meta name=\"twitter:data2\" content=\"3 minutos\" \/>\n<script type=\"application\/ld+json\" class=\"yoast-schema-graph\">{\"@context\":\"https:\\\/\\\/schema.org\",\"@graph\":[{\"@type\":\"Article\",\"@id\":\"https:\\\/\\\/regiaonews.net.br\\\/2022\\\/2024\\\/01\\\/11\\\/tornozeleiras-programa-de-sao-paulo-se-consolida-na-protecao-das-mulheres\\\/#article\",\"isPartOf\":{\"@id\":\"https:\\\/\\\/regiaonews.net.br\\\/2022\\\/2024\\\/01\\\/11\\\/tornozeleiras-programa-de-sao-paulo-se-consolida-na-protecao-das-mulheres\\\/\"},\"author\":{\"name\":\"Roberto\",\"@id\":\"https:\\\/\\\/regiaonews.net.br\\\/2022\\\/#\\\/schema\\\/person\\\/2d205a608a5aa97ac279d7a5e6d89ad8\"},\"headline\":\"Tornozeleiras: programa de S\u00e3o Paulo se consolida na prote\u00e7\u00e3o das mulheres\",\"datePublished\":\"2024-01-11T23:39:08+00:00\",\"mainEntityOfPage\":{\"@id\":\"https:\\\/\\\/regiaonews.net.br\\\/2022\\\/2024\\\/01\\\/11\\\/tornozeleiras-programa-de-sao-paulo-se-consolida-na-protecao-das-mulheres\\\/\"},\"wordCount\":546,\"commentCount\":0,\"publisher\":{\"@id\":\"https:\\\/\\\/regiaonews.net.br\\\/2022\\\/#organization\"},\"image\":{\"@id\":\"https:\\\/\\\/regiaonews.net.br\\\/2022\\\/2024\\\/01\\\/11\\\/tornozeleiras-programa-de-sao-paulo-se-consolida-na-protecao-das-mulheres\\\/#primaryimage\"},\"thumbnailUrl\":\"https:\\\/\\\/regiaonews.net.br\\\/2022\\\/wp-content\\\/uploads\\\/2024\\\/01\\\/00052708.jpeg\",\"articleSection\":[\"Policia\",\"S\u00e3o Paulo\"],\"inLanguage\":\"pt-BR\",\"potentialAction\":[{\"@type\":\"CommentAction\",\"name\":\"Comment\",\"target\":[\"https:\\\/\\\/regiaonews.net.br\\\/2022\\\/2024\\\/01\\\/11\\\/tornozeleiras-programa-de-sao-paulo-se-consolida-na-protecao-das-mulheres\\\/#respond\"]}]},{\"@type\":\"WebPage\",\"@id\":\"https:\\\/\\\/regiaonews.net.br\\\/2022\\\/2024\\\/01\\\/11\\\/tornozeleiras-programa-de-sao-paulo-se-consolida-na-protecao-das-mulheres\\\/\",\"url\":\"https:\\\/\\\/regiaonews.net.br\\\/2022\\\/2024\\\/01\\\/11\\\/tornozeleiras-programa-de-sao-paulo-se-consolida-na-protecao-das-mulheres\\\/\",\"name\":\"Tornozeleiras: programa de S\u00e3o Paulo se consolida na prote\u00e7\u00e3o das mulheres - Regi\u00e3o News\",\"isPartOf\":{\"@id\":\"https:\\\/\\\/regiaonews.net.br\\\/2022\\\/#website\"},\"primaryImageOfPage\":{\"@id\":\"https:\\\/\\\/regiaonews.net.br\\\/2022\\\/2024\\\/01\\\/11\\\/tornozeleiras-programa-de-sao-paulo-se-consolida-na-protecao-das-mulheres\\\/#primaryimage\"},\"image\":{\"@id\":\"https:\\\/\\\/regiaonews.net.br\\\/2022\\\/2024\\\/01\\\/11\\\/tornozeleiras-programa-de-sao-paulo-se-consolida-na-protecao-das-mulheres\\\/#primaryimage\"},\"thumbnailUrl\":\"https:\\\/\\\/regiaonews.net.br\\\/2022\\\/wp-content\\\/uploads\\\/2024\\\/01\\\/00052708.jpeg\",\"datePublished\":\"2024-01-11T23:39:08+00:00\",\"breadcrumb\":{\"@id\":\"https:\\\/\\\/regiaonews.net.br\\\/2022\\\/2024\\\/01\\\/11\\\/tornozeleiras-programa-de-sao-paulo-se-consolida-na-protecao-das-mulheres\\\/#breadcrumb\"},\"inLanguage\":\"pt-BR\",\"potentialAction\":[{\"@type\":\"ReadAction\",\"target\":[\"https:\\\/\\\/regiaonews.net.br\\\/2022\\\/2024\\\/01\\\/11\\\/tornozeleiras-programa-de-sao-paulo-se-consolida-na-protecao-das-mulheres\\\/\"]}]},{\"@type\":\"ImageObject\",\"inLanguage\":\"pt-BR\",\"@id\":\"https:\\\/\\\/regiaonews.net.br\\\/2022\\\/2024\\\/01\\\/11\\\/tornozeleiras-programa-de-sao-paulo-se-consolida-na-protecao-das-mulheres\\\/#primaryimage\",\"url\":\"https:\\\/\\\/regiaonews.net.br\\\/2022\\\/wp-content\\\/uploads\\\/2024\\\/01\\\/00052708.jpeg\",\"contentUrl\":\"https:\\\/\\\/regiaonews.net.br\\\/2022\\\/wp-content\\\/uploads\\\/2024\\\/01\\\/00052708.jpeg\",\"width\":1280,\"height\":960},{\"@type\":\"BreadcrumbList\",\"@id\":\"https:\\\/\\\/regiaonews.net.br\\\/2022\\\/2024\\\/01\\\/11\\\/tornozeleiras-programa-de-sao-paulo-se-consolida-na-protecao-das-mulheres\\\/#breadcrumb\",\"itemListElement\":[{\"@type\":\"ListItem\",\"position\":1,\"name\":\"In\u00edcio\",\"item\":\"https:\\\/\\\/regiaonews.net.br\\\/2022\\\/\"},{\"@type\":\"ListItem\",\"position\":2,\"name\":\"Tornozeleiras: programa de S\u00e3o Paulo se consolida na prote\u00e7\u00e3o das mulheres\"}]},{\"@type\":\"WebSite\",\"@id\":\"https:\\\/\\\/regiaonews.net.br\\\/2022\\\/#website\",\"url\":\"https:\\\/\\\/regiaonews.net.br\\\/2022\\\/\",\"name\":\"Regi\u00e3o News\",\"description\":\"Site de Not\u00edcias de Barretos e regi\u00e3o\",\"publisher\":{\"@id\":\"https:\\\/\\\/regiaonews.net.br\\\/2022\\\/#organization\"},\"potentialAction\":[{\"@type\":\"SearchAction\",\"target\":{\"@type\":\"EntryPoint\",\"urlTemplate\":\"https:\\\/\\\/regiaonews.net.br\\\/2022\\\/?s={search_term_string}\"},\"query-input\":{\"@type\":\"PropertyValueSpecification\",\"valueRequired\":true,\"valueName\":\"search_term_string\"}}],\"inLanguage\":\"pt-BR\"},{\"@type\":\"Organization\",\"@id\":\"https:\\\/\\\/regiaonews.net.br\\\/2022\\\/#organization\",\"name\":\"Regi\u00e3o News\",\"url\":\"https:\\\/\\\/regiaonews.net.br\\\/2022\\\/\",\"logo\":{\"@type\":\"ImageObject\",\"inLanguage\":\"pt-BR\",\"@id\":\"https:\\\/\\\/regiaonews.net.br\\\/2022\\\/#\\\/schema\\\/logo\\\/image\\\/\",\"url\":\"https:\\\/\\\/regiaonews.net.br\\\/2022\\\/wp-content\\\/uploads\\\/2026\\\/03\\\/regiao-13-anos-scaled.jpg\",\"contentUrl\":\"https:\\\/\\\/regiaonews.net.br\\\/2022\\\/wp-content\\\/uploads\\\/2026\\\/03\\\/regiao-13-anos-scaled.jpg\",\"width\":2560,\"height\":635,\"caption\":\"Regi\u00e3o News\"},\"image\":{\"@id\":\"https:\\\/\\\/regiaonews.net.br\\\/2022\\\/#\\\/schema\\\/logo\\\/image\\\/\"}},{\"@type\":\"Person\",\"@id\":\"https:\\\/\\\/regiaonews.net.br\\\/2022\\\/#\\\/schema\\\/person\\\/2d205a608a5aa97ac279d7a5e6d89ad8\",\"name\":\"Roberto\",\"image\":{\"@type\":\"ImageObject\",\"inLanguage\":\"pt-BR\",\"@id\":\"https:\\\/\\\/secure.gravatar.com\\\/avatar\\\/42749d8b712ff9d59ca93dc150494e5b55a44134482993f5baeb97e61b7ecc89?s=96&d=mm&r=g\",\"url\":\"https:\\\/\\\/secure.gravatar.com\\\/avatar\\\/42749d8b712ff9d59ca93dc150494e5b55a44134482993f5baeb97e61b7ecc89?s=96&d=mm&r=g\",\"contentUrl\":\"https:\\\/\\\/secure.gravatar.com\\\/avatar\\\/42749d8b712ff9d59ca93dc150494e5b55a44134482993f5baeb97e61b7ecc89?s=96&d=mm&r=g\",\"caption\":\"Roberto\"},\"url\":\"https:\\\/\\\/regiaonews.net.br\\\/2022\\\/author\\\/roberto\\\/\"}]}<\/script>\n<!-- \/ Yoast SEO plugin. -->","yoast_head_json":{"title":"Tornozeleiras: programa de S\u00e3o Paulo se consolida na prote\u00e7\u00e3o das mulheres - Regi\u00e3o News","robots":{"index":"index","follow":"follow","max-snippet":"max-snippet:-1","max-image-preview":"max-image-preview:large","max-video-preview":"max-video-preview:-1"},"canonical":"https:\/\/regiaonews.net.br\/2022\/2024\/01\/11\/tornozeleiras-programa-de-sao-paulo-se-consolida-na-protecao-das-mulheres\/","og_locale":"pt_BR","og_type":"article","og_title":"Tornozeleiras: programa de S\u00e3o Paulo se consolida na prote\u00e7\u00e3o das mulheres - Regi\u00e3o News","og_description":"Ferramenta de monitoramento completa quatro meses e deve ser ampliada","og_url":"https:\/\/regiaonews.net.br\/2022\/2024\/01\/11\/tornozeleiras-programa-de-sao-paulo-se-consolida-na-protecao-das-mulheres\/","og_site_name":"Regi\u00e3o News","article_published_time":"2024-01-11T23:39:08+00:00","og_image":[{"width":1280,"height":960,"url":"https:\/\/regiaonews.net.br\/2022\/wp-content\/uploads\/2024\/01\/00052708.jpeg","type":"image\/jpeg"}],"author":"Roberto","twitter_card":"summary_large_image","twitter_misc":{"Escrito por":"Roberto","Est. tempo de leitura":"3 minutos"},"schema":{"@context":"https:\/\/schema.org","@graph":[{"@type":"Article","@id":"https:\/\/regiaonews.net.br\/2022\/2024\/01\/11\/tornozeleiras-programa-de-sao-paulo-se-consolida-na-protecao-das-mulheres\/#article","isPartOf":{"@id":"https:\/\/regiaonews.net.br\/2022\/2024\/01\/11\/tornozeleiras-programa-de-sao-paulo-se-consolida-na-protecao-das-mulheres\/"},"author":{"name":"Roberto","@id":"https:\/\/regiaonews.net.br\/2022\/#\/schema\/person\/2d205a608a5aa97ac279d7a5e6d89ad8"},"headline":"Tornozeleiras: programa de S\u00e3o Paulo se consolida na prote\u00e7\u00e3o das mulheres","datePublished":"2024-01-11T23:39:08+00:00","mainEntityOfPage":{"@id":"https:\/\/regiaonews.net.br\/2022\/2024\/01\/11\/tornozeleiras-programa-de-sao-paulo-se-consolida-na-protecao-das-mulheres\/"},"wordCount":546,"commentCount":0,"publisher":{"@id":"https:\/\/regiaonews.net.br\/2022\/#organization"},"image":{"@id":"https:\/\/regiaonews.net.br\/2022\/2024\/01\/11\/tornozeleiras-programa-de-sao-paulo-se-consolida-na-protecao-das-mulheres\/#primaryimage"},"thumbnailUrl":"https:\/\/regiaonews.net.br\/2022\/wp-content\/uploads\/2024\/01\/00052708.jpeg","articleSection":["Policia","S\u00e3o Paulo"],"inLanguage":"pt-BR","potentialAction":[{"@type":"CommentAction","name":"Comment","target":["https:\/\/regiaonews.net.br\/2022\/2024\/01\/11\/tornozeleiras-programa-de-sao-paulo-se-consolida-na-protecao-das-mulheres\/#respond"]}]},{"@type":"WebPage","@id":"https:\/\/regiaonews.net.br\/2022\/2024\/01\/11\/tornozeleiras-programa-de-sao-paulo-se-consolida-na-protecao-das-mulheres\/","url":"https:\/\/regiaonews.net.br\/2022\/2024\/01\/11\/tornozeleiras-programa-de-sao-paulo-se-consolida-na-protecao-das-mulheres\/","name":"Tornozeleiras: programa de S\u00e3o Paulo se consolida na prote\u00e7\u00e3o das mulheres - Regi\u00e3o News","isPartOf":{"@id":"https:\/\/regiaonews.net.br\/2022\/#website"},"primaryImageOfPage":{"@id":"https:\/\/regiaonews.net.br\/2022\/2024\/01\/11\/tornozeleiras-programa-de-sao-paulo-se-consolida-na-protecao-das-mulheres\/#primaryimage"},"image":{"@id":"https:\/\/regiaonews.net.br\/2022\/2024\/01\/11\/tornozeleiras-programa-de-sao-paulo-se-consolida-na-protecao-das-mulheres\/#primaryimage"},"thumbnailUrl":"https:\/\/regiaonews.net.br\/2022\/wp-content\/uploads\/2024\/01\/00052708.jpeg","datePublished":"2024-01-11T23:39:08+00:00","breadcrumb":{"@id":"https:\/\/regiaonews.net.br\/2022\/2024\/01\/11\/tornozeleiras-programa-de-sao-paulo-se-consolida-na-protecao-das-mulheres\/#breadcrumb"},"inLanguage":"pt-BR","potentialAction":[{"@type":"ReadAction","target":["https:\/\/regiaonews.net.br\/2022\/2024\/01\/11\/tornozeleiras-programa-de-sao-paulo-se-consolida-na-protecao-das-mulheres\/"]}]},{"@type":"ImageObject","inLanguage":"pt-BR","@id":"https:\/\/regiaonews.net.br\/2022\/2024\/01\/11\/tornozeleiras-programa-de-sao-paulo-se-consolida-na-protecao-das-mulheres\/#primaryimage","url":"https:\/\/regiaonews.net.br\/2022\/wp-content\/uploads\/2024\/01\/00052708.jpeg","contentUrl":"https:\/\/regiaonews.net.br\/2022\/wp-content\/uploads\/2024\/01\/00052708.jpeg","width":1280,"height":960},{"@type":"BreadcrumbList","@id":"https:\/\/regiaonews.net.br\/2022\/2024\/01\/11\/tornozeleiras-programa-de-sao-paulo-se-consolida-na-protecao-das-mulheres\/#breadcrumb","itemListElement":[{"@type":"ListItem","position":1,"name":"In\u00edcio","item":"https:\/\/regiaonews.net.br\/2022\/"},{"@type":"ListItem","position":2,"name":"Tornozeleiras: programa de S\u00e3o Paulo se consolida na prote\u00e7\u00e3o das mulheres"}]},{"@type":"WebSite","@id":"https:\/\/regiaonews.net.br\/2022\/#website","url":"https:\/\/regiaonews.net.br\/2022\/","name":"Regi\u00e3o News","description":"Site de Not\u00edcias de Barretos e regi\u00e3o","publisher":{"@id":"https:\/\/regiaonews.net.br\/2022\/#organization"},"potentialAction":[{"@type":"SearchAction","target":{"@type":"EntryPoint","urlTemplate":"https:\/\/regiaonews.net.br\/2022\/?s={search_term_string}"},"query-input":{"@type":"PropertyValueSpecification","valueRequired":true,"valueName":"search_term_string"}}],"inLanguage":"pt-BR"},{"@type":"Organization","@id":"https:\/\/regiaonews.net.br\/2022\/#organization","name":"Regi\u00e3o News","url":"https:\/\/regiaonews.net.br\/2022\/","logo":{"@type":"ImageObject","inLanguage":"pt-BR","@id":"https:\/\/regiaonews.net.br\/2022\/#\/schema\/logo\/image\/","url":"https:\/\/regiaonews.net.br\/2022\/wp-content\/uploads\/2026\/03\/regiao-13-anos-scaled.jpg","contentUrl":"https:\/\/regiaonews.net.br\/2022\/wp-content\/uploads\/2026\/03\/regiao-13-anos-scaled.jpg","width":2560,"height":635,"caption":"Regi\u00e3o News"},"image":{"@id":"https:\/\/regiaonews.net.br\/2022\/#\/schema\/logo\/image\/"}},{"@type":"Person","@id":"https:\/\/regiaonews.net.br\/2022\/#\/schema\/person\/2d205a608a5aa97ac279d7a5e6d89ad8","name":"Roberto","image":{"@type":"ImageObject","inLanguage":"pt-BR","@id":"https:\/\/secure.gravatar.com\/avatar\/42749d8b712ff9d59ca93dc150494e5b55a44134482993f5baeb97e61b7ecc89?s=96&d=mm&r=g","url":"https:\/\/secure.gravatar.com\/avatar\/42749d8b712ff9d59ca93dc150494e5b55a44134482993f5baeb97e61b7ecc89?s=96&d=mm&r=g","contentUrl":"https:\/\/secure.gravatar.com\/avatar\/42749d8b712ff9d59ca93dc150494e5b55a44134482993f5baeb97e61b7ecc89?s=96&d=mm&r=g","caption":"Roberto"},"url":"https:\/\/regiaonews.net.br\/2022\/author\/roberto\/"}]}},"publishpress_future_action":{"enabled":false,"date":"2026-05-04 01:25:24","action":"change-status","newStatus":"draft","terms":[],"taxonomy":"category","extraData":[]},"publishpress_future_workflow_manual_trigger":{"enabledWorkflows":[]},"_links":{"self":[{"href":"https:\/\/regiaonews.net.br\/2022\/wp-json\/wp\/v2\/posts\/100085","targetHints":{"allow":["GET"]}}],"collection":[{"href":"https:\/\/regiaonews.net.br\/2022\/wp-json\/wp\/v2\/posts"}],"about":[{"href":"https:\/\/regiaonews.net.br\/2022\/wp-json\/wp\/v2\/types\/post"}],"author":[{"embeddable":true,"href":"https:\/\/regiaonews.net.br\/2022\/wp-json\/wp\/v2\/users\/2"}],"replies":[{"embeddable":true,"href":"https:\/\/regiaonews.net.br\/2022\/wp-json\/wp\/v2\/comments?post=100085"}],"version-history":[{"count":1,"href":"https:\/\/regiaonews.net.br\/2022\/wp-json\/wp\/v2\/posts\/100085\/revisions"}],"predecessor-version":[{"id":100087,"href":"https:\/\/regiaonews.net.br\/2022\/wp-json\/wp\/v2\/posts\/100085\/revisions\/100087"}],"wp:featuredmedia":[{"embeddable":true,"href":"https:\/\/regiaonews.net.br\/2022\/wp-json\/wp\/v2\/media\/100086"}],"wp:attachment":[{"href":"https:\/\/regiaonews.net.br\/2022\/wp-json\/wp\/v2\/media?parent=100085"}],"wp:term":[{"taxonomy":"category","embeddable":true,"href":"https:\/\/regiaonews.net.br\/2022\/wp-json\/wp\/v2\/categories?post=100085"},{"taxonomy":"post_tag","embeddable":true,"href":"https:\/\/regiaonews.net.br\/2022\/wp-json\/wp\/v2\/tags?post=100085"}],"curies":[{"name":"wp","href":"https:\/\/api.w.org\/{rel}","templated":true}]}}