{"id":100073,"date":"2024-01-11T16:49:08","date_gmt":"2024-01-11T19:49:08","guid":{"rendered":"https:\/\/regiaonews.net.br\/2022\/?p=100073"},"modified":"2024-01-11T16:49:08","modified_gmt":"2024-01-11T19:49:08","slug":"ricardo-lewandowski-sera-o-novo-ministro-da-justica","status":"publish","type":"post","link":"https:\/\/regiaonews.net.br\/2022\/2024\/01\/11\/ricardo-lewandowski-sera-o-novo-ministro-da-justica\/","title":{"rendered":"Ricardo Lewandowski ser\u00e1 o novo ministro da Justi\u00e7a"},"content":{"rendered":"<div class=\"row\">\n<h3 class=\"col-10 offset-1 animated fadeInDown dealy-900 display-8 display-md-8 alt-font font-italic my-1 text-center\" style=\"text-align: center;\">An\u00fancio foi feito nesta quinta-feira pelo presidente Lula.<\/h3>\n<p>O ex-ministro do Supremo Tribunal Federal (STF) Ricardo Lewandowski assumir\u00e1 o Minist\u00e9rio da Justi\u00e7a e Seguran\u00e7a P\u00fablica. O an\u00fancio foi feito nesta quinta-feira (11) pelo presidente Luiz In\u00e1cio Lula da Silva em pronunciamento no Pal\u00e1cio do Planalto.<img decoding=\"async\" src=\"https:\/\/agenciabrasil.ebc.com.br\/ebc.png?id=1576142&amp;o=node\" \/><img decoding=\"async\" src=\"https:\/\/agenciabrasil.ebc.com.br\/ebc.gif?id=1576142&amp;o=node\" \/><\/p>\n<p>Lewandowski ocupar\u00e1 a vaga deixada por\u00a0<a href=\"https:\/\/agenciabrasil.ebc.com.br\/politica\/noticia\/2023-11\/lula-indica-flavio-dino-para-vaga-no-stf-e-paulo-gonet-para-pgr\" target=\"_blank\" rel=\"noopener\">Fl\u00e1vio Dino<\/a>, indicado de Lula ao STF para o lugar da ex-ministra Rosa Weber, que se aposentou compulsoriamente da Corte, ao completar 75 anos de idade, em outubro do ano passado.<\/p>\n<p>Para Lula, as duas indica\u00e7\u00f5es, uma na Suprema Corte e a outra na pasta da Justi\u00e7a coroam seu primeiro ano de mandato. \u201cHoje \u00e9 um dia muito feliz para mim. Feliz porque eu estou diante de um companheiro [Fl\u00e1vio Dino] que est\u00e1 prestando servi\u00e7o extraordin\u00e1rio ao pa\u00eds, \u00e0 Justi\u00e7a brasileira, e que, acertadament,e o Congresso homologou para que seja a partir de 22 de fevereiro o novo ministro do STF\u201d, disse Lula.<\/p>\n<p>\u201cE feliz porque tenho do meu lado esquerdo um companheiro [Ricardo Lewandowski] que foi extraordin\u00e1rio ministro da Suprema Corte e que deixa uma cadeira vazia que vai ser ocupada por Fl\u00e1vio Dino, n\u00e3o a mesma dele, mas a da Suprema Corte. E ele vai ocupar a cadeira do Fl\u00e1vio Dino\u201d, acrescentou o presidente.<\/p>\n<p>Por quest\u00f5es particulares, a nomea\u00e7\u00e3o do novo ministro da Justi\u00e7a ocorrer\u00e1 em 19 de janeiro e a posse est\u00e1 marcada para 1\u00ba de fevereiro. At\u00e9 l\u00e1, Dino continua no cargo no Executivo,\u00a0depois, assume a vaga no Senado at\u00e9 a posse no Judici\u00e1rio, que ser\u00e1 em 22 de fevereiro.<\/p>\n<p>\u201cFeliz em ser sucedido pelo ministro Ricardo Lewandowski, um professor pelo qual tenho estima e admira\u00e7\u00e3o. Desejo sorte e sucesso. Teremos 20 dias de transi\u00e7\u00e3o, ao longo dos quais eu e a minha equipe ajudaremos ao m\u00e1ximo\u00a0aqueles que vierem a ser escolhidos para continuar com as tarefas que hoje conduzimos\u201d, escreveu Fl\u00e1vio Dino em publica\u00e7\u00e3o nas redes sociais.<\/p>\n<h2>Novo minist\u00e9rio<\/h2>\n<p>Segundo o presidente Lula, Lewandowski ter\u00e1 liberdade para montar o minist\u00e9rio, mas afirmou que dar\u00e1 o aval final para as novas nomea\u00e7\u00f5es.<\/p>\n<p>\u201cQualquer ministro meu \u00e9 indicado, eu indico por uma rela\u00e7\u00e3o de confian\u00e7a, eu digo \u2018monta seu governo, quando voc\u00ea estiver com o governo montado, voc\u00ea me procure que eu vou ver se tenho coisas contr\u00e1rias a algu\u00e9m ou tenho alguma indica\u00e7\u00e3o para fazer. Normalmente, tenho por h\u00e1bito cultural\u00a0n\u00e3o indicar ningu\u00e9m em nenhum minist\u00e9rio, eu quero que as pessoas montem o time com que\u00a0v\u00e3o\u00a0jogar\u201d, disse o presidente. \u201c[Em 1\u00ba de fevereiro] ele j\u00e1 vai ter uma equipe montada, vai conversar comigo e ainda vamos discutir quem fica, quem sai, quem entra, quais s\u00e3o as novidades\u201d, acrescentou.<\/p>\n<p>Mesmo antes das conversas,\u00a0o secret\u00e1rio executivo adjunto do Minist\u00e9rio da Justi\u00e7a, Diego Galdino, teve sua\u00a0<a href=\"https:\/\/www.in.gov.br\/web\/dou\/-\/portarias-de-10-de-janeiro-de-2024-536775789\" target=\"_blank\" rel=\"noopener\">exonera\u00e7\u00e3o<\/a>\u00a0publicada no\u00a0<em>Di\u00e1rio Oficial da Uni\u00e3o.\u00a0<\/em>J\u00e1 o secret\u00e1rio executivo da pasta, Ricardo Capelli, afirmou, em publica\u00e7\u00e3o nas redes sociais, que n\u00e3o pediu demiss\u00e3o. \u201cVou sair de f\u00e9rias com a minha fam\u00edlia e voltar para colaborar com a transi\u00e7\u00e3o no Minist\u00e9rio da Justi\u00e7a e Seguran\u00e7a P\u00fablica. Uni\u00e3o e eeconstru\u00e7\u00e3o\u201d, escreveu.<\/p>\n<p>Lula contou que conheceu Lewandowski com 28 anos de idade, quando este trabalhava na prefeitura de S\u00e3o Bernardo do Campo. \u201cE tive a honra de ser o presidente da Rep\u00fablica que indicou o nome dele para o Senado [para ser ministro do STF], ele foi aprovado de forma extraordin\u00e1ria, com muitos elogios por muita gente do Senado de direita, de esquerda, de centro. O mesmo aconteceu com o\u00a0<a href=\"https:\/\/agenciabrasil.ebc.com.br\/politica\/noticia\/2023-12\/senado-aprova-indicacao-de-flavio-dino-para-ministro-do-stf\" target=\"_blank\" rel=\"noopener\">Fl\u00e1vio Dino<\/a>&#8220;, lembrou.<\/p>\n<p>Ap\u00f3s indica\u00e7\u00e3o do presidente, o nome \u00e9 sabatinado na Comiss\u00e3o de Constitui\u00e7\u00e3o e Justi\u00e7a (CCJ) e precisa ser aprovado pelo colegiado e pelo plen\u00e1rio da Casa.<\/p>\n<h2>Pol\u00edtico no STF<\/h2>\n<p>Para Lula, a aprova\u00e7\u00e3o de Dino realiza um sonho seu, de que a Suprema Corte deveria ter um ministro \u201ccom a cabe\u00e7a pol\u00edtica, que tivesse vivenciado a pol\u00edtica\u201d. \u201cN\u00e3o que o que est\u00e1 l\u00e1 n\u00e3o tenha, mas ningu\u00e9m que est\u00e1 l\u00e1 tem a experi\u00eancia pol\u00edtica que tem o Fl\u00e1vio Dino, a experi\u00eancia de deputado, a experi\u00eancia de perder elei\u00e7\u00e3o, de ganhar elei\u00e7\u00e3o, de ser deputado federal, depois ser eleito governador duas vezes, de senador. Essa \u00e9 uma experi\u00eancia que n\u00f3s n\u00e3o temos nenhuma pr\u00e1tica\u201d, destacou.<\/p>\n<p>O mais novo ministro do Supremo Tribunal Federal (STF), Fl\u00e1vio Dino, herdar\u00e1 acervo de\u00a0<a href=\"https:\/\/agenciabrasil.ebc.com.br\/justica\/noticia\/2023-12\/flavio-dino-herdara-344-processos-no-supremo-tribunal-federal\" target=\"_blank\" rel=\"noopener\">344 processos<\/a>\u00a0ao assumir o cargo. Entre os processos que receber\u00e1 est\u00e3o apura\u00e7\u00f5es sobre a atua\u00e7\u00e3o do governo do ex-presidente Jair Bolsonaro durante a pandemia de covid-19 e sobre a legalidade dos indultos natalinos assinados durante a gest\u00e3o do ex-presidente.<\/p>\n<h2>Carreira<\/h2>\n<p>Lewandowski deixou o cargo de\u00a0<a href=\"https:\/\/agenciabrasil.ebc.com.br\/justica\/noticia\/2023-04\/ricardo-lewandowski-deixa-o-supremo-tribunal-federal-apos-17-anos\" target=\"_blank\" rel=\"noopener\">ministro do STF<\/a>\u00a0em 11 de abril de 2023, ap\u00f3s ter antecipado em um m\u00eas sua aposentadoria. Ele completou 75 anos em 11 de maio passado, data em que seria aposentado compulsoriamente.<\/p>\n<p>Indicado \u00e0 Suprema Corte em 2006 pelo pr\u00f3prio Lula, sua passagem ficou marcada pelo chamado garantismo, corrente que tende a dar maior peso aos direitos e garantias dos r\u00e9us em processos. Presidiu o STF e o Conselho Nacional de Justi\u00e7a (CNJ) entre 2014 e 2016, quando conduziu o processo de\u00a0<em>impeachment\u00a0<\/em>da presidente Dilma Rousseff.<\/p>\n<p>Ele foi tamb\u00e9m presidente do Tribunal Superior Eleitoral (TSE) entre 2010 e 2012. No cargo, esteve \u00e0 frente da aplica\u00e7\u00e3o da Lei da Ficha Limpa, que havia sido aprovada em 2010.<\/p>\n<p>Com a sa\u00edda do Supremo, Lewandowski voltou a advogar e focar na carreira acad\u00eamica. Nascido no Rio de Janeiro, o ex-ministro \u00e9 formado pela Universidade de S\u00e3o Paulo (USP), mesma institui\u00e7\u00e3o pela qual se tornou mestre e doutor e na qual leciona desde 1978.<\/p>\n<p>Para o lugar de Lewandowski, Lula indicou o advogado\u00a0<a href=\"https:\/\/agenciabrasil.ebc.com.br\/justica\/noticia\/2023-08\/cristiano-zanin-e-empossado-no-cargo-de-ministro-do-stf\" target=\"_blank\" rel=\"noopener\">Cristiano Zanin<\/a>.<\/p>\n<\/div>\n","protected":false},"excerpt":{"rendered":"<p>An\u00fancio foi feito nesta quinta-feira pelo presidente Lula. O ex-ministro<\/p>\n","protected":false},"author":2,"featured_media":100074,"comment_status":"open","ping_status":"open","sticky":false,"template":"","format":"standard","meta":{"footnotes":""},"categories":[3,22],"tags":[],"class_list":["post-100073","post","type-post","status-publish","format-standard","has-post-thumbnail","hentry","category-geral","category-politica"],"yoast_head":"<!-- This site is optimized with the Yoast SEO plugin v27.4 - https:\/\/yoast.com\/product\/yoast-seo-wordpress\/ -->\n<title>Ricardo Lewandowski ser\u00e1 o novo ministro da Justi\u00e7a - Regi\u00e3o News<\/title>\n<meta name=\"robots\" content=\"index, follow, max-snippet:-1, max-image-preview:large, max-video-preview:-1\" \/>\n<link rel=\"canonical\" href=\"https:\/\/regiaonews.net.br\/2022\/2024\/01\/11\/ricardo-lewandowski-sera-o-novo-ministro-da-justica\/\" \/>\n<meta property=\"og:locale\" content=\"pt_BR\" \/>\n<meta property=\"og:type\" content=\"article\" \/>\n<meta property=\"og:title\" content=\"Ricardo Lewandowski ser\u00e1 o novo ministro da Justi\u00e7a - Regi\u00e3o News\" \/>\n<meta property=\"og:description\" content=\"An\u00fancio foi feito nesta quinta-feira pelo presidente Lula. O ex-ministro\" \/>\n<meta property=\"og:url\" content=\"https:\/\/regiaonews.net.br\/2022\/2024\/01\/11\/ricardo-lewandowski-sera-o-novo-ministro-da-justica\/\" \/>\n<meta property=\"og:site_name\" content=\"Regi\u00e3o News\" \/>\n<meta property=\"article:published_time\" content=\"2024-01-11T19:49:08+00:00\" \/>\n<meta property=\"og:image\" content=\"https:\/\/regiaonews.net.br\/2022\/wp-content\/uploads\/2024\/01\/lula-dino-lewandowski_mcamgo_abr_11012024-14.webp\" \/>\n\t<meta property=\"og:image:width\" content=\"1170\" \/>\n\t<meta property=\"og:image:height\" content=\"700\" \/>\n\t<meta property=\"og:image:type\" content=\"image\/webp\" \/>\n<meta name=\"author\" content=\"Roberto\" \/>\n<meta name=\"twitter:card\" content=\"summary_large_image\" \/>\n<meta name=\"twitter:label1\" content=\"Escrito por\" \/>\n\t<meta name=\"twitter:data1\" content=\"Roberto\" \/>\n\t<meta name=\"twitter:label2\" content=\"Est. tempo de leitura\" \/>\n\t<meta name=\"twitter:data2\" content=\"6 minutos\" \/>\n<script type=\"application\/ld+json\" class=\"yoast-schema-graph\">{\"@context\":\"https:\\\/\\\/schema.org\",\"@graph\":[{\"@type\":\"Article\",\"@id\":\"https:\\\/\\\/regiaonews.net.br\\\/2022\\\/2024\\\/01\\\/11\\\/ricardo-lewandowski-sera-o-novo-ministro-da-justica\\\/#article\",\"isPartOf\":{\"@id\":\"https:\\\/\\\/regiaonews.net.br\\\/2022\\\/2024\\\/01\\\/11\\\/ricardo-lewandowski-sera-o-novo-ministro-da-justica\\\/\"},\"author\":{\"name\":\"Roberto\",\"@id\":\"https:\\\/\\\/regiaonews.net.br\\\/2022\\\/#\\\/schema\\\/person\\\/2d205a608a5aa97ac279d7a5e6d89ad8\"},\"headline\":\"Ricardo Lewandowski ser\u00e1 o novo ministro da Justi\u00e7a\",\"datePublished\":\"2024-01-11T19:49:08+00:00\",\"mainEntityOfPage\":{\"@id\":\"https:\\\/\\\/regiaonews.net.br\\\/2022\\\/2024\\\/01\\\/11\\\/ricardo-lewandowski-sera-o-novo-ministro-da-justica\\\/\"},\"wordCount\":1010,\"commentCount\":0,\"publisher\":{\"@id\":\"https:\\\/\\\/regiaonews.net.br\\\/2022\\\/#organization\"},\"image\":{\"@id\":\"https:\\\/\\\/regiaonews.net.br\\\/2022\\\/2024\\\/01\\\/11\\\/ricardo-lewandowski-sera-o-novo-ministro-da-justica\\\/#primaryimage\"},\"thumbnailUrl\":\"https:\\\/\\\/regiaonews.net.br\\\/2022\\\/wp-content\\\/uploads\\\/2024\\\/01\\\/lula-dino-lewandowski_mcamgo_abr_11012024-14.webp\",\"articleSection\":[\"Geral\",\"Pol\u00edtica\"],\"inLanguage\":\"pt-BR\",\"potentialAction\":[{\"@type\":\"CommentAction\",\"name\":\"Comment\",\"target\":[\"https:\\\/\\\/regiaonews.net.br\\\/2022\\\/2024\\\/01\\\/11\\\/ricardo-lewandowski-sera-o-novo-ministro-da-justica\\\/#respond\"]}]},{\"@type\":\"WebPage\",\"@id\":\"https:\\\/\\\/regiaonews.net.br\\\/2022\\\/2024\\\/01\\\/11\\\/ricardo-lewandowski-sera-o-novo-ministro-da-justica\\\/\",\"url\":\"https:\\\/\\\/regiaonews.net.br\\\/2022\\\/2024\\\/01\\\/11\\\/ricardo-lewandowski-sera-o-novo-ministro-da-justica\\\/\",\"name\":\"Ricardo Lewandowski ser\u00e1 o novo ministro da Justi\u00e7a - Regi\u00e3o News\",\"isPartOf\":{\"@id\":\"https:\\\/\\\/regiaonews.net.br\\\/2022\\\/#website\"},\"primaryImageOfPage\":{\"@id\":\"https:\\\/\\\/regiaonews.net.br\\\/2022\\\/2024\\\/01\\\/11\\\/ricardo-lewandowski-sera-o-novo-ministro-da-justica\\\/#primaryimage\"},\"image\":{\"@id\":\"https:\\\/\\\/regiaonews.net.br\\\/2022\\\/2024\\\/01\\\/11\\\/ricardo-lewandowski-sera-o-novo-ministro-da-justica\\\/#primaryimage\"},\"thumbnailUrl\":\"https:\\\/\\\/regiaonews.net.br\\\/2022\\\/wp-content\\\/uploads\\\/2024\\\/01\\\/lula-dino-lewandowski_mcamgo_abr_11012024-14.webp\",\"datePublished\":\"2024-01-11T19:49:08+00:00\",\"breadcrumb\":{\"@id\":\"https:\\\/\\\/regiaonews.net.br\\\/2022\\\/2024\\\/01\\\/11\\\/ricardo-lewandowski-sera-o-novo-ministro-da-justica\\\/#breadcrumb\"},\"inLanguage\":\"pt-BR\",\"potentialAction\":[{\"@type\":\"ReadAction\",\"target\":[\"https:\\\/\\\/regiaonews.net.br\\\/2022\\\/2024\\\/01\\\/11\\\/ricardo-lewandowski-sera-o-novo-ministro-da-justica\\\/\"]}]},{\"@type\":\"ImageObject\",\"inLanguage\":\"pt-BR\",\"@id\":\"https:\\\/\\\/regiaonews.net.br\\\/2022\\\/2024\\\/01\\\/11\\\/ricardo-lewandowski-sera-o-novo-ministro-da-justica\\\/#primaryimage\",\"url\":\"https:\\\/\\\/regiaonews.net.br\\\/2022\\\/wp-content\\\/uploads\\\/2024\\\/01\\\/lula-dino-lewandowski_mcamgo_abr_11012024-14.webp\",\"contentUrl\":\"https:\\\/\\\/regiaonews.net.br\\\/2022\\\/wp-content\\\/uploads\\\/2024\\\/01\\\/lula-dino-lewandowski_mcamgo_abr_11012024-14.webp\",\"width\":1170,\"height\":700},{\"@type\":\"BreadcrumbList\",\"@id\":\"https:\\\/\\\/regiaonews.net.br\\\/2022\\\/2024\\\/01\\\/11\\\/ricardo-lewandowski-sera-o-novo-ministro-da-justica\\\/#breadcrumb\",\"itemListElement\":[{\"@type\":\"ListItem\",\"position\":1,\"name\":\"In\u00edcio\",\"item\":\"https:\\\/\\\/regiaonews.net.br\\\/2022\\\/\"},{\"@type\":\"ListItem\",\"position\":2,\"name\":\"Ricardo Lewandowski ser\u00e1 o novo ministro da Justi\u00e7a\"}]},{\"@type\":\"WebSite\",\"@id\":\"https:\\\/\\\/regiaonews.net.br\\\/2022\\\/#website\",\"url\":\"https:\\\/\\\/regiaonews.net.br\\\/2022\\\/\",\"name\":\"Regi\u00e3o News\",\"description\":\"Site de Not\u00edcias de Barretos e regi\u00e3o\",\"publisher\":{\"@id\":\"https:\\\/\\\/regiaonews.net.br\\\/2022\\\/#organization\"},\"potentialAction\":[{\"@type\":\"SearchAction\",\"target\":{\"@type\":\"EntryPoint\",\"urlTemplate\":\"https:\\\/\\\/regiaonews.net.br\\\/2022\\\/?s={search_term_string}\"},\"query-input\":{\"@type\":\"PropertyValueSpecification\",\"valueRequired\":true,\"valueName\":\"search_term_string\"}}],\"inLanguage\":\"pt-BR\"},{\"@type\":\"Organization\",\"@id\":\"https:\\\/\\\/regiaonews.net.br\\\/2022\\\/#organization\",\"name\":\"Regi\u00e3o News\",\"url\":\"https:\\\/\\\/regiaonews.net.br\\\/2022\\\/\",\"logo\":{\"@type\":\"ImageObject\",\"inLanguage\":\"pt-BR\",\"@id\":\"https:\\\/\\\/regiaonews.net.br\\\/2022\\\/#\\\/schema\\\/logo\\\/image\\\/\",\"url\":\"https:\\\/\\\/regiaonews.net.br\\\/2022\\\/wp-content\\\/uploads\\\/2026\\\/03\\\/regiao-13-anos-scaled.jpg\",\"contentUrl\":\"https:\\\/\\\/regiaonews.net.br\\\/2022\\\/wp-content\\\/uploads\\\/2026\\\/03\\\/regiao-13-anos-scaled.jpg\",\"width\":2560,\"height\":635,\"caption\":\"Regi\u00e3o News\"},\"image\":{\"@id\":\"https:\\\/\\\/regiaonews.net.br\\\/2022\\\/#\\\/schema\\\/logo\\\/image\\\/\"}},{\"@type\":\"Person\",\"@id\":\"https:\\\/\\\/regiaonews.net.br\\\/2022\\\/#\\\/schema\\\/person\\\/2d205a608a5aa97ac279d7a5e6d89ad8\",\"name\":\"Roberto\",\"image\":{\"@type\":\"ImageObject\",\"inLanguage\":\"pt-BR\",\"@id\":\"https:\\\/\\\/secure.gravatar.com\\\/avatar\\\/42749d8b712ff9d59ca93dc150494e5b55a44134482993f5baeb97e61b7ecc89?s=96&d=mm&r=g\",\"url\":\"https:\\\/\\\/secure.gravatar.com\\\/avatar\\\/42749d8b712ff9d59ca93dc150494e5b55a44134482993f5baeb97e61b7ecc89?s=96&d=mm&r=g\",\"contentUrl\":\"https:\\\/\\\/secure.gravatar.com\\\/avatar\\\/42749d8b712ff9d59ca93dc150494e5b55a44134482993f5baeb97e61b7ecc89?s=96&d=mm&r=g\",\"caption\":\"Roberto\"},\"url\":\"https:\\\/\\\/regiaonews.net.br\\\/2022\\\/author\\\/roberto\\\/\"}]}<\/script>\n<!-- \/ Yoast SEO plugin. -->","yoast_head_json":{"title":"Ricardo Lewandowski ser\u00e1 o novo ministro da Justi\u00e7a - Regi\u00e3o News","robots":{"index":"index","follow":"follow","max-snippet":"max-snippet:-1","max-image-preview":"max-image-preview:large","max-video-preview":"max-video-preview:-1"},"canonical":"https:\/\/regiaonews.net.br\/2022\/2024\/01\/11\/ricardo-lewandowski-sera-o-novo-ministro-da-justica\/","og_locale":"pt_BR","og_type":"article","og_title":"Ricardo Lewandowski ser\u00e1 o novo ministro da Justi\u00e7a - Regi\u00e3o News","og_description":"An\u00fancio foi feito nesta quinta-feira pelo presidente Lula. O ex-ministro","og_url":"https:\/\/regiaonews.net.br\/2022\/2024\/01\/11\/ricardo-lewandowski-sera-o-novo-ministro-da-justica\/","og_site_name":"Regi\u00e3o News","article_published_time":"2024-01-11T19:49:08+00:00","og_image":[{"width":1170,"height":700,"url":"https:\/\/regiaonews.net.br\/2022\/wp-content\/uploads\/2024\/01\/lula-dino-lewandowski_mcamgo_abr_11012024-14.webp","type":"image\/webp"}],"author":"Roberto","twitter_card":"summary_large_image","twitter_misc":{"Escrito por":"Roberto","Est. tempo de leitura":"6 minutos"},"schema":{"@context":"https:\/\/schema.org","@graph":[{"@type":"Article","@id":"https:\/\/regiaonews.net.br\/2022\/2024\/01\/11\/ricardo-lewandowski-sera-o-novo-ministro-da-justica\/#article","isPartOf":{"@id":"https:\/\/regiaonews.net.br\/2022\/2024\/01\/11\/ricardo-lewandowski-sera-o-novo-ministro-da-justica\/"},"author":{"name":"Roberto","@id":"https:\/\/regiaonews.net.br\/2022\/#\/schema\/person\/2d205a608a5aa97ac279d7a5e6d89ad8"},"headline":"Ricardo Lewandowski ser\u00e1 o novo ministro da Justi\u00e7a","datePublished":"2024-01-11T19:49:08+00:00","mainEntityOfPage":{"@id":"https:\/\/regiaonews.net.br\/2022\/2024\/01\/11\/ricardo-lewandowski-sera-o-novo-ministro-da-justica\/"},"wordCount":1010,"commentCount":0,"publisher":{"@id":"https:\/\/regiaonews.net.br\/2022\/#organization"},"image":{"@id":"https:\/\/regiaonews.net.br\/2022\/2024\/01\/11\/ricardo-lewandowski-sera-o-novo-ministro-da-justica\/#primaryimage"},"thumbnailUrl":"https:\/\/regiaonews.net.br\/2022\/wp-content\/uploads\/2024\/01\/lula-dino-lewandowski_mcamgo_abr_11012024-14.webp","articleSection":["Geral","Pol\u00edtica"],"inLanguage":"pt-BR","potentialAction":[{"@type":"CommentAction","name":"Comment","target":["https:\/\/regiaonews.net.br\/2022\/2024\/01\/11\/ricardo-lewandowski-sera-o-novo-ministro-da-justica\/#respond"]}]},{"@type":"WebPage","@id":"https:\/\/regiaonews.net.br\/2022\/2024\/01\/11\/ricardo-lewandowski-sera-o-novo-ministro-da-justica\/","url":"https:\/\/regiaonews.net.br\/2022\/2024\/01\/11\/ricardo-lewandowski-sera-o-novo-ministro-da-justica\/","name":"Ricardo Lewandowski ser\u00e1 o novo ministro da Justi\u00e7a - Regi\u00e3o News","isPartOf":{"@id":"https:\/\/regiaonews.net.br\/2022\/#website"},"primaryImageOfPage":{"@id":"https:\/\/regiaonews.net.br\/2022\/2024\/01\/11\/ricardo-lewandowski-sera-o-novo-ministro-da-justica\/#primaryimage"},"image":{"@id":"https:\/\/regiaonews.net.br\/2022\/2024\/01\/11\/ricardo-lewandowski-sera-o-novo-ministro-da-justica\/#primaryimage"},"thumbnailUrl":"https:\/\/regiaonews.net.br\/2022\/wp-content\/uploads\/2024\/01\/lula-dino-lewandowski_mcamgo_abr_11012024-14.webp","datePublished":"2024-01-11T19:49:08+00:00","breadcrumb":{"@id":"https:\/\/regiaonews.net.br\/2022\/2024\/01\/11\/ricardo-lewandowski-sera-o-novo-ministro-da-justica\/#breadcrumb"},"inLanguage":"pt-BR","potentialAction":[{"@type":"ReadAction","target":["https:\/\/regiaonews.net.br\/2022\/2024\/01\/11\/ricardo-lewandowski-sera-o-novo-ministro-da-justica\/"]}]},{"@type":"ImageObject","inLanguage":"pt-BR","@id":"https:\/\/regiaonews.net.br\/2022\/2024\/01\/11\/ricardo-lewandowski-sera-o-novo-ministro-da-justica\/#primaryimage","url":"https:\/\/regiaonews.net.br\/2022\/wp-content\/uploads\/2024\/01\/lula-dino-lewandowski_mcamgo_abr_11012024-14.webp","contentUrl":"https:\/\/regiaonews.net.br\/2022\/wp-content\/uploads\/2024\/01\/lula-dino-lewandowski_mcamgo_abr_11012024-14.webp","width":1170,"height":700},{"@type":"BreadcrumbList","@id":"https:\/\/regiaonews.net.br\/2022\/2024\/01\/11\/ricardo-lewandowski-sera-o-novo-ministro-da-justica\/#breadcrumb","itemListElement":[{"@type":"ListItem","position":1,"name":"In\u00edcio","item":"https:\/\/regiaonews.net.br\/2022\/"},{"@type":"ListItem","position":2,"name":"Ricardo Lewandowski ser\u00e1 o novo ministro da Justi\u00e7a"}]},{"@type":"WebSite","@id":"https:\/\/regiaonews.net.br\/2022\/#website","url":"https:\/\/regiaonews.net.br\/2022\/","name":"Regi\u00e3o News","description":"Site de Not\u00edcias de Barretos e regi\u00e3o","publisher":{"@id":"https:\/\/regiaonews.net.br\/2022\/#organization"},"potentialAction":[{"@type":"SearchAction","target":{"@type":"EntryPoint","urlTemplate":"https:\/\/regiaonews.net.br\/2022\/?s={search_term_string}"},"query-input":{"@type":"PropertyValueSpecification","valueRequired":true,"valueName":"search_term_string"}}],"inLanguage":"pt-BR"},{"@type":"Organization","@id":"https:\/\/regiaonews.net.br\/2022\/#organization","name":"Regi\u00e3o News","url":"https:\/\/regiaonews.net.br\/2022\/","logo":{"@type":"ImageObject","inLanguage":"pt-BR","@id":"https:\/\/regiaonews.net.br\/2022\/#\/schema\/logo\/image\/","url":"https:\/\/regiaonews.net.br\/2022\/wp-content\/uploads\/2026\/03\/regiao-13-anos-scaled.jpg","contentUrl":"https:\/\/regiaonews.net.br\/2022\/wp-content\/uploads\/2026\/03\/regiao-13-anos-scaled.jpg","width":2560,"height":635,"caption":"Regi\u00e3o News"},"image":{"@id":"https:\/\/regiaonews.net.br\/2022\/#\/schema\/logo\/image\/"}},{"@type":"Person","@id":"https:\/\/regiaonews.net.br\/2022\/#\/schema\/person\/2d205a608a5aa97ac279d7a5e6d89ad8","name":"Roberto","image":{"@type":"ImageObject","inLanguage":"pt-BR","@id":"https:\/\/secure.gravatar.com\/avatar\/42749d8b712ff9d59ca93dc150494e5b55a44134482993f5baeb97e61b7ecc89?s=96&d=mm&r=g","url":"https:\/\/secure.gravatar.com\/avatar\/42749d8b712ff9d59ca93dc150494e5b55a44134482993f5baeb97e61b7ecc89?s=96&d=mm&r=g","contentUrl":"https:\/\/secure.gravatar.com\/avatar\/42749d8b712ff9d59ca93dc150494e5b55a44134482993f5baeb97e61b7ecc89?s=96&d=mm&r=g","caption":"Roberto"},"url":"https:\/\/regiaonews.net.br\/2022\/author\/roberto\/"}]}},"publishpress_future_action":{"enabled":false,"date":"2026-05-04 07:34:55","action":"change-status","newStatus":"draft","terms":[],"taxonomy":"category","extraData":[]},"publishpress_future_workflow_manual_trigger":{"enabledWorkflows":[]},"_links":{"self":[{"href":"https:\/\/regiaonews.net.br\/2022\/wp-json\/wp\/v2\/posts\/100073","targetHints":{"allow":["GET"]}}],"collection":[{"href":"https:\/\/regiaonews.net.br\/2022\/wp-json\/wp\/v2\/posts"}],"about":[{"href":"https:\/\/regiaonews.net.br\/2022\/wp-json\/wp\/v2\/types\/post"}],"author":[{"embeddable":true,"href":"https:\/\/regiaonews.net.br\/2022\/wp-json\/wp\/v2\/users\/2"}],"replies":[{"embeddable":true,"href":"https:\/\/regiaonews.net.br\/2022\/wp-json\/wp\/v2\/comments?post=100073"}],"version-history":[{"count":1,"href":"https:\/\/regiaonews.net.br\/2022\/wp-json\/wp\/v2\/posts\/100073\/revisions"}],"predecessor-version":[{"id":100075,"href":"https:\/\/regiaonews.net.br\/2022\/wp-json\/wp\/v2\/posts\/100073\/revisions\/100075"}],"wp:featuredmedia":[{"embeddable":true,"href":"https:\/\/regiaonews.net.br\/2022\/wp-json\/wp\/v2\/media\/100074"}],"wp:attachment":[{"href":"https:\/\/regiaonews.net.br\/2022\/wp-json\/wp\/v2\/media?parent=100073"}],"wp:term":[{"taxonomy":"category","embeddable":true,"href":"https:\/\/regiaonews.net.br\/2022\/wp-json\/wp\/v2\/categories?post=100073"},{"taxonomy":"post_tag","embeddable":true,"href":"https:\/\/regiaonews.net.br\/2022\/wp-json\/wp\/v2\/tags?post=100073"}],"curies":[{"name":"wp","href":"https:\/\/api.w.org\/{rel}","templated":true}]}}