{"id":100068,"date":"2024-01-11T16:47:08","date_gmt":"2024-01-11T19:47:08","guid":{"rendered":"https:\/\/regiaonews.net.br\/2022\/?p=100068"},"modified":"2024-01-11T16:47:08","modified_gmt":"2024-01-11T19:47:08","slug":"colombia-entrega-titulos-de-regularizacao-fundiaria-do-conjunto-habitacional-joel-formiga","status":"publish","type":"post","link":"https:\/\/regiaonews.net.br\/2022\/2024\/01\/11\/colombia-entrega-titulos-de-regularizacao-fundiaria-do-conjunto-habitacional-joel-formiga\/","title":{"rendered":"Col\u00f4mbia entrega t\u00edtulos de regulariza\u00e7\u00e3o fundi\u00e1ria do Conjunto Habitacional Joel Formiga"},"content":{"rendered":"<p>A Prefeitura Municipal de Col\u00f4mbia, em colabora\u00e7\u00e3o com o Governo do Estado de S\u00e3o Paulo e a CDHU, realizou a entrega de aproximadamente 70 t\u00edtulos de regulariza\u00e7\u00e3o fundi\u00e1ria durante a manh\u00e3 desta ter\u00e7a-feira, 09, na Escola Municipal Ma\u00e7\u00e3o Nozaki.<\/p>\n<p>O prefeito, J\u00falio Cesar dos Santos (Tuta), ressaltou a significativa import\u00e2ncia desse momento para o munic\u00edpio. &#8220;Estamos dedicados incessantemente, e este programa de regulariza\u00e7\u00e3o fundi\u00e1ria proporciona mais seguran\u00e7a e liberdade para que essas fam\u00edlias possam trilhar seus caminhos com dignidade. Agrade\u00e7o a todos que estiveram presentes nesta manh\u00e3, contribuindo para este evento hist\u00f3rico de suma import\u00e2ncia para os moradores&#8221;, destacou.<\/p>\n<p>Tuta informou tamb\u00e9m que os moradores ausentes na cerim\u00f4nia de entrega ainda podem obter a matr\u00edcula na prefeitura. &#8220;Aqueles que n\u00e3o retiraram sua matr\u00edcula podem procurar o Setor de Tributos da prefeitura para obter a t\u00e3o aguardada matr\u00edcula de regulariza\u00e7\u00e3o&#8221;, afirmou o prefeito.<\/p>\n<p>A matr\u00edcula \u00e9 equivalente a uma certid\u00e3o de nascimento do im\u00f3vel, contendo informa\u00e7\u00f5es essenciais para sua identifica\u00e7\u00e3o jur\u00eddica. Os moradores que receberam o documento passam a ser oficialmente os propriet\u00e1rios de seus im\u00f3veis, garantindo-lhes acesso ao mercado formal de cr\u00e9dito, a possibilidade de comercializar suas casas ou transferi-las para herdeiros, entre outros benef\u00edcios.<\/p>\n<p>&#8220;Esta \u00e9 uma demanda antiga que ficar\u00e1 registrada na hist\u00f3ria de nossa cidade, visto que os moradores aguardavam por este momento h\u00e1 anos. Inicia-se uma nova etapa, e desejamos mais tranquilidade e felicidade a todas essas fam\u00edlias. Expresso meu agradecimento a todos os funcion\u00e1rios da CDHU, Governo do Estado, minha equipe de secret\u00e1rios, superintendentes, minha esposa Sinara Machado, minha vice-prefeita Eloisa Prado, e todos os contemplados por este importante programa&#8221;,\u00a0concluiu.<\/p>\n","protected":false},"excerpt":{"rendered":"<p>A Prefeitura Municipal de Col\u00f4mbia, em colabora\u00e7\u00e3o com o Governo<\/p>\n","protected":false},"author":2,"featured_media":69483,"comment_status":"open","ping_status":"open","sticky":false,"template":"","format":"standard","meta":{"footnotes":""},"categories":[24,6],"tags":[],"class_list":["post-100068","post","type-post","status-publish","format-standard","has-post-thumbnail","hentry","category-brasil","category-colombia"],"yoast_head":"<!-- This site is optimized with the Yoast SEO plugin v27.4 - https:\/\/yoast.com\/product\/yoast-seo-wordpress\/ -->\n<title>Col\u00f4mbia entrega t\u00edtulos de regulariza\u00e7\u00e3o fundi\u00e1ria do Conjunto Habitacional Joel Formiga - Regi\u00e3o News<\/title>\n<meta name=\"robots\" content=\"index, follow, max-snippet:-1, max-image-preview:large, max-video-preview:-1\" \/>\n<link rel=\"canonical\" href=\"https:\/\/regiaonews.net.br\/2022\/2024\/01\/11\/colombia-entrega-titulos-de-regularizacao-fundiaria-do-conjunto-habitacional-joel-formiga\/\" \/>\n<meta property=\"og:locale\" content=\"pt_BR\" \/>\n<meta property=\"og:type\" content=\"article\" \/>\n<meta property=\"og:title\" content=\"Col\u00f4mbia entrega t\u00edtulos de regulariza\u00e7\u00e3o fundi\u00e1ria do Conjunto Habitacional Joel Formiga - Regi\u00e3o News\" \/>\n<meta property=\"og:description\" content=\"A Prefeitura Municipal de Col\u00f4mbia, em colabora\u00e7\u00e3o com o Governo\" \/>\n<meta property=\"og:url\" content=\"https:\/\/regiaonews.net.br\/2022\/2024\/01\/11\/colombia-entrega-titulos-de-regularizacao-fundiaria-do-conjunto-habitacional-joel-formiga\/\" \/>\n<meta property=\"og:site_name\" content=\"Regi\u00e3o News\" \/>\n<meta property=\"article:published_time\" content=\"2024-01-11T19:47:08+00:00\" \/>\n<meta property=\"og:image\" content=\"https:\/\/regiaonews.net.br\/2022\/wp-content\/uploads\/2022\/04\/obra-colombia.jpeg\" \/>\n\t<meta property=\"og:image:width\" content=\"992\" \/>\n\t<meta property=\"og:image:height\" content=\"661\" \/>\n\t<meta property=\"og:image:type\" content=\"image\/jpeg\" \/>\n<meta name=\"author\" content=\"Roberto\" \/>\n<meta name=\"twitter:card\" content=\"summary_large_image\" \/>\n<meta name=\"twitter:label1\" content=\"Escrito por\" \/>\n\t<meta name=\"twitter:data1\" content=\"Roberto\" \/>\n\t<meta name=\"twitter:label2\" content=\"Est. tempo de leitura\" \/>\n\t<meta name=\"twitter:data2\" content=\"2 minutos\" \/>\n<script type=\"application\/ld+json\" class=\"yoast-schema-graph\">{\"@context\":\"https:\\\/\\\/schema.org\",\"@graph\":[{\"@type\":\"Article\",\"@id\":\"https:\\\/\\\/regiaonews.net.br\\\/2022\\\/2024\\\/01\\\/11\\\/colombia-entrega-titulos-de-regularizacao-fundiaria-do-conjunto-habitacional-joel-formiga\\\/#article\",\"isPartOf\":{\"@id\":\"https:\\\/\\\/regiaonews.net.br\\\/2022\\\/2024\\\/01\\\/11\\\/colombia-entrega-titulos-de-regularizacao-fundiaria-do-conjunto-habitacional-joel-formiga\\\/\"},\"author\":{\"name\":\"Roberto\",\"@id\":\"https:\\\/\\\/regiaonews.net.br\\\/2022\\\/#\\\/schema\\\/person\\\/2d205a608a5aa97ac279d7a5e6d89ad8\"},\"headline\":\"Col\u00f4mbia entrega t\u00edtulos de regulariza\u00e7\u00e3o fundi\u00e1ria do Conjunto Habitacional Joel Formiga\",\"datePublished\":\"2024-01-11T19:47:08+00:00\",\"mainEntityOfPage\":{\"@id\":\"https:\\\/\\\/regiaonews.net.br\\\/2022\\\/2024\\\/01\\\/11\\\/colombia-entrega-titulos-de-regularizacao-fundiaria-do-conjunto-habitacional-joel-formiga\\\/\"},\"wordCount\":317,\"commentCount\":0,\"publisher\":{\"@id\":\"https:\\\/\\\/regiaonews.net.br\\\/2022\\\/#organization\"},\"image\":{\"@id\":\"https:\\\/\\\/regiaonews.net.br\\\/2022\\\/2024\\\/01\\\/11\\\/colombia-entrega-titulos-de-regularizacao-fundiaria-do-conjunto-habitacional-joel-formiga\\\/#primaryimage\"},\"thumbnailUrl\":\"https:\\\/\\\/regiaonews.net.br\\\/2022\\\/wp-content\\\/uploads\\\/2022\\\/04\\\/obra-colombia.jpeg\",\"articleSection\":[\"Brasil\",\"Col\u00f4mbia\"],\"inLanguage\":\"pt-BR\",\"potentialAction\":[{\"@type\":\"CommentAction\",\"name\":\"Comment\",\"target\":[\"https:\\\/\\\/regiaonews.net.br\\\/2022\\\/2024\\\/01\\\/11\\\/colombia-entrega-titulos-de-regularizacao-fundiaria-do-conjunto-habitacional-joel-formiga\\\/#respond\"]}]},{\"@type\":\"WebPage\",\"@id\":\"https:\\\/\\\/regiaonews.net.br\\\/2022\\\/2024\\\/01\\\/11\\\/colombia-entrega-titulos-de-regularizacao-fundiaria-do-conjunto-habitacional-joel-formiga\\\/\",\"url\":\"https:\\\/\\\/regiaonews.net.br\\\/2022\\\/2024\\\/01\\\/11\\\/colombia-entrega-titulos-de-regularizacao-fundiaria-do-conjunto-habitacional-joel-formiga\\\/\",\"name\":\"Col\u00f4mbia entrega t\u00edtulos de regulariza\u00e7\u00e3o fundi\u00e1ria do Conjunto Habitacional Joel Formiga - Regi\u00e3o News\",\"isPartOf\":{\"@id\":\"https:\\\/\\\/regiaonews.net.br\\\/2022\\\/#website\"},\"primaryImageOfPage\":{\"@id\":\"https:\\\/\\\/regiaonews.net.br\\\/2022\\\/2024\\\/01\\\/11\\\/colombia-entrega-titulos-de-regularizacao-fundiaria-do-conjunto-habitacional-joel-formiga\\\/#primaryimage\"},\"image\":{\"@id\":\"https:\\\/\\\/regiaonews.net.br\\\/2022\\\/2024\\\/01\\\/11\\\/colombia-entrega-titulos-de-regularizacao-fundiaria-do-conjunto-habitacional-joel-formiga\\\/#primaryimage\"},\"thumbnailUrl\":\"https:\\\/\\\/regiaonews.net.br\\\/2022\\\/wp-content\\\/uploads\\\/2022\\\/04\\\/obra-colombia.jpeg\",\"datePublished\":\"2024-01-11T19:47:08+00:00\",\"breadcrumb\":{\"@id\":\"https:\\\/\\\/regiaonews.net.br\\\/2022\\\/2024\\\/01\\\/11\\\/colombia-entrega-titulos-de-regularizacao-fundiaria-do-conjunto-habitacional-joel-formiga\\\/#breadcrumb\"},\"inLanguage\":\"pt-BR\",\"potentialAction\":[{\"@type\":\"ReadAction\",\"target\":[\"https:\\\/\\\/regiaonews.net.br\\\/2022\\\/2024\\\/01\\\/11\\\/colombia-entrega-titulos-de-regularizacao-fundiaria-do-conjunto-habitacional-joel-formiga\\\/\"]}]},{\"@type\":\"ImageObject\",\"inLanguage\":\"pt-BR\",\"@id\":\"https:\\\/\\\/regiaonews.net.br\\\/2022\\\/2024\\\/01\\\/11\\\/colombia-entrega-titulos-de-regularizacao-fundiaria-do-conjunto-habitacional-joel-formiga\\\/#primaryimage\",\"url\":\"https:\\\/\\\/regiaonews.net.br\\\/2022\\\/wp-content\\\/uploads\\\/2022\\\/04\\\/obra-colombia.jpeg\",\"contentUrl\":\"https:\\\/\\\/regiaonews.net.br\\\/2022\\\/wp-content\\\/uploads\\\/2022\\\/04\\\/obra-colombia.jpeg\",\"width\":992,\"height\":661},{\"@type\":\"BreadcrumbList\",\"@id\":\"https:\\\/\\\/regiaonews.net.br\\\/2022\\\/2024\\\/01\\\/11\\\/colombia-entrega-titulos-de-regularizacao-fundiaria-do-conjunto-habitacional-joel-formiga\\\/#breadcrumb\",\"itemListElement\":[{\"@type\":\"ListItem\",\"position\":1,\"name\":\"In\u00edcio\",\"item\":\"https:\\\/\\\/regiaonews.net.br\\\/2022\\\/\"},{\"@type\":\"ListItem\",\"position\":2,\"name\":\"Col\u00f4mbia entrega t\u00edtulos de regulariza\u00e7\u00e3o fundi\u00e1ria do Conjunto Habitacional Joel Formiga\"}]},{\"@type\":\"WebSite\",\"@id\":\"https:\\\/\\\/regiaonews.net.br\\\/2022\\\/#website\",\"url\":\"https:\\\/\\\/regiaonews.net.br\\\/2022\\\/\",\"name\":\"Regi\u00e3o News\",\"description\":\"Site de Not\u00edcias de Barretos e regi\u00e3o\",\"publisher\":{\"@id\":\"https:\\\/\\\/regiaonews.net.br\\\/2022\\\/#organization\"},\"potentialAction\":[{\"@type\":\"SearchAction\",\"target\":{\"@type\":\"EntryPoint\",\"urlTemplate\":\"https:\\\/\\\/regiaonews.net.br\\\/2022\\\/?s={search_term_string}\"},\"query-input\":{\"@type\":\"PropertyValueSpecification\",\"valueRequired\":true,\"valueName\":\"search_term_string\"}}],\"inLanguage\":\"pt-BR\"},{\"@type\":\"Organization\",\"@id\":\"https:\\\/\\\/regiaonews.net.br\\\/2022\\\/#organization\",\"name\":\"Regi\u00e3o News\",\"url\":\"https:\\\/\\\/regiaonews.net.br\\\/2022\\\/\",\"logo\":{\"@type\":\"ImageObject\",\"inLanguage\":\"pt-BR\",\"@id\":\"https:\\\/\\\/regiaonews.net.br\\\/2022\\\/#\\\/schema\\\/logo\\\/image\\\/\",\"url\":\"https:\\\/\\\/regiaonews.net.br\\\/2022\\\/wp-content\\\/uploads\\\/2026\\\/03\\\/regiao-13-anos-scaled.jpg\",\"contentUrl\":\"https:\\\/\\\/regiaonews.net.br\\\/2022\\\/wp-content\\\/uploads\\\/2026\\\/03\\\/regiao-13-anos-scaled.jpg\",\"width\":2560,\"height\":635,\"caption\":\"Regi\u00e3o News\"},\"image\":{\"@id\":\"https:\\\/\\\/regiaonews.net.br\\\/2022\\\/#\\\/schema\\\/logo\\\/image\\\/\"}},{\"@type\":\"Person\",\"@id\":\"https:\\\/\\\/regiaonews.net.br\\\/2022\\\/#\\\/schema\\\/person\\\/2d205a608a5aa97ac279d7a5e6d89ad8\",\"name\":\"Roberto\",\"image\":{\"@type\":\"ImageObject\",\"inLanguage\":\"pt-BR\",\"@id\":\"https:\\\/\\\/secure.gravatar.com\\\/avatar\\\/42749d8b712ff9d59ca93dc150494e5b55a44134482993f5baeb97e61b7ecc89?s=96&d=mm&r=g\",\"url\":\"https:\\\/\\\/secure.gravatar.com\\\/avatar\\\/42749d8b712ff9d59ca93dc150494e5b55a44134482993f5baeb97e61b7ecc89?s=96&d=mm&r=g\",\"contentUrl\":\"https:\\\/\\\/secure.gravatar.com\\\/avatar\\\/42749d8b712ff9d59ca93dc150494e5b55a44134482993f5baeb97e61b7ecc89?s=96&d=mm&r=g\",\"caption\":\"Roberto\"},\"url\":\"https:\\\/\\\/regiaonews.net.br\\\/2022\\\/author\\\/roberto\\\/\"}]}<\/script>\n<!-- \/ Yoast SEO plugin. -->","yoast_head_json":{"title":"Col\u00f4mbia entrega t\u00edtulos de regulariza\u00e7\u00e3o fundi\u00e1ria do Conjunto Habitacional Joel Formiga - Regi\u00e3o News","robots":{"index":"index","follow":"follow","max-snippet":"max-snippet:-1","max-image-preview":"max-image-preview:large","max-video-preview":"max-video-preview:-1"},"canonical":"https:\/\/regiaonews.net.br\/2022\/2024\/01\/11\/colombia-entrega-titulos-de-regularizacao-fundiaria-do-conjunto-habitacional-joel-formiga\/","og_locale":"pt_BR","og_type":"article","og_title":"Col\u00f4mbia entrega t\u00edtulos de regulariza\u00e7\u00e3o fundi\u00e1ria do Conjunto Habitacional Joel Formiga - Regi\u00e3o News","og_description":"A Prefeitura Municipal de Col\u00f4mbia, em colabora\u00e7\u00e3o com o Governo","og_url":"https:\/\/regiaonews.net.br\/2022\/2024\/01\/11\/colombia-entrega-titulos-de-regularizacao-fundiaria-do-conjunto-habitacional-joel-formiga\/","og_site_name":"Regi\u00e3o News","article_published_time":"2024-01-11T19:47:08+00:00","og_image":[{"width":992,"height":661,"url":"https:\/\/regiaonews.net.br\/2022\/wp-content\/uploads\/2022\/04\/obra-colombia.jpeg","type":"image\/jpeg"}],"author":"Roberto","twitter_card":"summary_large_image","twitter_misc":{"Escrito por":"Roberto","Est. tempo de leitura":"2 minutos"},"schema":{"@context":"https:\/\/schema.org","@graph":[{"@type":"Article","@id":"https:\/\/regiaonews.net.br\/2022\/2024\/01\/11\/colombia-entrega-titulos-de-regularizacao-fundiaria-do-conjunto-habitacional-joel-formiga\/#article","isPartOf":{"@id":"https:\/\/regiaonews.net.br\/2022\/2024\/01\/11\/colombia-entrega-titulos-de-regularizacao-fundiaria-do-conjunto-habitacional-joel-formiga\/"},"author":{"name":"Roberto","@id":"https:\/\/regiaonews.net.br\/2022\/#\/schema\/person\/2d205a608a5aa97ac279d7a5e6d89ad8"},"headline":"Col\u00f4mbia entrega t\u00edtulos de regulariza\u00e7\u00e3o fundi\u00e1ria do Conjunto Habitacional Joel Formiga","datePublished":"2024-01-11T19:47:08+00:00","mainEntityOfPage":{"@id":"https:\/\/regiaonews.net.br\/2022\/2024\/01\/11\/colombia-entrega-titulos-de-regularizacao-fundiaria-do-conjunto-habitacional-joel-formiga\/"},"wordCount":317,"commentCount":0,"publisher":{"@id":"https:\/\/regiaonews.net.br\/2022\/#organization"},"image":{"@id":"https:\/\/regiaonews.net.br\/2022\/2024\/01\/11\/colombia-entrega-titulos-de-regularizacao-fundiaria-do-conjunto-habitacional-joel-formiga\/#primaryimage"},"thumbnailUrl":"https:\/\/regiaonews.net.br\/2022\/wp-content\/uploads\/2022\/04\/obra-colombia.jpeg","articleSection":["Brasil","Col\u00f4mbia"],"inLanguage":"pt-BR","potentialAction":[{"@type":"CommentAction","name":"Comment","target":["https:\/\/regiaonews.net.br\/2022\/2024\/01\/11\/colombia-entrega-titulos-de-regularizacao-fundiaria-do-conjunto-habitacional-joel-formiga\/#respond"]}]},{"@type":"WebPage","@id":"https:\/\/regiaonews.net.br\/2022\/2024\/01\/11\/colombia-entrega-titulos-de-regularizacao-fundiaria-do-conjunto-habitacional-joel-formiga\/","url":"https:\/\/regiaonews.net.br\/2022\/2024\/01\/11\/colombia-entrega-titulos-de-regularizacao-fundiaria-do-conjunto-habitacional-joel-formiga\/","name":"Col\u00f4mbia entrega t\u00edtulos de regulariza\u00e7\u00e3o fundi\u00e1ria do Conjunto Habitacional Joel Formiga - Regi\u00e3o News","isPartOf":{"@id":"https:\/\/regiaonews.net.br\/2022\/#website"},"primaryImageOfPage":{"@id":"https:\/\/regiaonews.net.br\/2022\/2024\/01\/11\/colombia-entrega-titulos-de-regularizacao-fundiaria-do-conjunto-habitacional-joel-formiga\/#primaryimage"},"image":{"@id":"https:\/\/regiaonews.net.br\/2022\/2024\/01\/11\/colombia-entrega-titulos-de-regularizacao-fundiaria-do-conjunto-habitacional-joel-formiga\/#primaryimage"},"thumbnailUrl":"https:\/\/regiaonews.net.br\/2022\/wp-content\/uploads\/2022\/04\/obra-colombia.jpeg","datePublished":"2024-01-11T19:47:08+00:00","breadcrumb":{"@id":"https:\/\/regiaonews.net.br\/2022\/2024\/01\/11\/colombia-entrega-titulos-de-regularizacao-fundiaria-do-conjunto-habitacional-joel-formiga\/#breadcrumb"},"inLanguage":"pt-BR","potentialAction":[{"@type":"ReadAction","target":["https:\/\/regiaonews.net.br\/2022\/2024\/01\/11\/colombia-entrega-titulos-de-regularizacao-fundiaria-do-conjunto-habitacional-joel-formiga\/"]}]},{"@type":"ImageObject","inLanguage":"pt-BR","@id":"https:\/\/regiaonews.net.br\/2022\/2024\/01\/11\/colombia-entrega-titulos-de-regularizacao-fundiaria-do-conjunto-habitacional-joel-formiga\/#primaryimage","url":"https:\/\/regiaonews.net.br\/2022\/wp-content\/uploads\/2022\/04\/obra-colombia.jpeg","contentUrl":"https:\/\/regiaonews.net.br\/2022\/wp-content\/uploads\/2022\/04\/obra-colombia.jpeg","width":992,"height":661},{"@type":"BreadcrumbList","@id":"https:\/\/regiaonews.net.br\/2022\/2024\/01\/11\/colombia-entrega-titulos-de-regularizacao-fundiaria-do-conjunto-habitacional-joel-formiga\/#breadcrumb","itemListElement":[{"@type":"ListItem","position":1,"name":"In\u00edcio","item":"https:\/\/regiaonews.net.br\/2022\/"},{"@type":"ListItem","position":2,"name":"Col\u00f4mbia entrega t\u00edtulos de regulariza\u00e7\u00e3o fundi\u00e1ria do Conjunto Habitacional Joel Formiga"}]},{"@type":"WebSite","@id":"https:\/\/regiaonews.net.br\/2022\/#website","url":"https:\/\/regiaonews.net.br\/2022\/","name":"Regi\u00e3o News","description":"Site de Not\u00edcias de Barretos e regi\u00e3o","publisher":{"@id":"https:\/\/regiaonews.net.br\/2022\/#organization"},"potentialAction":[{"@type":"SearchAction","target":{"@type":"EntryPoint","urlTemplate":"https:\/\/regiaonews.net.br\/2022\/?s={search_term_string}"},"query-input":{"@type":"PropertyValueSpecification","valueRequired":true,"valueName":"search_term_string"}}],"inLanguage":"pt-BR"},{"@type":"Organization","@id":"https:\/\/regiaonews.net.br\/2022\/#organization","name":"Regi\u00e3o News","url":"https:\/\/regiaonews.net.br\/2022\/","logo":{"@type":"ImageObject","inLanguage":"pt-BR","@id":"https:\/\/regiaonews.net.br\/2022\/#\/schema\/logo\/image\/","url":"https:\/\/regiaonews.net.br\/2022\/wp-content\/uploads\/2026\/03\/regiao-13-anos-scaled.jpg","contentUrl":"https:\/\/regiaonews.net.br\/2022\/wp-content\/uploads\/2026\/03\/regiao-13-anos-scaled.jpg","width":2560,"height":635,"caption":"Regi\u00e3o News"},"image":{"@id":"https:\/\/regiaonews.net.br\/2022\/#\/schema\/logo\/image\/"}},{"@type":"Person","@id":"https:\/\/regiaonews.net.br\/2022\/#\/schema\/person\/2d205a608a5aa97ac279d7a5e6d89ad8","name":"Roberto","image":{"@type":"ImageObject","inLanguage":"pt-BR","@id":"https:\/\/secure.gravatar.com\/avatar\/42749d8b712ff9d59ca93dc150494e5b55a44134482993f5baeb97e61b7ecc89?s=96&d=mm&r=g","url":"https:\/\/secure.gravatar.com\/avatar\/42749d8b712ff9d59ca93dc150494e5b55a44134482993f5baeb97e61b7ecc89?s=96&d=mm&r=g","contentUrl":"https:\/\/secure.gravatar.com\/avatar\/42749d8b712ff9d59ca93dc150494e5b55a44134482993f5baeb97e61b7ecc89?s=96&d=mm&r=g","caption":"Roberto"},"url":"https:\/\/regiaonews.net.br\/2022\/author\/roberto\/"}]}},"publishpress_future_action":{"enabled":false,"date":"2026-05-04 10:37:13","action":"change-status","newStatus":"draft","terms":[],"taxonomy":"category","extraData":[]},"publishpress_future_workflow_manual_trigger":{"enabledWorkflows":[]},"_links":{"self":[{"href":"https:\/\/regiaonews.net.br\/2022\/wp-json\/wp\/v2\/posts\/100068","targetHints":{"allow":["GET"]}}],"collection":[{"href":"https:\/\/regiaonews.net.br\/2022\/wp-json\/wp\/v2\/posts"}],"about":[{"href":"https:\/\/regiaonews.net.br\/2022\/wp-json\/wp\/v2\/types\/post"}],"author":[{"embeddable":true,"href":"https:\/\/regiaonews.net.br\/2022\/wp-json\/wp\/v2\/users\/2"}],"replies":[{"embeddable":true,"href":"https:\/\/regiaonews.net.br\/2022\/wp-json\/wp\/v2\/comments?post=100068"}],"version-history":[{"count":1,"href":"https:\/\/regiaonews.net.br\/2022\/wp-json\/wp\/v2\/posts\/100068\/revisions"}],"predecessor-version":[{"id":100069,"href":"https:\/\/regiaonews.net.br\/2022\/wp-json\/wp\/v2\/posts\/100068\/revisions\/100069"}],"wp:featuredmedia":[{"embeddable":true,"href":"https:\/\/regiaonews.net.br\/2022\/wp-json\/wp\/v2\/media\/69483"}],"wp:attachment":[{"href":"https:\/\/regiaonews.net.br\/2022\/wp-json\/wp\/v2\/media?parent=100068"}],"wp:term":[{"taxonomy":"category","embeddable":true,"href":"https:\/\/regiaonews.net.br\/2022\/wp-json\/wp\/v2\/categories?post=100068"},{"taxonomy":"post_tag","embeddable":true,"href":"https:\/\/regiaonews.net.br\/2022\/wp-json\/wp\/v2\/tags?post=100068"}],"curies":[{"name":"wp","href":"https:\/\/api.w.org\/{rel}","templated":true}]}}