{"id":100056,"date":"2024-01-10T21:31:04","date_gmt":"2024-01-11T00:31:04","guid":{"rendered":"https:\/\/regiaonews.net.br\/2022\/?p=100056"},"modified":"2024-01-10T21:33:25","modified_gmt":"2024-01-11T00:33:25","slug":"ferias-com-diversao-iguatemi-sao-jose-do-rio-preto-tem-parque-instagramavel-contacao-de-historias-oficinas-e-espetaculos-infantis-em-sua-programacao","status":"publish","type":"post","link":"https:\/\/regiaonews.net.br\/2022\/2024\/01\/10\/ferias-com-diversao-iguatemi-sao-jose-do-rio-preto-tem-parque-instagramavel-contacao-de-historias-oficinas-e-espetaculos-infantis-em-sua-programacao\/","title":{"rendered":"F\u00e9rias com divers\u00e3o: Iguatemi S\u00e3o Jos\u00e9 do Rio Preto tem parque instagram\u00e1vel, conta\u00e7\u00e3o de hist\u00f3rias, oficinas e espet\u00e1culos infantis em sua programa\u00e7\u00e3o"},"content":{"rendered":"<p>Para promover lazer e despertar a criatividade das crian\u00e7as, o empreendimento oferece atividades gratuitas durante todo o m\u00eas de janeiro<\/p>\n<p>Dando in\u00edcio \u00e0 programa\u00e7\u00e3o de f\u00e9rias, que pretende despertar a criatividade das crian\u00e7as e promover lazer e divers\u00e3o para toda fam\u00edlia, o Shopping Iguatemi S\u00e3o Jos\u00e9 do Rio Preto preparou atividades gratuitas para todo o m\u00eas de janeiro.<\/p>\n<p>A partir do dia 8, o empreendimento recebe o Rainbow Beez Doce, um parque instagram\u00e1vel que proporciona uma experi\u00eancia in\u00e9dita, onde personagens ganham vida diante dos olhos curiosos das crian\u00e7as, enquanto uma fragr\u00e2ncia adocicada envolve o ambiente, tornando cada momento ainda mais especial. O espa\u00e7o est\u00e1 localizado no piso t\u00e9rreo e segue o hor\u00e1rio de funcionamento do shopping, de segunda a s\u00e1bado, das 10h \u00e0s 22h, e domingos e feriados, das 14h \u00e0s 20h. Os valores devem ser consultados na bilheteria do evento, no mesmo piso.<\/p>\n<p>&#8220;Preparamos uma programa\u00e7\u00e3o de f\u00e9rias diversa e que ir\u00e1 garantir a divers\u00e3o das crian\u00e7as durante esta temporada. Queremos fazer parte dos momentos felizes em fam\u00edlia, por isso, todas as atividades foram pensadas com aten\u00e7\u00e3o e carinho para que nossos clientes pudessem ter uma experi\u00eancia memor\u00e1vel com a gente&#8221;, conta Paula Barreto, Gerente Geral do Iguatemi S\u00e3o Jos\u00e9 do Rio Preto.<\/p>\n<p>Para deixar a programa\u00e7\u00e3o ainda mais completa, o projeto &#8220;Conta\u00e7\u00e3o de Hist\u00f3ria&#8221; ser\u00e1 respons\u00e1vel por proporcionar uma verdadeira viagem liter\u00e1ria aos pequenos. No dia 13, todos poder\u00e3o se divertir com o conto &#8220;Uma Aventura Congelante&#8221; e, no dia 20, com &#8220;Alice no Pa\u00eds das Maravilhas&#8221;. O projeto acontece a partir das 17h, em frente a Ri Happy Brinquedos, no piso superior.<\/p>\n<p>Oficinas criativas tamb\u00e9m far\u00e3o parte da temporada de f\u00e9rias. Nos dias 13 e 20, das 14h \u00e0s 20h, acontecer\u00e1 um Momento Estrela, onde os visitantes mirins far\u00e3o penteados e maquiagem com produtos Estrela Beauty. As vagas s\u00e3o limitadas e as inscri\u00e7\u00f5es devem ser feitas pelo whatsapp da loja: (17) 99627-6505.<\/p>\n<p>No dia 20, a partir das 16h, as crian\u00e7as poder\u00e3o decorar cupcakes com a Masterchef Priscylla Luswarghi. A a\u00e7\u00e3o acontece na loja Tramontina, no piso t\u00e9rreo, e as vagas s\u00e3o limitadas. As inscri\u00e7\u00f5es devem ser feitas pelo whatsapp da loja: (17) 99128-3088.<\/p>\n<p>O tradicional projeto Domingo \u00e9 Dia de Teatro apresentar\u00e1 dois grandes espet\u00e1culos, em frente ao restaurante Coco Bambu, no piso superior, a partir das 17h, com entrada gratuita.<\/p>\n<p>A primeira apresenta\u00e7\u00e3o ser\u00e1 no dia 14, com o conto &#8220;Peter Pan&#8221;, que apresenta a hist\u00f3ria de um garoto que se recusa a crescer. Aproveitando a aus\u00eancia dos pais de Wendy, Peter vai at\u00e9 sua casa e ensina ela e seus irm\u00e3os, Jo\u00e3o e Miguel, como devem fazer para voar, iniciando uma grande aventura.<\/p>\n<p>J\u00e1 a segunda apresenta\u00e7\u00e3o do m\u00eas acontece no dia 21, com o espet\u00e1culo &#8220;Aladdin&#8221;. A hist\u00f3ria apresenta um jovem humilde, que descobre uma l\u00e2mpada m\u00e1gica com um g\u00eanio que pode conceder desejos. Empolgado, o rapaz quer conquistar a mo\u00e7a por quem se apaixonou, mas o que ele n\u00e3o sabe \u00e9 que a jovem \u00e9 uma princesa que j\u00e1 est\u00e1 comprometida. Com a ajuda do g\u00eanio, ele tenta se passar por um pr\u00edncipe para fisgar o amor da mo\u00e7a e a confian\u00e7a de seu pai.<\/p>\n<p>Cinema<br \/>\nAl\u00e9m da programa\u00e7\u00e3o especial gratuita, o shopping tamb\u00e9m conta estreias de grandes filmes infantis na Cin\u00e9polis, que oferece lazer e conforto atrav\u00e9s de suas salas exclusivas como a VIP e a de tecnologia Macro XE.<\/p>\n<p>Em cartaz:<br \/>\nWish: O Poder dos Desejos &#8211; Como surgiu a estrela dos desejos, sobre a qual tantos personagens desejavam? Essa \u00e9 a hist\u00f3ria de Asha, de 17 anos, uma otimista com uma intelig\u00eancia afiada que se preocupa infinitamente com sua comunidade. Em um momento de desespero, Asha faz um apelo apaixonado \u00e0s estrelas, que \u00e9 respondido por uma for\u00e7a c\u00f3smica, uma pequena bola de energia ilimitada chamada Estrela. Juntos, eles enfrentam o mais formid\u00e1vel dos inimigos para salvar sua comunidade e provar que quando a vontade de um humano corajoso se conecta com a magia das estrelas, coisas maravilhosas podem acontecer.<\/p>\n<p>Patos! &#8211; A fam\u00edlia Mallard est\u00e1 um pouco ref\u00e9m da rotina. Enquanto Mack, o pai, se contenta em manter sua fam\u00edlia segura nos arredores de um lago da Nova Inglaterra para sempre, Pam, a m\u00e3e, est\u00e1 ansiosa para agitar as coisas e mostrar a seus filhos \u2013 o adolescente Dax e a patinha Gwen \u2013 o mundo inteiro. Quando uma fam\u00edlia de patos migrat\u00f3rios aterrissa em seu lago com hist\u00f3rias emocionantes de lugares distantes, Pam convence Mack a embarcar em uma viagem em fam\u00edlia, via Nova York, para a Jamaica tropical.<\/p>\n<p>Pr\u00f3ximas estreias:<br \/>\n11 de janeiro &#8211; Chama a Bebel<br \/>\n18 de janeiro &#8211; Turma da M\u00f4nica Jovem: Reflexos do Medo<br \/>\n18 de janeiro &#8211; Meu Amigo Rob\u00f4<br \/>\nA programa\u00e7\u00e3o completa pode ser conferida no site https:\/\/www.cinepolis.com.br\/pre-vendas\/<\/p>\n<p>Sobre o Iguatemi S\u00e3o Jos\u00e9 do Rio Preto<br \/>\nConsiderado o primeiro e maior complexo multiuso do Noroeste Paulista, o Iguatemi S\u00e3o Jos\u00e9 do Rio Preto pertence \u00e0 Iguatemi S.A, carrega a excel\u00eancia e pioneirismo da marca em seu DNA. O empreendimento re\u00fane moda, arte, cultura, gastronomia, entretenimento, lazer, servi\u00e7os exclusivos, e conta com o hotel Hyatt Place, uma torre comercial (Iguatemi Business) e o residencial Integrado. Com um ambiente agrad\u00e1vel e aconchegante, pensado para proporcionar experi\u00eancias \u00fanicas e exclusivas, o Iguatemi S\u00e3o Jos\u00e9 do Rio Preto oferece um mix diversificado com marcas conceituadas do varejo nacional e internacional, entretenimento exclusivo e restaurantes renomados que o consolidaram como o principal polo gastron\u00f4mico da regi\u00e3o. Mais informa\u00e7\u00f5es: https:\/\/iguatemi.com.br\/saojosedoriopreto\/<\/p>\n","protected":false},"excerpt":{"rendered":"<p>Para promover lazer e despertar a criatividade das crian\u00e7as, o<\/p>\n","protected":false},"author":2,"featured_media":100058,"comment_status":"open","ping_status":"open","sticky":false,"template":"","format":"standard","meta":{"footnotes":""},"categories":[25,38],"tags":[],"class_list":["post-100056","post","type-post","status-publish","format-standard","has-post-thumbnail","hentry","category-cidades","category-sao-jose-do-rio-preto"],"yoast_head":"<!-- This site is optimized with the Yoast SEO plugin v27.4 - https:\/\/yoast.com\/product\/yoast-seo-wordpress\/ -->\n<title>F\u00e9rias com divers\u00e3o: Iguatemi S\u00e3o Jos\u00e9 do Rio Preto tem parque instagram\u00e1vel, conta\u00e7\u00e3o de hist\u00f3rias, oficinas e espet\u00e1culos infantis em sua programa\u00e7\u00e3o - Regi\u00e3o News<\/title>\n<meta name=\"robots\" content=\"index, follow, max-snippet:-1, max-image-preview:large, max-video-preview:-1\" \/>\n<link rel=\"canonical\" href=\"https:\/\/regiaonews.net.br\/2022\/2024\/01\/10\/ferias-com-diversao-iguatemi-sao-jose-do-rio-preto-tem-parque-instagramavel-contacao-de-historias-oficinas-e-espetaculos-infantis-em-sua-programacao\/\" \/>\n<meta property=\"og:locale\" content=\"pt_BR\" \/>\n<meta property=\"og:type\" content=\"article\" \/>\n<meta property=\"og:title\" content=\"F\u00e9rias com divers\u00e3o: Iguatemi S\u00e3o Jos\u00e9 do Rio Preto tem parque instagram\u00e1vel, conta\u00e7\u00e3o de hist\u00f3rias, oficinas e espet\u00e1culos infantis em sua programa\u00e7\u00e3o - Regi\u00e3o News\" \/>\n<meta property=\"og:description\" content=\"Para promover lazer e despertar a criatividade das crian\u00e7as, o\" \/>\n<meta property=\"og:url\" content=\"https:\/\/regiaonews.net.br\/2022\/2024\/01\/10\/ferias-com-diversao-iguatemi-sao-jose-do-rio-preto-tem-parque-instagramavel-contacao-de-historias-oficinas-e-espetaculos-infantis-em-sua-programacao\/\" \/>\n<meta property=\"og:site_name\" content=\"Regi\u00e3o News\" \/>\n<meta property=\"article:published_time\" content=\"2024-01-11T00:31:04+00:00\" \/>\n<meta property=\"article:modified_time\" content=\"2024-01-11T00:33:25+00:00\" \/>\n<meta property=\"og:image\" content=\"https:\/\/regiaonews.net.br\/2022\/wp-content\/uploads\/2024\/01\/WhatsApp-Image-2024-01-10-at-16.49.37.jpeg\" \/>\n\t<meta property=\"og:image:width\" content=\"1600\" \/>\n\t<meta property=\"og:image:height\" content=\"1066\" \/>\n\t<meta property=\"og:image:type\" content=\"image\/jpeg\" \/>\n<meta name=\"author\" content=\"Roberto\" \/>\n<meta name=\"twitter:card\" content=\"summary_large_image\" \/>\n<meta name=\"twitter:label1\" content=\"Escrito por\" \/>\n\t<meta name=\"twitter:data1\" content=\"Roberto\" \/>\n\t<meta name=\"twitter:label2\" content=\"Est. tempo de leitura\" \/>\n\t<meta name=\"twitter:data2\" content=\"6 minutos\" \/>\n<script type=\"application\/ld+json\" class=\"yoast-schema-graph\">{\"@context\":\"https:\\\/\\\/schema.org\",\"@graph\":[{\"@type\":\"Article\",\"@id\":\"https:\\\/\\\/regiaonews.net.br\\\/2022\\\/2024\\\/01\\\/10\\\/ferias-com-diversao-iguatemi-sao-jose-do-rio-preto-tem-parque-instagramavel-contacao-de-historias-oficinas-e-espetaculos-infantis-em-sua-programacao\\\/#article\",\"isPartOf\":{\"@id\":\"https:\\\/\\\/regiaonews.net.br\\\/2022\\\/2024\\\/01\\\/10\\\/ferias-com-diversao-iguatemi-sao-jose-do-rio-preto-tem-parque-instagramavel-contacao-de-historias-oficinas-e-espetaculos-infantis-em-sua-programacao\\\/\"},\"author\":{\"name\":\"Roberto\",\"@id\":\"https:\\\/\\\/regiaonews.net.br\\\/2022\\\/#\\\/schema\\\/person\\\/2d205a608a5aa97ac279d7a5e6d89ad8\"},\"headline\":\"F\u00e9rias com divers\u00e3o: Iguatemi S\u00e3o Jos\u00e9 do Rio Preto tem parque instagram\u00e1vel, conta\u00e7\u00e3o de hist\u00f3rias, oficinas e espet\u00e1culos infantis em sua programa\u00e7\u00e3o\",\"datePublished\":\"2024-01-11T00:31:04+00:00\",\"dateModified\":\"2024-01-11T00:33:25+00:00\",\"mainEntityOfPage\":{\"@id\":\"https:\\\/\\\/regiaonews.net.br\\\/2022\\\/2024\\\/01\\\/10\\\/ferias-com-diversao-iguatemi-sao-jose-do-rio-preto-tem-parque-instagramavel-contacao-de-historias-oficinas-e-espetaculos-infantis-em-sua-programacao\\\/\"},\"wordCount\":1019,\"commentCount\":0,\"publisher\":{\"@id\":\"https:\\\/\\\/regiaonews.net.br\\\/2022\\\/#organization\"},\"image\":{\"@id\":\"https:\\\/\\\/regiaonews.net.br\\\/2022\\\/2024\\\/01\\\/10\\\/ferias-com-diversao-iguatemi-sao-jose-do-rio-preto-tem-parque-instagramavel-contacao-de-historias-oficinas-e-espetaculos-infantis-em-sua-programacao\\\/#primaryimage\"},\"thumbnailUrl\":\"https:\\\/\\\/regiaonews.net.br\\\/2022\\\/wp-content\\\/uploads\\\/2024\\\/01\\\/WhatsApp-Image-2024-01-10-at-16.49.37.jpeg\",\"articleSection\":[\"Cidades\",\"S\u00e3o Jos\u00e9 do RIo Preto\"],\"inLanguage\":\"pt-BR\",\"potentialAction\":[{\"@type\":\"CommentAction\",\"name\":\"Comment\",\"target\":[\"https:\\\/\\\/regiaonews.net.br\\\/2022\\\/2024\\\/01\\\/10\\\/ferias-com-diversao-iguatemi-sao-jose-do-rio-preto-tem-parque-instagramavel-contacao-de-historias-oficinas-e-espetaculos-infantis-em-sua-programacao\\\/#respond\"]}]},{\"@type\":\"WebPage\",\"@id\":\"https:\\\/\\\/regiaonews.net.br\\\/2022\\\/2024\\\/01\\\/10\\\/ferias-com-diversao-iguatemi-sao-jose-do-rio-preto-tem-parque-instagramavel-contacao-de-historias-oficinas-e-espetaculos-infantis-em-sua-programacao\\\/\",\"url\":\"https:\\\/\\\/regiaonews.net.br\\\/2022\\\/2024\\\/01\\\/10\\\/ferias-com-diversao-iguatemi-sao-jose-do-rio-preto-tem-parque-instagramavel-contacao-de-historias-oficinas-e-espetaculos-infantis-em-sua-programacao\\\/\",\"name\":\"F\u00e9rias com divers\u00e3o: Iguatemi S\u00e3o Jos\u00e9 do Rio Preto tem parque instagram\u00e1vel, conta\u00e7\u00e3o de hist\u00f3rias, oficinas e espet\u00e1culos infantis em sua programa\u00e7\u00e3o - Regi\u00e3o News\",\"isPartOf\":{\"@id\":\"https:\\\/\\\/regiaonews.net.br\\\/2022\\\/#website\"},\"primaryImageOfPage\":{\"@id\":\"https:\\\/\\\/regiaonews.net.br\\\/2022\\\/2024\\\/01\\\/10\\\/ferias-com-diversao-iguatemi-sao-jose-do-rio-preto-tem-parque-instagramavel-contacao-de-historias-oficinas-e-espetaculos-infantis-em-sua-programacao\\\/#primaryimage\"},\"image\":{\"@id\":\"https:\\\/\\\/regiaonews.net.br\\\/2022\\\/2024\\\/01\\\/10\\\/ferias-com-diversao-iguatemi-sao-jose-do-rio-preto-tem-parque-instagramavel-contacao-de-historias-oficinas-e-espetaculos-infantis-em-sua-programacao\\\/#primaryimage\"},\"thumbnailUrl\":\"https:\\\/\\\/regiaonews.net.br\\\/2022\\\/wp-content\\\/uploads\\\/2024\\\/01\\\/WhatsApp-Image-2024-01-10-at-16.49.37.jpeg\",\"datePublished\":\"2024-01-11T00:31:04+00:00\",\"dateModified\":\"2024-01-11T00:33:25+00:00\",\"breadcrumb\":{\"@id\":\"https:\\\/\\\/regiaonews.net.br\\\/2022\\\/2024\\\/01\\\/10\\\/ferias-com-diversao-iguatemi-sao-jose-do-rio-preto-tem-parque-instagramavel-contacao-de-historias-oficinas-e-espetaculos-infantis-em-sua-programacao\\\/#breadcrumb\"},\"inLanguage\":\"pt-BR\",\"potentialAction\":[{\"@type\":\"ReadAction\",\"target\":[\"https:\\\/\\\/regiaonews.net.br\\\/2022\\\/2024\\\/01\\\/10\\\/ferias-com-diversao-iguatemi-sao-jose-do-rio-preto-tem-parque-instagramavel-contacao-de-historias-oficinas-e-espetaculos-infantis-em-sua-programacao\\\/\"]}]},{\"@type\":\"ImageObject\",\"inLanguage\":\"pt-BR\",\"@id\":\"https:\\\/\\\/regiaonews.net.br\\\/2022\\\/2024\\\/01\\\/10\\\/ferias-com-diversao-iguatemi-sao-jose-do-rio-preto-tem-parque-instagramavel-contacao-de-historias-oficinas-e-espetaculos-infantis-em-sua-programacao\\\/#primaryimage\",\"url\":\"https:\\\/\\\/regiaonews.net.br\\\/2022\\\/wp-content\\\/uploads\\\/2024\\\/01\\\/WhatsApp-Image-2024-01-10-at-16.49.37.jpeg\",\"contentUrl\":\"https:\\\/\\\/regiaonews.net.br\\\/2022\\\/wp-content\\\/uploads\\\/2024\\\/01\\\/WhatsApp-Image-2024-01-10-at-16.49.37.jpeg\",\"width\":1600,\"height\":1066},{\"@type\":\"BreadcrumbList\",\"@id\":\"https:\\\/\\\/regiaonews.net.br\\\/2022\\\/2024\\\/01\\\/10\\\/ferias-com-diversao-iguatemi-sao-jose-do-rio-preto-tem-parque-instagramavel-contacao-de-historias-oficinas-e-espetaculos-infantis-em-sua-programacao\\\/#breadcrumb\",\"itemListElement\":[{\"@type\":\"ListItem\",\"position\":1,\"name\":\"In\u00edcio\",\"item\":\"https:\\\/\\\/regiaonews.net.br\\\/2022\\\/\"},{\"@type\":\"ListItem\",\"position\":2,\"name\":\"F\u00e9rias com divers\u00e3o: Iguatemi S\u00e3o Jos\u00e9 do Rio Preto tem parque instagram\u00e1vel, conta\u00e7\u00e3o de hist\u00f3rias, oficinas e espet\u00e1culos infantis em sua programa\u00e7\u00e3o\"}]},{\"@type\":\"WebSite\",\"@id\":\"https:\\\/\\\/regiaonews.net.br\\\/2022\\\/#website\",\"url\":\"https:\\\/\\\/regiaonews.net.br\\\/2022\\\/\",\"name\":\"Regi\u00e3o News\",\"description\":\"Site de Not\u00edcias de Barretos e regi\u00e3o\",\"publisher\":{\"@id\":\"https:\\\/\\\/regiaonews.net.br\\\/2022\\\/#organization\"},\"potentialAction\":[{\"@type\":\"SearchAction\",\"target\":{\"@type\":\"EntryPoint\",\"urlTemplate\":\"https:\\\/\\\/regiaonews.net.br\\\/2022\\\/?s={search_term_string}\"},\"query-input\":{\"@type\":\"PropertyValueSpecification\",\"valueRequired\":true,\"valueName\":\"search_term_string\"}}],\"inLanguage\":\"pt-BR\"},{\"@type\":\"Organization\",\"@id\":\"https:\\\/\\\/regiaonews.net.br\\\/2022\\\/#organization\",\"name\":\"Regi\u00e3o News\",\"url\":\"https:\\\/\\\/regiaonews.net.br\\\/2022\\\/\",\"logo\":{\"@type\":\"ImageObject\",\"inLanguage\":\"pt-BR\",\"@id\":\"https:\\\/\\\/regiaonews.net.br\\\/2022\\\/#\\\/schema\\\/logo\\\/image\\\/\",\"url\":\"https:\\\/\\\/regiaonews.net.br\\\/2022\\\/wp-content\\\/uploads\\\/2026\\\/03\\\/regiao-13-anos-scaled.jpg\",\"contentUrl\":\"https:\\\/\\\/regiaonews.net.br\\\/2022\\\/wp-content\\\/uploads\\\/2026\\\/03\\\/regiao-13-anos-scaled.jpg\",\"width\":2560,\"height\":635,\"caption\":\"Regi\u00e3o News\"},\"image\":{\"@id\":\"https:\\\/\\\/regiaonews.net.br\\\/2022\\\/#\\\/schema\\\/logo\\\/image\\\/\"}},{\"@type\":\"Person\",\"@id\":\"https:\\\/\\\/regiaonews.net.br\\\/2022\\\/#\\\/schema\\\/person\\\/2d205a608a5aa97ac279d7a5e6d89ad8\",\"name\":\"Roberto\",\"image\":{\"@type\":\"ImageObject\",\"inLanguage\":\"pt-BR\",\"@id\":\"https:\\\/\\\/secure.gravatar.com\\\/avatar\\\/42749d8b712ff9d59ca93dc150494e5b55a44134482993f5baeb97e61b7ecc89?s=96&d=mm&r=g\",\"url\":\"https:\\\/\\\/secure.gravatar.com\\\/avatar\\\/42749d8b712ff9d59ca93dc150494e5b55a44134482993f5baeb97e61b7ecc89?s=96&d=mm&r=g\",\"contentUrl\":\"https:\\\/\\\/secure.gravatar.com\\\/avatar\\\/42749d8b712ff9d59ca93dc150494e5b55a44134482993f5baeb97e61b7ecc89?s=96&d=mm&r=g\",\"caption\":\"Roberto\"},\"url\":\"https:\\\/\\\/regiaonews.net.br\\\/2022\\\/author\\\/roberto\\\/\"}]}<\/script>\n<!-- \/ Yoast SEO plugin. -->","yoast_head_json":{"title":"F\u00e9rias com divers\u00e3o: Iguatemi S\u00e3o Jos\u00e9 do Rio Preto tem parque instagram\u00e1vel, conta\u00e7\u00e3o de hist\u00f3rias, oficinas e espet\u00e1culos infantis em sua programa\u00e7\u00e3o - Regi\u00e3o News","robots":{"index":"index","follow":"follow","max-snippet":"max-snippet:-1","max-image-preview":"max-image-preview:large","max-video-preview":"max-video-preview:-1"},"canonical":"https:\/\/regiaonews.net.br\/2022\/2024\/01\/10\/ferias-com-diversao-iguatemi-sao-jose-do-rio-preto-tem-parque-instagramavel-contacao-de-historias-oficinas-e-espetaculos-infantis-em-sua-programacao\/","og_locale":"pt_BR","og_type":"article","og_title":"F\u00e9rias com divers\u00e3o: Iguatemi S\u00e3o Jos\u00e9 do Rio Preto tem parque instagram\u00e1vel, conta\u00e7\u00e3o de hist\u00f3rias, oficinas e espet\u00e1culos infantis em sua programa\u00e7\u00e3o - Regi\u00e3o News","og_description":"Para promover lazer e despertar a criatividade das crian\u00e7as, o","og_url":"https:\/\/regiaonews.net.br\/2022\/2024\/01\/10\/ferias-com-diversao-iguatemi-sao-jose-do-rio-preto-tem-parque-instagramavel-contacao-de-historias-oficinas-e-espetaculos-infantis-em-sua-programacao\/","og_site_name":"Regi\u00e3o News","article_published_time":"2024-01-11T00:31:04+00:00","article_modified_time":"2024-01-11T00:33:25+00:00","og_image":[{"width":1600,"height":1066,"url":"https:\/\/regiaonews.net.br\/2022\/wp-content\/uploads\/2024\/01\/WhatsApp-Image-2024-01-10-at-16.49.37.jpeg","type":"image\/jpeg"}],"author":"Roberto","twitter_card":"summary_large_image","twitter_misc":{"Escrito por":"Roberto","Est. tempo de leitura":"6 minutos"},"schema":{"@context":"https:\/\/schema.org","@graph":[{"@type":"Article","@id":"https:\/\/regiaonews.net.br\/2022\/2024\/01\/10\/ferias-com-diversao-iguatemi-sao-jose-do-rio-preto-tem-parque-instagramavel-contacao-de-historias-oficinas-e-espetaculos-infantis-em-sua-programacao\/#article","isPartOf":{"@id":"https:\/\/regiaonews.net.br\/2022\/2024\/01\/10\/ferias-com-diversao-iguatemi-sao-jose-do-rio-preto-tem-parque-instagramavel-contacao-de-historias-oficinas-e-espetaculos-infantis-em-sua-programacao\/"},"author":{"name":"Roberto","@id":"https:\/\/regiaonews.net.br\/2022\/#\/schema\/person\/2d205a608a5aa97ac279d7a5e6d89ad8"},"headline":"F\u00e9rias com divers\u00e3o: Iguatemi S\u00e3o Jos\u00e9 do Rio Preto tem parque instagram\u00e1vel, conta\u00e7\u00e3o de hist\u00f3rias, oficinas e espet\u00e1culos infantis em sua programa\u00e7\u00e3o","datePublished":"2024-01-11T00:31:04+00:00","dateModified":"2024-01-11T00:33:25+00:00","mainEntityOfPage":{"@id":"https:\/\/regiaonews.net.br\/2022\/2024\/01\/10\/ferias-com-diversao-iguatemi-sao-jose-do-rio-preto-tem-parque-instagramavel-contacao-de-historias-oficinas-e-espetaculos-infantis-em-sua-programacao\/"},"wordCount":1019,"commentCount":0,"publisher":{"@id":"https:\/\/regiaonews.net.br\/2022\/#organization"},"image":{"@id":"https:\/\/regiaonews.net.br\/2022\/2024\/01\/10\/ferias-com-diversao-iguatemi-sao-jose-do-rio-preto-tem-parque-instagramavel-contacao-de-historias-oficinas-e-espetaculos-infantis-em-sua-programacao\/#primaryimage"},"thumbnailUrl":"https:\/\/regiaonews.net.br\/2022\/wp-content\/uploads\/2024\/01\/WhatsApp-Image-2024-01-10-at-16.49.37.jpeg","articleSection":["Cidades","S\u00e3o Jos\u00e9 do RIo Preto"],"inLanguage":"pt-BR","potentialAction":[{"@type":"CommentAction","name":"Comment","target":["https:\/\/regiaonews.net.br\/2022\/2024\/01\/10\/ferias-com-diversao-iguatemi-sao-jose-do-rio-preto-tem-parque-instagramavel-contacao-de-historias-oficinas-e-espetaculos-infantis-em-sua-programacao\/#respond"]}]},{"@type":"WebPage","@id":"https:\/\/regiaonews.net.br\/2022\/2024\/01\/10\/ferias-com-diversao-iguatemi-sao-jose-do-rio-preto-tem-parque-instagramavel-contacao-de-historias-oficinas-e-espetaculos-infantis-em-sua-programacao\/","url":"https:\/\/regiaonews.net.br\/2022\/2024\/01\/10\/ferias-com-diversao-iguatemi-sao-jose-do-rio-preto-tem-parque-instagramavel-contacao-de-historias-oficinas-e-espetaculos-infantis-em-sua-programacao\/","name":"F\u00e9rias com divers\u00e3o: Iguatemi S\u00e3o Jos\u00e9 do Rio Preto tem parque instagram\u00e1vel, conta\u00e7\u00e3o de hist\u00f3rias, oficinas e espet\u00e1culos infantis em sua programa\u00e7\u00e3o - Regi\u00e3o News","isPartOf":{"@id":"https:\/\/regiaonews.net.br\/2022\/#website"},"primaryImageOfPage":{"@id":"https:\/\/regiaonews.net.br\/2022\/2024\/01\/10\/ferias-com-diversao-iguatemi-sao-jose-do-rio-preto-tem-parque-instagramavel-contacao-de-historias-oficinas-e-espetaculos-infantis-em-sua-programacao\/#primaryimage"},"image":{"@id":"https:\/\/regiaonews.net.br\/2022\/2024\/01\/10\/ferias-com-diversao-iguatemi-sao-jose-do-rio-preto-tem-parque-instagramavel-contacao-de-historias-oficinas-e-espetaculos-infantis-em-sua-programacao\/#primaryimage"},"thumbnailUrl":"https:\/\/regiaonews.net.br\/2022\/wp-content\/uploads\/2024\/01\/WhatsApp-Image-2024-01-10-at-16.49.37.jpeg","datePublished":"2024-01-11T00:31:04+00:00","dateModified":"2024-01-11T00:33:25+00:00","breadcrumb":{"@id":"https:\/\/regiaonews.net.br\/2022\/2024\/01\/10\/ferias-com-diversao-iguatemi-sao-jose-do-rio-preto-tem-parque-instagramavel-contacao-de-historias-oficinas-e-espetaculos-infantis-em-sua-programacao\/#breadcrumb"},"inLanguage":"pt-BR","potentialAction":[{"@type":"ReadAction","target":["https:\/\/regiaonews.net.br\/2022\/2024\/01\/10\/ferias-com-diversao-iguatemi-sao-jose-do-rio-preto-tem-parque-instagramavel-contacao-de-historias-oficinas-e-espetaculos-infantis-em-sua-programacao\/"]}]},{"@type":"ImageObject","inLanguage":"pt-BR","@id":"https:\/\/regiaonews.net.br\/2022\/2024\/01\/10\/ferias-com-diversao-iguatemi-sao-jose-do-rio-preto-tem-parque-instagramavel-contacao-de-historias-oficinas-e-espetaculos-infantis-em-sua-programacao\/#primaryimage","url":"https:\/\/regiaonews.net.br\/2022\/wp-content\/uploads\/2024\/01\/WhatsApp-Image-2024-01-10-at-16.49.37.jpeg","contentUrl":"https:\/\/regiaonews.net.br\/2022\/wp-content\/uploads\/2024\/01\/WhatsApp-Image-2024-01-10-at-16.49.37.jpeg","width":1600,"height":1066},{"@type":"BreadcrumbList","@id":"https:\/\/regiaonews.net.br\/2022\/2024\/01\/10\/ferias-com-diversao-iguatemi-sao-jose-do-rio-preto-tem-parque-instagramavel-contacao-de-historias-oficinas-e-espetaculos-infantis-em-sua-programacao\/#breadcrumb","itemListElement":[{"@type":"ListItem","position":1,"name":"In\u00edcio","item":"https:\/\/regiaonews.net.br\/2022\/"},{"@type":"ListItem","position":2,"name":"F\u00e9rias com divers\u00e3o: Iguatemi S\u00e3o Jos\u00e9 do Rio Preto tem parque instagram\u00e1vel, conta\u00e7\u00e3o de hist\u00f3rias, oficinas e espet\u00e1culos infantis em sua programa\u00e7\u00e3o"}]},{"@type":"WebSite","@id":"https:\/\/regiaonews.net.br\/2022\/#website","url":"https:\/\/regiaonews.net.br\/2022\/","name":"Regi\u00e3o News","description":"Site de Not\u00edcias de Barretos e regi\u00e3o","publisher":{"@id":"https:\/\/regiaonews.net.br\/2022\/#organization"},"potentialAction":[{"@type":"SearchAction","target":{"@type":"EntryPoint","urlTemplate":"https:\/\/regiaonews.net.br\/2022\/?s={search_term_string}"},"query-input":{"@type":"PropertyValueSpecification","valueRequired":true,"valueName":"search_term_string"}}],"inLanguage":"pt-BR"},{"@type":"Organization","@id":"https:\/\/regiaonews.net.br\/2022\/#organization","name":"Regi\u00e3o News","url":"https:\/\/regiaonews.net.br\/2022\/","logo":{"@type":"ImageObject","inLanguage":"pt-BR","@id":"https:\/\/regiaonews.net.br\/2022\/#\/schema\/logo\/image\/","url":"https:\/\/regiaonews.net.br\/2022\/wp-content\/uploads\/2026\/03\/regiao-13-anos-scaled.jpg","contentUrl":"https:\/\/regiaonews.net.br\/2022\/wp-content\/uploads\/2026\/03\/regiao-13-anos-scaled.jpg","width":2560,"height":635,"caption":"Regi\u00e3o News"},"image":{"@id":"https:\/\/regiaonews.net.br\/2022\/#\/schema\/logo\/image\/"}},{"@type":"Person","@id":"https:\/\/regiaonews.net.br\/2022\/#\/schema\/person\/2d205a608a5aa97ac279d7a5e6d89ad8","name":"Roberto","image":{"@type":"ImageObject","inLanguage":"pt-BR","@id":"https:\/\/secure.gravatar.com\/avatar\/42749d8b712ff9d59ca93dc150494e5b55a44134482993f5baeb97e61b7ecc89?s=96&d=mm&r=g","url":"https:\/\/secure.gravatar.com\/avatar\/42749d8b712ff9d59ca93dc150494e5b55a44134482993f5baeb97e61b7ecc89?s=96&d=mm&r=g","contentUrl":"https:\/\/secure.gravatar.com\/avatar\/42749d8b712ff9d59ca93dc150494e5b55a44134482993f5baeb97e61b7ecc89?s=96&d=mm&r=g","caption":"Roberto"},"url":"https:\/\/regiaonews.net.br\/2022\/author\/roberto\/"}]}},"publishpress_future_action":{"enabled":false,"date":"2026-05-04 09:13:27","action":"change-status","newStatus":"draft","terms":[],"taxonomy":"category","extraData":[]},"publishpress_future_workflow_manual_trigger":{"enabledWorkflows":[]},"_links":{"self":[{"href":"https:\/\/regiaonews.net.br\/2022\/wp-json\/wp\/v2\/posts\/100056","targetHints":{"allow":["GET"]}}],"collection":[{"href":"https:\/\/regiaonews.net.br\/2022\/wp-json\/wp\/v2\/posts"}],"about":[{"href":"https:\/\/regiaonews.net.br\/2022\/wp-json\/wp\/v2\/types\/post"}],"author":[{"embeddable":true,"href":"https:\/\/regiaonews.net.br\/2022\/wp-json\/wp\/v2\/users\/2"}],"replies":[{"embeddable":true,"href":"https:\/\/regiaonews.net.br\/2022\/wp-json\/wp\/v2\/comments?post=100056"}],"version-history":[{"count":1,"href":"https:\/\/regiaonews.net.br\/2022\/wp-json\/wp\/v2\/posts\/100056\/revisions"}],"predecessor-version":[{"id":100057,"href":"https:\/\/regiaonews.net.br\/2022\/wp-json\/wp\/v2\/posts\/100056\/revisions\/100057"}],"wp:featuredmedia":[{"embeddable":true,"href":"https:\/\/regiaonews.net.br\/2022\/wp-json\/wp\/v2\/media\/100058"}],"wp:attachment":[{"href":"https:\/\/regiaonews.net.br\/2022\/wp-json\/wp\/v2\/media?parent=100056"}],"wp:term":[{"taxonomy":"category","embeddable":true,"href":"https:\/\/regiaonews.net.br\/2022\/wp-json\/wp\/v2\/categories?post=100056"},{"taxonomy":"post_tag","embeddable":true,"href":"https:\/\/regiaonews.net.br\/2022\/wp-json\/wp\/v2\/tags?post=100056"}],"curies":[{"name":"wp","href":"https:\/\/api.w.org\/{rel}","templated":true}]}}