{"id":100018,"date":"2024-01-09T23:08:01","date_gmt":"2024-01-10T02:08:01","guid":{"rendered":"https:\/\/regiaonews.net.br\/2022\/?p=100018"},"modified":"2024-01-09T23:08:01","modified_gmt":"2024-01-10T02:08:01","slug":"santa-casa-de-barretos-anuncia-novas-vagas-para-medicos-residentes","status":"publish","type":"post","link":"https:\/\/regiaonews.net.br\/2022\/2024\/01\/09\/santa-casa-de-barretos-anuncia-novas-vagas-para-medicos-residentes\/","title":{"rendered":"Santa Casa de Barretos anuncia novas vagas para m\u00e9dicos residentes"},"content":{"rendered":"<p>&nbsp;<\/p>\n<p>A Santa Casa de Miseric\u00f3rdia de Barretos come\u00e7ou a divulgar o edital que regulamenta as inscri\u00e7\u00f5es em seus projetos de resid\u00eancia m\u00e9dica para 2024, no programa de Medicina de Emerg\u00eancia. As inscri\u00e7\u00f5es de m\u00e9dicos que pretendem participar do programa podem ser realizadas at\u00e9 o dia 12 de janeiro e prova acontece no dia 27 de janeiro, junto com a an\u00e1lise de curr\u00edculo do m\u00e9dico candidato. Ap\u00f3s o resultado divulgado no dia 31, e o prazo para a efetiva\u00e7\u00e3o das matr\u00edculas, os novos m\u00e9dicos residentes passam a atuar no hospital a partir do dia primeiro de mar\u00e7o.<\/p>\n<p>A resid\u00eancia m\u00e9dica \u00e9 uma etapa fundamental na forma\u00e7\u00e3o profissional de m\u00e9dicos, desempenhando um papel crucial no desenvolvimento de habilidades cl\u00ednicas, conhecimento t\u00e9cnico e experi\u00eancia pr\u00e1tica. Trata-se de um programa de treinamento p\u00f3s-graduado, oferecido em institui\u00e7\u00f5es de sa\u00fade e universidades, que proporciona aos m\u00e9dicos a oportunidade de aprimorar suas compet\u00eancias em uma especialidade espec\u00edfica. Durante a resid\u00eancia m\u00e9dica, os residentes trabalham sob a supervis\u00e3o de m\u00e9dicos mais experientes, enfrentando situa\u00e7\u00f5es cl\u00ednicas reais, lidando com pacientes e tomando decis\u00f5es m\u00e9dicas. Este per\u00edodo intensivo de treinamento oferece uma imers\u00e3o pr\u00e1tica no campo escolhido, permitindo que os profissionais de sa\u00fade adquiram conhecimentos avan\u00e7ados e desenvolvam habilidades especializadas.<\/p>\n<p>O programa de resid\u00eancia m\u00e9dica da Santa Casa \u00e9 reconhecido pelo Minist\u00e9rio de Educa\u00e7\u00e3o e Cultura (MEC), e oferece vagas nas \u00e1reas de medicina de emerg\u00eancia, cl\u00ednica m\u00e9dica, cirurgia geral, ginecologia e obstetr\u00edcia, pediatria e medicina preventiva. Durante toda a fase de especializa\u00e7\u00e3o, os residentes s\u00e3o acompanhados por um preceptor: professor que ensina um pequeno grupo de residentes, focando a pr\u00e1tica cl\u00ednica e o desenvolvimento de habilidades necess\u00e1rias para o desempenho espec\u00edfico. A Resid\u00eancia M\u00e9dica \u00e9 regulamentada por legisla\u00e7\u00e3o espec\u00edfica, lei n\u00ba 6.932, de julho de 1981, e pelas resolu\u00e7\u00f5es de seu \u00f3rg\u00e3o m\u00e1ximo, a Comiss\u00e3o Nacional de Resid\u00eancia M\u00e9dica (CNRM), em n\u00edvel nacional, pelas Comiss\u00f5es Estaduais (CEREM), no \u00e2mbito estadual, e pelas Comiss\u00f5es de Resid\u00eancia M\u00e9dica (COREME), nas institui\u00e7\u00f5es. O programa da Santa Casa \u00e9 regulamento pela sua matriz de compet\u00eancia, a resolu\u00e7\u00e3o da Comiss\u00e3o Nacional de Resid\u00eancia M\u00e9dica \u2013 CNRM, nesta matriz de compet\u00eancia est\u00e1 descrito os requisitos m\u00ednimos quem a Institui\u00e7\u00e3o tem que seguir para que possa formar residentes, ou seja, \u00e9 um passo a passo do ensinamento que se deve ser passado.<\/p>\n<p>O coordenador m\u00e9dico Dr. Pedro Rizzo, pontua que \u201cpara abertura de um programa de resid\u00eancia n\u00e3o \u00e9 t\u00e3o simples, pois \u00e9 necess\u00e1rio montar um projeto pedag\u00f3gico, inserir em um sistema da Comiss\u00e3o Nacional de Resid\u00eancia M\u00e9dica \u2013 CNRM, ap\u00f3s a inser\u00e7\u00e3o no sistema, o projeto entra em um status de \u201cAgendamento de Visita\u201d, onde a Santa Casa recebe uma visita de m\u00e9dicos avaliadores, a partir da\u00ed \u00e9 que define-se se o hospital tem condi\u00e7\u00f5es para abrir este programa, a solicita\u00e7\u00e3o passa ent\u00e3o em plen\u00e1rio da Comiss\u00e3o Nacional de Resid\u00eancia M\u00e9dica \u2013 CRM, a qual dar\u00e1 ou n\u00e3o autoriza\u00e7\u00e3o da abertura do programa\u201d, explica.<\/p>\n<p>O coordenador do Coreme da Santa Casa, Helton Mondine Santos, explica que \u201catualmente s\u00e3o 88 m\u00e9dicos realizando sua resid\u00eancia na Santa Casa de Barretos, em 15 especialidades, circulando nas cl\u00ednicas e cir\u00fargicas. Em fevereiro de 2024 ser\u00e3o formados 19 m\u00e9dicos residentes, todos aptos para o mercado de trabalho, ou para realizar uma subespecializa\u00e7\u00e3o, ou seja, uma nova resid\u00eancia. Tamb\u00e9m temos aqueles que a Santa Casa, em sua necessidade, absorver\u00e1 para seu corpo cl\u00ednico\u201d, diz ele.<\/p>\n<p>Ainda segundo Helton, \u201cna pr\u00e1tica, al\u00e9m de formar especialistas muito mais conscientes sobre o dia a dia de um hospital, a resid\u00eancia m\u00e9dica traz maior humaniza\u00e7\u00e3o no atendimento na Santa Casa, pois com a maior quantidade de m\u00e9dicos, e \u00e9 importante frisar que todo residente \u00e9 um m\u00e9dico devidamente formado, o volume de pacientes atendidos com qualidade \u00e9 maior. Esses profissionais e seus preceptores est\u00e3o focados em buscar as t\u00e9cnicas e m\u00e9todos mais inovadores para solu\u00e7\u00f5es em tratamentos m\u00e9dicos, ganham os pacientes que tem \u00e0 sua disposi\u00e7\u00e3o profissionais extremamente comprometidos. E fa\u00e7o quest\u00e3o de enaltecer todo esfor\u00e7o do corpo cl\u00ednico da Santa Casa e principalmente os membros da COREME pelo empenho na luta di\u00e1ria para formarmos profissionais de qualidade e pela dedica\u00e7\u00e3o em ensinar. E tudo pelo SUS\u201d, ressalta Helton.<\/p>\n<p>Para conhecer na \u00edntegra o edital interno, que est em andamento do programa de Medicina de Emerg\u00eancia que regulamenta o ingresso de novos m\u00e9dicos residentes na Santa Casa de Miseric\u00f3rdia de Barretos, basta acessar o endere\u00e7o: http:\/\/santacasabarretos.com.br\/processo-seletivo\/ . E dos demais programas os quais participam do edital Secretaria da Sa\u00fade do Estado de SP, que est\u00e1 em andamento, segue o link: https:\/\/www.quadrix.org.br\/todos-os-concursos\/em-andamento\/sus-sp-rm-2024.aspx<\/p>\n<p>_<\/p>\n","protected":false},"excerpt":{"rendered":"<p>&nbsp; A Santa Casa de Miseric\u00f3rdia de Barretos come\u00e7ou a<\/p>\n","protected":false},"author":2,"featured_media":100019,"comment_status":"open","ping_status":"open","sticky":false,"template":"","format":"standard","meta":{"footnotes":""},"categories":[14,25],"tags":[],"class_list":["post-100018","post","type-post","status-publish","format-standard","has-post-thumbnail","hentry","category-barretos","category-cidades"],"yoast_head":"<!-- This site is optimized with the Yoast SEO plugin v27.4 - https:\/\/yoast.com\/product\/yoast-seo-wordpress\/ -->\n<title>Santa Casa de Barretos anuncia novas vagas para m\u00e9dicos residentes - Regi\u00e3o News<\/title>\n<meta name=\"robots\" content=\"index, follow, max-snippet:-1, max-image-preview:large, max-video-preview:-1\" \/>\n<link rel=\"canonical\" href=\"https:\/\/regiaonews.net.br\/2022\/2024\/01\/09\/santa-casa-de-barretos-anuncia-novas-vagas-para-medicos-residentes\/\" \/>\n<meta property=\"og:locale\" content=\"pt_BR\" \/>\n<meta property=\"og:type\" content=\"article\" \/>\n<meta property=\"og:title\" content=\"Santa Casa de Barretos anuncia novas vagas para m\u00e9dicos residentes - Regi\u00e3o News\" \/>\n<meta property=\"og:description\" content=\"&nbsp; A Santa Casa de Miseric\u00f3rdia de Barretos come\u00e7ou a\" \/>\n<meta property=\"og:url\" content=\"https:\/\/regiaonews.net.br\/2022\/2024\/01\/09\/santa-casa-de-barretos-anuncia-novas-vagas-para-medicos-residentes\/\" \/>\n<meta property=\"og:site_name\" content=\"Regi\u00e3o News\" \/>\n<meta property=\"article:published_time\" content=\"2024-01-10T02:08:01+00:00\" \/>\n<meta property=\"og:image\" content=\"https:\/\/regiaonews.net.br\/2022\/wp-content\/uploads\/2024\/01\/IMG-20240109-WA0341.jpg\" \/>\n\t<meta property=\"og:image:width\" content=\"1600\" \/>\n\t<meta property=\"og:image:height\" content=\"1066\" \/>\n\t<meta property=\"og:image:type\" content=\"image\/jpeg\" \/>\n<meta name=\"author\" content=\"Roberto\" \/>\n<meta name=\"twitter:card\" content=\"summary_large_image\" \/>\n<meta name=\"twitter:label1\" content=\"Escrito por\" \/>\n\t<meta name=\"twitter:data1\" content=\"Roberto\" \/>\n\t<meta name=\"twitter:label2\" content=\"Est. tempo de leitura\" \/>\n\t<meta name=\"twitter:data2\" content=\"5 minutos\" \/>\n<script type=\"application\/ld+json\" class=\"yoast-schema-graph\">{\"@context\":\"https:\\\/\\\/schema.org\",\"@graph\":[{\"@type\":\"Article\",\"@id\":\"https:\\\/\\\/regiaonews.net.br\\\/2022\\\/2024\\\/01\\\/09\\\/santa-casa-de-barretos-anuncia-novas-vagas-para-medicos-residentes\\\/#article\",\"isPartOf\":{\"@id\":\"https:\\\/\\\/regiaonews.net.br\\\/2022\\\/2024\\\/01\\\/09\\\/santa-casa-de-barretos-anuncia-novas-vagas-para-medicos-residentes\\\/\"},\"author\":{\"name\":\"Roberto\",\"@id\":\"https:\\\/\\\/regiaonews.net.br\\\/2022\\\/#\\\/schema\\\/person\\\/2d205a608a5aa97ac279d7a5e6d89ad8\"},\"headline\":\"Santa Casa de Barretos anuncia novas vagas para m\u00e9dicos residentes\",\"datePublished\":\"2024-01-10T02:08:01+00:00\",\"mainEntityOfPage\":{\"@id\":\"https:\\\/\\\/regiaonews.net.br\\\/2022\\\/2024\\\/01\\\/09\\\/santa-casa-de-barretos-anuncia-novas-vagas-para-medicos-residentes\\\/\"},\"wordCount\":881,\"commentCount\":0,\"publisher\":{\"@id\":\"https:\\\/\\\/regiaonews.net.br\\\/2022\\\/#organization\"},\"image\":{\"@id\":\"https:\\\/\\\/regiaonews.net.br\\\/2022\\\/2024\\\/01\\\/09\\\/santa-casa-de-barretos-anuncia-novas-vagas-para-medicos-residentes\\\/#primaryimage\"},\"thumbnailUrl\":\"https:\\\/\\\/regiaonews.net.br\\\/2022\\\/wp-content\\\/uploads\\\/2024\\\/01\\\/IMG-20240109-WA0341.jpg\",\"articleSection\":[\"Barretos\",\"Cidades\"],\"inLanguage\":\"pt-BR\",\"potentialAction\":[{\"@type\":\"CommentAction\",\"name\":\"Comment\",\"target\":[\"https:\\\/\\\/regiaonews.net.br\\\/2022\\\/2024\\\/01\\\/09\\\/santa-casa-de-barretos-anuncia-novas-vagas-para-medicos-residentes\\\/#respond\"]}]},{\"@type\":\"WebPage\",\"@id\":\"https:\\\/\\\/regiaonews.net.br\\\/2022\\\/2024\\\/01\\\/09\\\/santa-casa-de-barretos-anuncia-novas-vagas-para-medicos-residentes\\\/\",\"url\":\"https:\\\/\\\/regiaonews.net.br\\\/2022\\\/2024\\\/01\\\/09\\\/santa-casa-de-barretos-anuncia-novas-vagas-para-medicos-residentes\\\/\",\"name\":\"Santa Casa de Barretos anuncia novas vagas para m\u00e9dicos residentes - Regi\u00e3o News\",\"isPartOf\":{\"@id\":\"https:\\\/\\\/regiaonews.net.br\\\/2022\\\/#website\"},\"primaryImageOfPage\":{\"@id\":\"https:\\\/\\\/regiaonews.net.br\\\/2022\\\/2024\\\/01\\\/09\\\/santa-casa-de-barretos-anuncia-novas-vagas-para-medicos-residentes\\\/#primaryimage\"},\"image\":{\"@id\":\"https:\\\/\\\/regiaonews.net.br\\\/2022\\\/2024\\\/01\\\/09\\\/santa-casa-de-barretos-anuncia-novas-vagas-para-medicos-residentes\\\/#primaryimage\"},\"thumbnailUrl\":\"https:\\\/\\\/regiaonews.net.br\\\/2022\\\/wp-content\\\/uploads\\\/2024\\\/01\\\/IMG-20240109-WA0341.jpg\",\"datePublished\":\"2024-01-10T02:08:01+00:00\",\"breadcrumb\":{\"@id\":\"https:\\\/\\\/regiaonews.net.br\\\/2022\\\/2024\\\/01\\\/09\\\/santa-casa-de-barretos-anuncia-novas-vagas-para-medicos-residentes\\\/#breadcrumb\"},\"inLanguage\":\"pt-BR\",\"potentialAction\":[{\"@type\":\"ReadAction\",\"target\":[\"https:\\\/\\\/regiaonews.net.br\\\/2022\\\/2024\\\/01\\\/09\\\/santa-casa-de-barretos-anuncia-novas-vagas-para-medicos-residentes\\\/\"]}]},{\"@type\":\"ImageObject\",\"inLanguage\":\"pt-BR\",\"@id\":\"https:\\\/\\\/regiaonews.net.br\\\/2022\\\/2024\\\/01\\\/09\\\/santa-casa-de-barretos-anuncia-novas-vagas-para-medicos-residentes\\\/#primaryimage\",\"url\":\"https:\\\/\\\/regiaonews.net.br\\\/2022\\\/wp-content\\\/uploads\\\/2024\\\/01\\\/IMG-20240109-WA0341.jpg\",\"contentUrl\":\"https:\\\/\\\/regiaonews.net.br\\\/2022\\\/wp-content\\\/uploads\\\/2024\\\/01\\\/IMG-20240109-WA0341.jpg\",\"width\":1600,\"height\":1066},{\"@type\":\"BreadcrumbList\",\"@id\":\"https:\\\/\\\/regiaonews.net.br\\\/2022\\\/2024\\\/01\\\/09\\\/santa-casa-de-barretos-anuncia-novas-vagas-para-medicos-residentes\\\/#breadcrumb\",\"itemListElement\":[{\"@type\":\"ListItem\",\"position\":1,\"name\":\"In\u00edcio\",\"item\":\"https:\\\/\\\/regiaonews.net.br\\\/2022\\\/\"},{\"@type\":\"ListItem\",\"position\":2,\"name\":\"Santa Casa de Barretos anuncia novas vagas para m\u00e9dicos residentes\"}]},{\"@type\":\"WebSite\",\"@id\":\"https:\\\/\\\/regiaonews.net.br\\\/2022\\\/#website\",\"url\":\"https:\\\/\\\/regiaonews.net.br\\\/2022\\\/\",\"name\":\"Regi\u00e3o News\",\"description\":\"Site de Not\u00edcias de Barretos e regi\u00e3o\",\"publisher\":{\"@id\":\"https:\\\/\\\/regiaonews.net.br\\\/2022\\\/#organization\"},\"potentialAction\":[{\"@type\":\"SearchAction\",\"target\":{\"@type\":\"EntryPoint\",\"urlTemplate\":\"https:\\\/\\\/regiaonews.net.br\\\/2022\\\/?s={search_term_string}\"},\"query-input\":{\"@type\":\"PropertyValueSpecification\",\"valueRequired\":true,\"valueName\":\"search_term_string\"}}],\"inLanguage\":\"pt-BR\"},{\"@type\":\"Organization\",\"@id\":\"https:\\\/\\\/regiaonews.net.br\\\/2022\\\/#organization\",\"name\":\"Regi\u00e3o News\",\"url\":\"https:\\\/\\\/regiaonews.net.br\\\/2022\\\/\",\"logo\":{\"@type\":\"ImageObject\",\"inLanguage\":\"pt-BR\",\"@id\":\"https:\\\/\\\/regiaonews.net.br\\\/2022\\\/#\\\/schema\\\/logo\\\/image\\\/\",\"url\":\"https:\\\/\\\/regiaonews.net.br\\\/2022\\\/wp-content\\\/uploads\\\/2026\\\/03\\\/regiao-13-anos-scaled.jpg\",\"contentUrl\":\"https:\\\/\\\/regiaonews.net.br\\\/2022\\\/wp-content\\\/uploads\\\/2026\\\/03\\\/regiao-13-anos-scaled.jpg\",\"width\":2560,\"height\":635,\"caption\":\"Regi\u00e3o News\"},\"image\":{\"@id\":\"https:\\\/\\\/regiaonews.net.br\\\/2022\\\/#\\\/schema\\\/logo\\\/image\\\/\"}},{\"@type\":\"Person\",\"@id\":\"https:\\\/\\\/regiaonews.net.br\\\/2022\\\/#\\\/schema\\\/person\\\/2d205a608a5aa97ac279d7a5e6d89ad8\",\"name\":\"Roberto\",\"image\":{\"@type\":\"ImageObject\",\"inLanguage\":\"pt-BR\",\"@id\":\"https:\\\/\\\/secure.gravatar.com\\\/avatar\\\/42749d8b712ff9d59ca93dc150494e5b55a44134482993f5baeb97e61b7ecc89?s=96&d=mm&r=g\",\"url\":\"https:\\\/\\\/secure.gravatar.com\\\/avatar\\\/42749d8b712ff9d59ca93dc150494e5b55a44134482993f5baeb97e61b7ecc89?s=96&d=mm&r=g\",\"contentUrl\":\"https:\\\/\\\/secure.gravatar.com\\\/avatar\\\/42749d8b712ff9d59ca93dc150494e5b55a44134482993f5baeb97e61b7ecc89?s=96&d=mm&r=g\",\"caption\":\"Roberto\"},\"url\":\"https:\\\/\\\/regiaonews.net.br\\\/2022\\\/author\\\/roberto\\\/\"}]}<\/script>\n<!-- \/ Yoast SEO plugin. -->","yoast_head_json":{"title":"Santa Casa de Barretos anuncia novas vagas para m\u00e9dicos residentes - Regi\u00e3o News","robots":{"index":"index","follow":"follow","max-snippet":"max-snippet:-1","max-image-preview":"max-image-preview:large","max-video-preview":"max-video-preview:-1"},"canonical":"https:\/\/regiaonews.net.br\/2022\/2024\/01\/09\/santa-casa-de-barretos-anuncia-novas-vagas-para-medicos-residentes\/","og_locale":"pt_BR","og_type":"article","og_title":"Santa Casa de Barretos anuncia novas vagas para m\u00e9dicos residentes - Regi\u00e3o News","og_description":"&nbsp; A Santa Casa de Miseric\u00f3rdia de Barretos come\u00e7ou a","og_url":"https:\/\/regiaonews.net.br\/2022\/2024\/01\/09\/santa-casa-de-barretos-anuncia-novas-vagas-para-medicos-residentes\/","og_site_name":"Regi\u00e3o News","article_published_time":"2024-01-10T02:08:01+00:00","og_image":[{"width":1600,"height":1066,"url":"https:\/\/regiaonews.net.br\/2022\/wp-content\/uploads\/2024\/01\/IMG-20240109-WA0341.jpg","type":"image\/jpeg"}],"author":"Roberto","twitter_card":"summary_large_image","twitter_misc":{"Escrito por":"Roberto","Est. tempo de leitura":"5 minutos"},"schema":{"@context":"https:\/\/schema.org","@graph":[{"@type":"Article","@id":"https:\/\/regiaonews.net.br\/2022\/2024\/01\/09\/santa-casa-de-barretos-anuncia-novas-vagas-para-medicos-residentes\/#article","isPartOf":{"@id":"https:\/\/regiaonews.net.br\/2022\/2024\/01\/09\/santa-casa-de-barretos-anuncia-novas-vagas-para-medicos-residentes\/"},"author":{"name":"Roberto","@id":"https:\/\/regiaonews.net.br\/2022\/#\/schema\/person\/2d205a608a5aa97ac279d7a5e6d89ad8"},"headline":"Santa Casa de Barretos anuncia novas vagas para m\u00e9dicos residentes","datePublished":"2024-01-10T02:08:01+00:00","mainEntityOfPage":{"@id":"https:\/\/regiaonews.net.br\/2022\/2024\/01\/09\/santa-casa-de-barretos-anuncia-novas-vagas-para-medicos-residentes\/"},"wordCount":881,"commentCount":0,"publisher":{"@id":"https:\/\/regiaonews.net.br\/2022\/#organization"},"image":{"@id":"https:\/\/regiaonews.net.br\/2022\/2024\/01\/09\/santa-casa-de-barretos-anuncia-novas-vagas-para-medicos-residentes\/#primaryimage"},"thumbnailUrl":"https:\/\/regiaonews.net.br\/2022\/wp-content\/uploads\/2024\/01\/IMG-20240109-WA0341.jpg","articleSection":["Barretos","Cidades"],"inLanguage":"pt-BR","potentialAction":[{"@type":"CommentAction","name":"Comment","target":["https:\/\/regiaonews.net.br\/2022\/2024\/01\/09\/santa-casa-de-barretos-anuncia-novas-vagas-para-medicos-residentes\/#respond"]}]},{"@type":"WebPage","@id":"https:\/\/regiaonews.net.br\/2022\/2024\/01\/09\/santa-casa-de-barretos-anuncia-novas-vagas-para-medicos-residentes\/","url":"https:\/\/regiaonews.net.br\/2022\/2024\/01\/09\/santa-casa-de-barretos-anuncia-novas-vagas-para-medicos-residentes\/","name":"Santa Casa de Barretos anuncia novas vagas para m\u00e9dicos residentes - Regi\u00e3o News","isPartOf":{"@id":"https:\/\/regiaonews.net.br\/2022\/#website"},"primaryImageOfPage":{"@id":"https:\/\/regiaonews.net.br\/2022\/2024\/01\/09\/santa-casa-de-barretos-anuncia-novas-vagas-para-medicos-residentes\/#primaryimage"},"image":{"@id":"https:\/\/regiaonews.net.br\/2022\/2024\/01\/09\/santa-casa-de-barretos-anuncia-novas-vagas-para-medicos-residentes\/#primaryimage"},"thumbnailUrl":"https:\/\/regiaonews.net.br\/2022\/wp-content\/uploads\/2024\/01\/IMG-20240109-WA0341.jpg","datePublished":"2024-01-10T02:08:01+00:00","breadcrumb":{"@id":"https:\/\/regiaonews.net.br\/2022\/2024\/01\/09\/santa-casa-de-barretos-anuncia-novas-vagas-para-medicos-residentes\/#breadcrumb"},"inLanguage":"pt-BR","potentialAction":[{"@type":"ReadAction","target":["https:\/\/regiaonews.net.br\/2022\/2024\/01\/09\/santa-casa-de-barretos-anuncia-novas-vagas-para-medicos-residentes\/"]}]},{"@type":"ImageObject","inLanguage":"pt-BR","@id":"https:\/\/regiaonews.net.br\/2022\/2024\/01\/09\/santa-casa-de-barretos-anuncia-novas-vagas-para-medicos-residentes\/#primaryimage","url":"https:\/\/regiaonews.net.br\/2022\/wp-content\/uploads\/2024\/01\/IMG-20240109-WA0341.jpg","contentUrl":"https:\/\/regiaonews.net.br\/2022\/wp-content\/uploads\/2024\/01\/IMG-20240109-WA0341.jpg","width":1600,"height":1066},{"@type":"BreadcrumbList","@id":"https:\/\/regiaonews.net.br\/2022\/2024\/01\/09\/santa-casa-de-barretos-anuncia-novas-vagas-para-medicos-residentes\/#breadcrumb","itemListElement":[{"@type":"ListItem","position":1,"name":"In\u00edcio","item":"https:\/\/regiaonews.net.br\/2022\/"},{"@type":"ListItem","position":2,"name":"Santa Casa de Barretos anuncia novas vagas para m\u00e9dicos residentes"}]},{"@type":"WebSite","@id":"https:\/\/regiaonews.net.br\/2022\/#website","url":"https:\/\/regiaonews.net.br\/2022\/","name":"Regi\u00e3o News","description":"Site de Not\u00edcias de Barretos e regi\u00e3o","publisher":{"@id":"https:\/\/regiaonews.net.br\/2022\/#organization"},"potentialAction":[{"@type":"SearchAction","target":{"@type":"EntryPoint","urlTemplate":"https:\/\/regiaonews.net.br\/2022\/?s={search_term_string}"},"query-input":{"@type":"PropertyValueSpecification","valueRequired":true,"valueName":"search_term_string"}}],"inLanguage":"pt-BR"},{"@type":"Organization","@id":"https:\/\/regiaonews.net.br\/2022\/#organization","name":"Regi\u00e3o News","url":"https:\/\/regiaonews.net.br\/2022\/","logo":{"@type":"ImageObject","inLanguage":"pt-BR","@id":"https:\/\/regiaonews.net.br\/2022\/#\/schema\/logo\/image\/","url":"https:\/\/regiaonews.net.br\/2022\/wp-content\/uploads\/2026\/03\/regiao-13-anos-scaled.jpg","contentUrl":"https:\/\/regiaonews.net.br\/2022\/wp-content\/uploads\/2026\/03\/regiao-13-anos-scaled.jpg","width":2560,"height":635,"caption":"Regi\u00e3o News"},"image":{"@id":"https:\/\/regiaonews.net.br\/2022\/#\/schema\/logo\/image\/"}},{"@type":"Person","@id":"https:\/\/regiaonews.net.br\/2022\/#\/schema\/person\/2d205a608a5aa97ac279d7a5e6d89ad8","name":"Roberto","image":{"@type":"ImageObject","inLanguage":"pt-BR","@id":"https:\/\/secure.gravatar.com\/avatar\/42749d8b712ff9d59ca93dc150494e5b55a44134482993f5baeb97e61b7ecc89?s=96&d=mm&r=g","url":"https:\/\/secure.gravatar.com\/avatar\/42749d8b712ff9d59ca93dc150494e5b55a44134482993f5baeb97e61b7ecc89?s=96&d=mm&r=g","contentUrl":"https:\/\/secure.gravatar.com\/avatar\/42749d8b712ff9d59ca93dc150494e5b55a44134482993f5baeb97e61b7ecc89?s=96&d=mm&r=g","caption":"Roberto"},"url":"https:\/\/regiaonews.net.br\/2022\/author\/roberto\/"}]}},"publishpress_future_action":{"enabled":false,"date":"2026-05-04 04:09:58","action":"change-status","newStatus":"draft","terms":[],"taxonomy":"category","extraData":[]},"publishpress_future_workflow_manual_trigger":{"enabledWorkflows":[]},"_links":{"self":[{"href":"https:\/\/regiaonews.net.br\/2022\/wp-json\/wp\/v2\/posts\/100018","targetHints":{"allow":["GET"]}}],"collection":[{"href":"https:\/\/regiaonews.net.br\/2022\/wp-json\/wp\/v2\/posts"}],"about":[{"href":"https:\/\/regiaonews.net.br\/2022\/wp-json\/wp\/v2\/types\/post"}],"author":[{"embeddable":true,"href":"https:\/\/regiaonews.net.br\/2022\/wp-json\/wp\/v2\/users\/2"}],"replies":[{"embeddable":true,"href":"https:\/\/regiaonews.net.br\/2022\/wp-json\/wp\/v2\/comments?post=100018"}],"version-history":[{"count":1,"href":"https:\/\/regiaonews.net.br\/2022\/wp-json\/wp\/v2\/posts\/100018\/revisions"}],"predecessor-version":[{"id":100020,"href":"https:\/\/regiaonews.net.br\/2022\/wp-json\/wp\/v2\/posts\/100018\/revisions\/100020"}],"wp:featuredmedia":[{"embeddable":true,"href":"https:\/\/regiaonews.net.br\/2022\/wp-json\/wp\/v2\/media\/100019"}],"wp:attachment":[{"href":"https:\/\/regiaonews.net.br\/2022\/wp-json\/wp\/v2\/media?parent=100018"}],"wp:term":[{"taxonomy":"category","embeddable":true,"href":"https:\/\/regiaonews.net.br\/2022\/wp-json\/wp\/v2\/categories?post=100018"},{"taxonomy":"post_tag","embeddable":true,"href":"https:\/\/regiaonews.net.br\/2022\/wp-json\/wp\/v2\/tags?post=100018"}],"curies":[{"name":"wp","href":"https:\/\/api.w.org\/{rel}","templated":true}]}}